{"id":2059,"date":"2026-02-02T12:44:14","date_gmt":"2026-02-02T12:44:14","guid":{"rendered":"https:\/\/www.samoobronapoznan.pl\/?p=2059"},"modified":"2026-02-02T12:44:15","modified_gmt":"2026-02-02T12:44:15","slug":"warsztaty-dla-mlodziezy-poznan-rozwijajace-ferie-2026-i-umiejetnosci-na-cale-zycie","status":"publish","type":"post","link":"https:\/\/www.samoobronapoznan.pl\/?p=2059","title":{"rendered":"Warsztaty dla m\u0142odzie\u017cy Pozna\u0144 \u2013 rozwijaj\u0105ce ferie 2026 i umiej\u0119tno\u015bci na ca\u0142e \u017cycie"},"content":{"rendered":"\n<article>\n  <h1>Warsztaty dla m\u0142odzie\u017cy Pozna\u0144 \u2013 rozwijaj\u0105ce ferie 2026 i umiej\u0119tno\u015bci na ca\u0142e \u017cycie<\/h1>\n\n  <p>\n    Ferie to nie tylko odpoczynek i \u201ereset\u201d od szko\u0142y. To tak\u017ce \u015bwietny moment, by da\u0107 nastolatkowi co\u015b, co naprawd\u0119 zostaje na lata:\n    pewno\u015b\u0107 siebie, lepsz\u0105 reakcj\u0119 na stres i konkretne umiej\u0119tno\u015bci przydatne w codziennym \u017cyciu. Je\u015bli wpisujesz w Google\n    <strong>\u201ewarsztaty dla m\u0142odzie\u017cy Pozna\u0144\u201d<\/strong> albo zastanawiasz si\u0119, jak sensownie wykorzysta\u0107 <strong>ferie 2026 Pozna\u0144<\/strong>,\n    ten artyku\u0142 jest dla Ciebie. Nasze warsztaty \u0142\u0105cz\u0105 dwa kluczowe obszary: samoobron\u0119 (Krav Maga) oraz praktyczny blok pierwszej pomocy.\n  <\/p>\n\n  <h2>Dlaczego ferie 2026 Pozna\u0144 to dobry moment na warsztaty?<\/h2>\n  <p>\n    Ko\u0144c\u00f3wka ferii cz\u0119sto wygl\u0105da tak samo: telefon, komputer, nuda i \u201eco by tu jeszcze zrobi\u0107?\u201d. Tymczasem zaj\u0119cia warsztatowe s\u0105 idealnym\n    rozwi\u0105zaniem dla m\u0142odzie\u017cy \u2013 bo \u0142\u0105cz\u0105 ruch, kontakt z r\u00f3wie\u015bnikami i nauk\u0119 realnych kompetencji. Dobrze poprowadzone treningi nie s\u0105\n    \u201ekursami walki\u201d, tylko rozs\u0105dn\u0105 edukacj\u0105 bezpiecze\u0144stwa: jak unika\u0107 ryzyka, jak stawia\u0107 granice, jak nie da\u0107 si\u0119 wci\u0105gn\u0105\u0107 w konflikt\n    i jak zachowa\u0107 si\u0119, gdy w gr\u0119 wchodzi zdrowie lub \u017cycie.\n  <\/p>\n  <p>\n    W praktyce nastolatki wracaj\u0105 z zaj\u0119\u0107 z poczuciem: \u201eumiem wi\u0119cej, jestem spokojniejszy\/a, wiem co robi\u0107\u201d. To bezcenne \u2013 zw\u0142aszcza w wieku,\n    gdy m\u0142ody cz\u0142owiek buduje pewno\u015b\u0107 siebie i uczy si\u0119 samodzielno\u015bci.\n  <\/p>\n\n  <h2>Warsztaty dla m\u0142odzie\u017cy Pozna\u0144 \u2013 co \u0107wiczymy na zaj\u0119ciach?<\/h2>\n  <p>\n    Nasze zaj\u0119cia s\u0105 skonstruowane tak, by by\u0142y zrozumia\u0142e i bezpieczne dla uczestnik\u00f3w w wieku 12\u201317 lat (r\u00f3wnie\u017c dla os\u00f3b pocz\u0105tkuj\u0105cych).\n    Skupiamy si\u0119 na tym, co najcz\u0119\u015bciej pojawia si\u0119 w \u017cyciu nastolatk\u00f3w: szko\u0142a, osiedle, powr\u00f3t po treningu, przystanek, galeria handlowa,\n    sytuacje z r\u00f3wie\u015bnikami i obcymi.\n  <\/p>\n\n  <h3>1) Samoobrona (Krav Maga) \u2013 bez \u201ekombinowania\u201d, za to z zasadami<\/h3>\n  <p>\n    Celem nie jest \u201ewygrywanie b\u00f3jek\u201d. Celem jest <strong>bezpiecze\u0144stwo<\/strong>. Dlatego uczymy nastolatk\u00f3w prostych schemat\u00f3w dzia\u0142ania,\n    kt\u00f3re \u0142atwo zapami\u0119ta\u0107 i odtworzy\u0107 w stresie. Pracujemy m.in. nad:\n  <\/p>\n  <ul>\n    <li><strong>profilaktyk\u0105 i \u015bwiadomo\u015bci\u0105<\/strong> \u2013 rozpoznawanie ryzyka, dystans, \u201eczytanie\u201d sytuacji<\/li>\n    <li><strong>asertywno\u015bci\u0105<\/strong> \u2013 komunikat, postawa cia\u0142a, ton g\u0142osu, stawianie granic<\/li>\n    <li><strong>deeskalacj\u0105<\/strong> \u2013 jak nie wej\u015b\u0107 w konflikt i nie da\u0107 si\u0119 sprowokowa\u0107<\/li>\n    <li><strong>reakcj\u0105 w stresie<\/strong> \u2013 proste kroki, kt\u00f3re minimalizuj\u0105 chaos i panik\u0119<\/li>\n    <li><strong>uwolnieniami z chwyt\u00f3w<\/strong> \u2013 typowe sytuacje: za r\u0119k\u0119, za ubranie, pr\u00f3ba przytrzymania<\/li>\n    <li><strong>podstawowymi technikami<\/strong> \u2013 dopasowanymi do wieku i mo\u017cliwo\u015bci, w bezpiecznej formule treningowej<\/li>\n  <\/ul>\n\n  <h3>2) Pierwsza pomoc dla nastolatk\u00f3w Pozna\u0144 \u2013 umiej\u0119tno\u015b\u0107, kt\u00f3ra mo\u017ce uratowa\u0107 \u017cycie<\/h3>\n  <p>\n    Druga cz\u0119\u015b\u0107 to praktyczny blok <strong>pierwsza pomoc dla nastolatk\u00f3w Pozna\u0144<\/strong>. Tu nie ma teorii \u201epod podr\u0119cznik\u201d \u2013 jest realne dzia\u0142anie:\n    \u0107wiczenia na fantomie, proste procedury i powtarzanie do momentu, a\u017c ruchy stan\u0105 si\u0119 naturalne. Uczestnicy ucz\u0105 si\u0119:\n  <\/p>\n  <ul>\n    <li><strong>RKO<\/strong> (resuscytacji kr\u0105\u017ceniowo-oddechowej) \u2013 krok po kroku<\/li>\n    <li><strong>AED<\/strong> \u2013 jak u\u017cy\u0107 defibrylatora i czego unika\u0107<\/li>\n    <li>post\u0119powania przy <strong>zad\u0142awieniu<\/strong><\/li>\n    <li>tamowania <strong>krwotok\u00f3w<\/strong> i podstaw przy urazach<\/li>\n    <li>wezwania pomocy \u2013 <strong>112<\/strong> bez stresu: co m\u00f3wi\u0107 i jak szybko przekaza\u0107 informacje<\/li>\n  <\/ul>\n\n  <p>\n    To w\u0142a\u015bnie dlatego rodzice tak cz\u0119sto szukaj\u0105 zaj\u0119\u0107 \u0142\u0105cz\u0105cych bezpiecze\u0144stwo z praktyk\u0105. Je\u015bli interesuj\u0105 Ci\u0119\n    <strong>warsztaty dla m\u0142odzie\u017cy Pozna\u0144<\/strong> w czasie <strong>ferie 2026 Pozna\u0144<\/strong>, warto wybra\u0107 wydarzenie,\n    kt\u00f3re daje realny efekt: wi\u0119ksz\u0105 pewno\u015b\u0107 siebie i gotowo\u015b\u0107 do dzia\u0142ania.\n  <\/p>\n\n  <h2>Dla kogo s\u0105 warsztaty?<\/h2>\n  <p>\n    Zaj\u0119cia s\u0105 dla dziewcz\u0105t i ch\u0142opc\u00f3w w wieku 12\u201317 lat. Nie wymagamy do\u015bwiadczenia ani sportowej formy. Wszystko t\u0142umaczymy od podstaw,\n    a tempo dopasowujemy do grupy. Stawiamy na bezpiecze\u0144stwo, jasne zasady i atmosfer\u0119, w kt\u00f3rej m\u0142odzie\u017c nie boi si\u0119 pyta\u0107 i \u0107wiczy\u0107.\n  <\/p>\n\n  <h2>Gdzie odbywaj\u0105 si\u0119 zaj\u0119cia? Halkownia w Poznaniu<\/h2>\n  <p>\n    Warsztaty realizujemy w sprawdzonym miejscu treningowym:\n    <a href=\"https:\/\/www.halkownia.pl\" target=\"_blank\" rel=\"noopener\">Halkownia<\/a>.\n    Dobre warunki i odpowiednia przestrze\u0144 maj\u0105 znaczenie \u2013 szczeg\u00f3lnie wtedy, gdy pracujemy scenariuszowo i \u0107wiczymy w parach.\n  <\/p>\n\n  <h2>Termin, koszt i zapisy \u2013 ferie 2026 Pozna\u0144<\/h2>\n  <p>\n    Najbli\u017csza edycja w Poznaniu odb\u0119dzie si\u0119:\n  <\/p>\n  <ul>\n    <li><strong>Data:<\/strong> 20.02.2026<\/li>\n    <li><strong>Godziny:<\/strong> 11:00\u201315:00<\/li>\n    <li><strong>Koszt:<\/strong> 140 z\u0142<\/li>\n  <\/ul>\n\n  <p>\n    Szczeg\u00f3\u0142y wydarzenia i formularz zapisu znajdziesz tutaj:\n    <a href=\"https:\/\/www.samoobronapoznan.pl\/?page_id=1767\" target=\"_blank\" rel=\"noopener\">\n      warsztaty dla m\u0142odzie\u017cy Pozna\u0144 \u2013 zapisy (ferie 2026)\n    <\/a>.\n    Liczba miejsc jest ograniczona, wi\u0119c je\u015bli chcesz dopisa\u0107 do ferii co\u015b warto\u015bciowego \u2013 warto zarezerwowa\u0107 miejsce wcze\u015bniej.\n  <\/p>\n\n  <h2>Co zostaje po zaj\u0119ciach?<\/h2>\n  <p>\n    Najwi\u0119ksza zmiana to zwykle spok\u00f3j i wi\u0119ksza pewno\u015b\u0107 siebie. Nastolatek potrafi lepiej oceni\u0107 sytuacj\u0119, szybciej stawia granice i ma\n    proste schematy: co robi\u0107, gdy kto\u015b zaczepia, oraz jak dzia\u0142a\u0107, gdy kto\u015b potrzebuje pomocy. A <strong>pierwsza pomoc dla nastolatk\u00f3w Pozna\u0144<\/strong>\n    to kompetencja, kt\u00f3rej nie da si\u0119 \u201eodczyta\u0107 z internetu\u201d \u2013 trzeba j\u0105 prze\u0107wiczy\u0107.\n  <\/p>\n\n  <p>\n    Je\u015bli chcesz, \u017ceby <strong>ferie 2026 Pozna\u0144<\/strong> by\u0142y nie tylko odpoczynkiem, ale te\u017c krokiem w stron\u0119 samodzielno\u015bci i bezpiecze\u0144stwa,\n    wybierz <strong>warsztaty dla m\u0142odzie\u017cy Pozna\u0144<\/strong>, kt\u00f3re \u0142\u0105cz\u0105 samoobron\u0119 i pierwsz\u0105 pomoc. Zobacz szczeg\u00f3\u0142y i zapisz dziecko tutaj:\n    <a href=\"https:\/\/www.samoobronapoznan.pl\/?page_id=1767\" target=\"_blank\" rel=\"noopener\">\n      wydarzenie \u2013 warsztaty dla m\u0142odzie\u017cy Pozna\u0144\n    <\/a>.\n  <\/p>\n<\/article>\n\n\n\n\n<figure class=\"wp-block-image size-large\"><img loading=\"lazy\" decoding=\"async\" width=\"768\" height=\"1024\" src=\"https:\/\/www.samoobronapoznan.pl\/wp-content\/uploads\/2026\/02\/619285469_1761931331382934_8796751484932658951_n-768x1024.jpg\" alt=\"warsztaty pierwszej pomocy leszno\" class=\"wp-image-2042\" srcset=\"https:\/\/www.samoobronapoznan.pl\/wp-content\/uploads\/2026\/02\/619285469_1761931331382934_8796751484932658951_n-768x1024.jpg 768w, https:\/\/www.samoobronapoznan.pl\/wp-content\/uploads\/2026\/02\/619285469_1761931331382934_8796751484932658951_n-225x300.jpg 225w, https:\/\/www.samoobronapoznan.pl\/wp-content\/uploads\/2026\/02\/619285469_1761931331382934_8796751484932658951_n-1152x1536.jpg 1152w, https:\/\/www.samoobronapoznan.pl\/wp-content\/uploads\/2026\/02\/619285469_1761931331382934_8796751484932658951_n.jpg 1536w\" sizes=\"auto, (max-width: 768px) 100vw, 768px\" \/><\/figure>\n","protected":false},"excerpt":{"rendered":"<p>Warsztaty dla m\u0142odzie\u017cy Pozna\u0144 \u2013 rozwijaj\u0105ce ferie 2026 i umiej\u0119tno\u015bci na ca\u0142e \u017cycie Ferie to nie tylko odpoczynek i \u201ereset\u201d od szko\u0142y. To tak\u017ce \u015bwietny moment, by da\u0107 nastolatkowi co\u015b, co naprawd\u0119 zostaje na lata: pewno\u015b\u0107 siebie, lepsz\u0105 reakcj\u0119 na stres i konkretne umiej\u0119tno\u015bci przydatne w codziennym \u017cyciu. Je\u015bli wpisujesz w Google \u201ewarsztaty dla m\u0142odzie\u017cy Pozna\u0144\u201d albo zastanawiasz si\u0119, jak sensownie wykorzysta\u0107 ferie 2026 Pozna\u0144, ten artyku\u0142 jest dla Ciebie. Nasze warsztaty \u0142\u0105cz\u0105 dwa kluczowe obszary: samoobron\u0119 (Krav Maga) oraz praktyczny blok pierwszej pomocy. Dlaczego ferie 2026 Pozna\u0144 to dobry moment na warsztaty? Ko\u0144c\u00f3wka ferii cz\u0119sto wygl\u0105da tak samo: telefon,&#8230; <\/p>\n","protected":false},"author":1,"featured_media":0,"comment_status":"open","ping_status":"open","sticky":false,"template":"","format":"standard","meta":{"ngg_post_thumbnail":0,"footnotes":""},"categories":[32],"tags":[],"class_list":["post-2059","post","type-post","status-publish","format-standard","hentry","category-bez-kategorii-pl"],"yoast_head":"<!-- This site is optimized with the Yoast SEO Premium plugin v26.6 (Yoast SEO v28.3) - https:\/\/yoast.com\/product\/yoast-seo-premium-wordpress\/ -->\n<title>Warsztaty dla m\u0142odzie\u017cy Pozna\u0144 - samoobrona dla m\u0142odzie\u017cy<\/title>\n<meta name=\"description\" content=\"Warsztaty dla m\u0142odzie\u017cy Pozna\u0144 - samoobrona dla m\u0142odzie\u017cy - pierwsza pomoc - RKO + AED - naucz si\u0119 dzia\u0142a\u0107 w sytuacji stresowej!\" \/>\n<meta name=\"robots\" content=\"index, follow, max-snippet:-1, max-image-preview:large, max-video-preview:-1\" \/>\n<link rel=\"canonical\" href=\"https:\/\/www.samoobronapoznan.pl\/?p=2059\" \/>\n<meta property=\"og:locale\" content=\"pl_PL\" \/>\n<meta property=\"og:type\" content=\"article\" \/>\n<meta property=\"og:title\" content=\"Warsztaty dla m\u0142odzie\u017cy Pozna\u0144 \u2013 rozwijaj\u0105ce ferie 2026 i umiej\u0119tno\u015bci na ca\u0142e \u017cycie\" \/>\n<meta property=\"og:description\" content=\"Warsztaty dla m\u0142odzie\u017cy Pozna\u0144 - samoobrona dla m\u0142odzie\u017cy - pierwsza pomoc - RKO + AED - naucz si\u0119 dzia\u0142a\u0107 w sytuacji stresowej!\" \/>\n<meta property=\"og:url\" content=\"https:\/\/www.samoobronapoznan.pl\/?p=2059\" \/>\n<meta property=\"og:site_name\" content=\"Samoobrona Pozna\u0144\" \/>\n<meta property=\"article:publisher\" content=\"https:\/\/facebook.com\/samoobronapoznan\" \/>\n<meta property=\"article:published_time\" content=\"2026-02-02T12:44:14+00:00\" \/>\n<meta property=\"article:modified_time\" content=\"2026-02-02T12:44:15+00:00\" \/>\n<meta property=\"og:image\" content=\"https:\/\/www.samoobronapoznan.pl\/wp-content\/uploads\/2026\/02\/619285469_1761931331382934_8796751484932658951_n-768x1024.jpg\" \/>\n<meta name=\"author\" content=\"admin\" \/>\n<meta name=\"twitter:card\" content=\"summary_large_image\" \/>\n<meta name=\"twitter:label1\" content=\"Napisane przez\" \/>\n\t<meta name=\"twitter:data1\" content=\"admin\" \/>\n\t<meta name=\"twitter:label2\" content=\"Szacowany czas czytania\" \/>\n\t<meta name=\"twitter:data2\" content=\"5 minut\" \/>\n<script type=\"application\/ld+json\" class=\"yoast-schema-graph\">{\"@context\":\"https:\\\/\\\/schema.org\",\"@graph\":[{\"@type\":\"Article\",\"@id\":\"https:\\\/\\\/www.samoobronapoznan.pl\\\/?p=2059#article\",\"isPartOf\":{\"@id\":\"https:\\\/\\\/www.samoobronapoznan.pl\\\/?p=2059\"},\"author\":{\"name\":\"admin\",\"@id\":\"https:\\\/\\\/www.samoobronapoznan.pl\\\/#\\\/schema\\\/person\\\/4295d11d32ead72538b58864473ec48a\"},\"headline\":\"Warsztaty dla m\u0142odzie\u017cy Pozna\u0144 \u2013 rozwijaj\u0105ce ferie 2026 i umiej\u0119tno\u015bci na ca\u0142e \u017cycie\",\"datePublished\":\"2026-02-02T12:44:14+00:00\",\"dateModified\":\"2026-02-02T12:44:15+00:00\",\"mainEntityOfPage\":{\"@id\":\"https:\\\/\\\/www.samoobronapoznan.pl\\\/?p=2059\"},\"wordCount\":805,\"commentCount\":0,\"publisher\":{\"@id\":\"https:\\\/\\\/www.samoobronapoznan.pl\\\/#organization\"},\"image\":{\"@id\":\"https:\\\/\\\/www.samoobronapoznan.pl\\\/?p=2059#primaryimage\"},\"thumbnailUrl\":\"https:\\\/\\\/www.samoobronapoznan.pl\\\/wp-content\\\/uploads\\\/2026\\\/02\\\/619285469_1761931331382934_8796751484932658951_n-768x1024.jpg\",\"inLanguage\":\"pl-PL\",\"potentialAction\":[{\"@type\":\"CommentAction\",\"name\":\"Comment\",\"target\":[\"https:\\\/\\\/www.samoobronapoznan.pl\\\/?p=2059#respond\"]}]},{\"@type\":\"WebPage\",\"@id\":\"https:\\\/\\\/www.samoobronapoznan.pl\\\/?p=2059\",\"url\":\"https:\\\/\\\/www.samoobronapoznan.pl\\\/?p=2059\",\"name\":\"Warsztaty dla m\u0142odzie\u017cy Pozna\u0144 - samoobrona dla m\u0142odzie\u017cy\",\"isPartOf\":{\"@id\":\"https:\\\/\\\/www.samoobronapoznan.pl\\\/#website\"},\"primaryImageOfPage\":{\"@id\":\"https:\\\/\\\/www.samoobronapoznan.pl\\\/?p=2059#primaryimage\"},\"image\":{\"@id\":\"https:\\\/\\\/www.samoobronapoznan.pl\\\/?p=2059#primaryimage\"},\"thumbnailUrl\":\"https:\\\/\\\/www.samoobronapoznan.pl\\\/wp-content\\\/uploads\\\/2026\\\/02\\\/619285469_1761931331382934_8796751484932658951_n-768x1024.jpg\",\"datePublished\":\"2026-02-02T12:44:14+00:00\",\"dateModified\":\"2026-02-02T12:44:15+00:00\",\"description\":\"Warsztaty dla m\u0142odzie\u017cy Pozna\u0144 - samoobrona dla m\u0142odzie\u017cy - pierwsza pomoc - RKO + AED - naucz si\u0119 dzia\u0142a\u0107 w sytuacji stresowej!\",\"breadcrumb\":{\"@id\":\"https:\\\/\\\/www.samoobronapoznan.pl\\\/?p=2059#breadcrumb\"},\"inLanguage\":\"pl-PL\",\"potentialAction\":[{\"@type\":\"ReadAction\",\"target\":[\"https:\\\/\\\/www.samoobronapoznan.pl\\\/?p=2059\"]}]},{\"@type\":\"ImageObject\",\"inLanguage\":\"pl-PL\",\"@id\":\"https:\\\/\\\/www.samoobronapoznan.pl\\\/?p=2059#primaryimage\",\"url\":\"https:\\\/\\\/www.samoobronapoznan.pl\\\/wp-content\\\/uploads\\\/2026\\\/02\\\/619285469_1761931331382934_8796751484932658951_n.jpg\",\"contentUrl\":\"https:\\\/\\\/www.samoobronapoznan.pl\\\/wp-content\\\/uploads\\\/2026\\\/02\\\/619285469_1761931331382934_8796751484932658951_n.jpg\",\"width\":1536,\"height\":2048,\"caption\":\"warsztaty pierwszej pomocy leszno\"},{\"@type\":\"BreadcrumbList\",\"@id\":\"https:\\\/\\\/www.samoobronapoznan.pl\\\/?p=2059#breadcrumb\",\"itemListElement\":[{\"@type\":\"ListItem\",\"position\":1,\"name\":\"Strona g\u0142\u00f3wna\",\"item\":\"https:\\\/\\\/www.samoobronapoznan.pl\\\/\"},{\"@type\":\"ListItem\",\"position\":2,\"name\":\"Warsztaty dla m\u0142odzie\u017cy Pozna\u0144 \u2013 rozwijaj\u0105ce ferie 2026 i umiej\u0119tno\u015bci na ca\u0142e \u017cycie\"}]},{\"@type\":\"WebSite\",\"@id\":\"https:\\\/\\\/www.samoobronapoznan.pl\\\/#website\",\"url\":\"https:\\\/\\\/www.samoobronapoznan.pl\\\/\",\"name\":\"Samoobrona Pozna\u0144\",\"description\":\"Wielkopolskie Centrum Samoobrony i Bezpiecze\u0144stwa\",\"publisher\":{\"@id\":\"https:\\\/\\\/www.samoobronapoznan.pl\\\/#organization\"},\"potentialAction\":[{\"@type\":\"SearchAction\",\"target\":{\"@type\":\"EntryPoint\",\"urlTemplate\":\"https:\\\/\\\/www.samoobronapoznan.pl\\\/?s={search_term_string}\"},\"query-input\":{\"@type\":\"PropertyValueSpecification\",\"valueRequired\":true,\"valueName\":\"search_term_string\"}}],\"inLanguage\":\"pl-PL\"},{\"@type\":\"Organization\",\"@id\":\"https:\\\/\\\/www.samoobronapoznan.pl\\\/#organization\",\"name\":\"Wielkopolskie Centrum Samoobrony i Bezpiecze\u0144stwa Pozna\u0144\",\"url\":\"https:\\\/\\\/www.samoobronapoznan.pl\\\/\",\"logo\":{\"@type\":\"ImageObject\",\"inLanguage\":\"pl-PL\",\"@id\":\"https:\\\/\\\/www.samoobronapoznan.pl\\\/#\\\/schema\\\/logo\\\/image\\\/\",\"url\":\"https:\\\/\\\/www.samoobronapoznan.pl\\\/wp-content\\\/uploads\\\/2022\\\/09\\\/WCSIB.jpg\",\"contentUrl\":\"https:\\\/\\\/www.samoobronapoznan.pl\\\/wp-content\\\/uploads\\\/2022\\\/09\\\/WCSIB.jpg\",\"width\":960,\"height\":956,\"caption\":\"Wielkopolskie Centrum Samoobrony i Bezpiecze\u0144stwa Pozna\u0144\"},\"image\":{\"@id\":\"https:\\\/\\\/www.samoobronapoznan.pl\\\/#\\\/schema\\\/logo\\\/image\\\/\"},\"sameAs\":[\"https:\\\/\\\/facebook.com\\\/samoobronapoznan\",\"https:\\\/\\\/www.instagram.com\\\/wcsib_poznan\"],\"email\":\"kontakt@samoobronapoznan.pl\",\"telephone\":\"+48 727 907 468\"},{\"@type\":\"Person\",\"@id\":\"https:\\\/\\\/www.samoobronapoznan.pl\\\/#\\\/schema\\\/person\\\/4295d11d32ead72538b58864473ec48a\",\"name\":\"admin\",\"image\":{\"@type\":\"ImageObject\",\"inLanguage\":\"pl-PL\",\"@id\":\"https:\\\/\\\/secure.gravatar.com\\\/avatar\\\/e40200dd69d1dc87a1ec24cf10423bb23d5e71333e5a5c3367457b193bf803f8?s=96&d=mm&r=g\",\"url\":\"https:\\\/\\\/secure.gravatar.com\\\/avatar\\\/e40200dd69d1dc87a1ec24cf10423bb23d5e71333e5a5c3367457b193bf803f8?s=96&d=mm&r=g\",\"contentUrl\":\"https:\\\/\\\/secure.gravatar.com\\\/avatar\\\/e40200dd69d1dc87a1ec24cf10423bb23d5e71333e5a5c3367457b193bf803f8?s=96&d=mm&r=g\",\"caption\":\"admin\"},\"sameAs\":[\"https:\\\/\\\/www.samoobronapoznan.pl\"],\"url\":\"https:\\\/\\\/www.samoobronapoznan.pl\\\/?author=1\"}]}<\/script>\n<!-- \/ Yoast SEO Premium plugin. -->","yoast_head_json":{"title":"Warsztaty dla m\u0142odzie\u017cy Pozna\u0144 - samoobrona dla m\u0142odzie\u017cy","description":"Warsztaty dla m\u0142odzie\u017cy Pozna\u0144 - samoobrona dla m\u0142odzie\u017cy - pierwsza pomoc - RKO + AED - naucz si\u0119 dzia\u0142a\u0107 w sytuacji stresowej!","robots":{"index":"index","follow":"follow","max-snippet":"max-snippet:-1","max-image-preview":"max-image-preview:large","max-video-preview":"max-video-preview:-1"},"canonical":"https:\/\/www.samoobronapoznan.pl\/?p=2059","og_locale":"pl_PL","og_type":"article","og_title":"Warsztaty dla m\u0142odzie\u017cy Pozna\u0144 \u2013 rozwijaj\u0105ce ferie 2026 i umiej\u0119tno\u015bci na ca\u0142e \u017cycie","og_description":"Warsztaty dla m\u0142odzie\u017cy Pozna\u0144 - samoobrona dla m\u0142odzie\u017cy - pierwsza pomoc - RKO + AED - naucz si\u0119 dzia\u0142a\u0107 w sytuacji stresowej!","og_url":"https:\/\/www.samoobronapoznan.pl\/?p=2059","og_site_name":"Samoobrona Pozna\u0144","article_publisher":"https:\/\/facebook.com\/samoobronapoznan","article_published_time":"2026-02-02T12:44:14+00:00","article_modified_time":"2026-02-02T12:44:15+00:00","og_image":[{"url":"https:\/\/www.samoobronapoznan.pl\/wp-content\/uploads\/2026\/02\/619285469_1761931331382934_8796751484932658951_n-768x1024.jpg","type":"","width":"","height":""}],"author":"admin","twitter_card":"summary_large_image","twitter_misc":{"Napisane przez":"admin","Szacowany czas czytania":"5 minut"},"schema":{"@context":"https:\/\/schema.org","@graph":[{"@type":"Article","@id":"https:\/\/www.samoobronapoznan.pl\/?p=2059#article","isPartOf":{"@id":"https:\/\/www.samoobronapoznan.pl\/?p=2059"},"author":{"name":"admin","@id":"https:\/\/www.samoobronapoznan.pl\/#\/schema\/person\/4295d11d32ead72538b58864473ec48a"},"headline":"Warsztaty dla m\u0142odzie\u017cy Pozna\u0144 \u2013 rozwijaj\u0105ce ferie 2026 i umiej\u0119tno\u015bci na ca\u0142e \u017cycie","datePublished":"2026-02-02T12:44:14+00:00","dateModified":"2026-02-02T12:44:15+00:00","mainEntityOfPage":{"@id":"https:\/\/www.samoobronapoznan.pl\/?p=2059"},"wordCount":805,"commentCount":0,"publisher":{"@id":"https:\/\/www.samoobronapoznan.pl\/#organization"},"image":{"@id":"https:\/\/www.samoobronapoznan.pl\/?p=2059#primaryimage"},"thumbnailUrl":"https:\/\/www.samoobronapoznan.pl\/wp-content\/uploads\/2026\/02\/619285469_1761931331382934_8796751484932658951_n-768x1024.jpg","inLanguage":"pl-PL","potentialAction":[{"@type":"CommentAction","name":"Comment","target":["https:\/\/www.samoobronapoznan.pl\/?p=2059#respond"]}]},{"@type":"WebPage","@id":"https:\/\/www.samoobronapoznan.pl\/?p=2059","url":"https:\/\/www.samoobronapoznan.pl\/?p=2059","name":"Warsztaty dla m\u0142odzie\u017cy Pozna\u0144 - samoobrona dla m\u0142odzie\u017cy","isPartOf":{"@id":"https:\/\/www.samoobronapoznan.pl\/#website"},"primaryImageOfPage":{"@id":"https:\/\/www.samoobronapoznan.pl\/?p=2059#primaryimage"},"image":{"@id":"https:\/\/www.samoobronapoznan.pl\/?p=2059#primaryimage"},"thumbnailUrl":"https:\/\/www.samoobronapoznan.pl\/wp-content\/uploads\/2026\/02\/619285469_1761931331382934_8796751484932658951_n-768x1024.jpg","datePublished":"2026-02-02T12:44:14+00:00","dateModified":"2026-02-02T12:44:15+00:00","description":"Warsztaty dla m\u0142odzie\u017cy Pozna\u0144 - samoobrona dla m\u0142odzie\u017cy - pierwsza pomoc - RKO + AED - naucz si\u0119 dzia\u0142a\u0107 w sytuacji stresowej!","breadcrumb":{"@id":"https:\/\/www.samoobronapoznan.pl\/?p=2059#breadcrumb"},"inLanguage":"pl-PL","potentialAction":[{"@type":"ReadAction","target":["https:\/\/www.samoobronapoznan.pl\/?p=2059"]}]},{"@type":"ImageObject","inLanguage":"pl-PL","@id":"https:\/\/www.samoobronapoznan.pl\/?p=2059#primaryimage","url":"https:\/\/www.samoobronapoznan.pl\/wp-content\/uploads\/2026\/02\/619285469_1761931331382934_8796751484932658951_n.jpg","contentUrl":"https:\/\/www.samoobronapoznan.pl\/wp-content\/uploads\/2026\/02\/619285469_1761931331382934_8796751484932658951_n.jpg","width":1536,"height":2048,"caption":"warsztaty pierwszej pomocy leszno"},{"@type":"BreadcrumbList","@id":"https:\/\/www.samoobronapoznan.pl\/?p=2059#breadcrumb","itemListElement":[{"@type":"ListItem","position":1,"name":"Strona g\u0142\u00f3wna","item":"https:\/\/www.samoobronapoznan.pl\/"},{"@type":"ListItem","position":2,"name":"Warsztaty dla m\u0142odzie\u017cy Pozna\u0144 \u2013 rozwijaj\u0105ce ferie 2026 i umiej\u0119tno\u015bci na ca\u0142e \u017cycie"}]},{"@type":"WebSite","@id":"https:\/\/www.samoobronapoznan.pl\/#website","url":"https:\/\/www.samoobronapoznan.pl\/","name":"Samoobrona Pozna\u0144","description":"Wielkopolskie Centrum Samoobrony i Bezpiecze\u0144stwa","publisher":{"@id":"https:\/\/www.samoobronapoznan.pl\/#organization"},"potentialAction":[{"@type":"SearchAction","target":{"@type":"EntryPoint","urlTemplate":"https:\/\/www.samoobronapoznan.pl\/?s={search_term_string}"},"query-input":{"@type":"PropertyValueSpecification","valueRequired":true,"valueName":"search_term_string"}}],"inLanguage":"pl-PL"},{"@type":"Organization","@id":"https:\/\/www.samoobronapoznan.pl\/#organization","name":"Wielkopolskie Centrum Samoobrony i Bezpiecze\u0144stwa Pozna\u0144","url":"https:\/\/www.samoobronapoznan.pl\/","logo":{"@type":"ImageObject","inLanguage":"pl-PL","@id":"https:\/\/www.samoobronapoznan.pl\/#\/schema\/logo\/image\/","url":"https:\/\/www.samoobronapoznan.pl\/wp-content\/uploads\/2022\/09\/WCSIB.jpg","contentUrl":"https:\/\/www.samoobronapoznan.pl\/wp-content\/uploads\/2022\/09\/WCSIB.jpg","width":960,"height":956,"caption":"Wielkopolskie Centrum Samoobrony i Bezpiecze\u0144stwa Pozna\u0144"},"image":{"@id":"https:\/\/www.samoobronapoznan.pl\/#\/schema\/logo\/image\/"},"sameAs":["https:\/\/facebook.com\/samoobronapoznan","https:\/\/www.instagram.com\/wcsib_poznan"],"email":"kontakt@samoobronapoznan.pl","telephone":"+48 727 907 468"},{"@type":"Person","@id":"https:\/\/www.samoobronapoznan.pl\/#\/schema\/person\/4295d11d32ead72538b58864473ec48a","name":"admin","image":{"@type":"ImageObject","inLanguage":"pl-PL","@id":"https:\/\/secure.gravatar.com\/avatar\/e40200dd69d1dc87a1ec24cf10423bb23d5e71333e5a5c3367457b193bf803f8?s=96&d=mm&r=g","url":"https:\/\/secure.gravatar.com\/avatar\/e40200dd69d1dc87a1ec24cf10423bb23d5e71333e5a5c3367457b193bf803f8?s=96&d=mm&r=g","contentUrl":"https:\/\/secure.gravatar.com\/avatar\/e40200dd69d1dc87a1ec24cf10423bb23d5e71333e5a5c3367457b193bf803f8?s=96&d=mm&r=g","caption":"admin"},"sameAs":["https:\/\/www.samoobronapoznan.pl"],"url":"https:\/\/www.samoobronapoznan.pl\/?author=1"}]}},"_links":{"self":[{"href":"https:\/\/www.samoobronapoznan.pl\/index.php?rest_route=\/wp\/v2\/posts\/2059","targetHints":{"allow":["GET"]}}],"collection":[{"href":"https:\/\/www.samoobronapoznan.pl\/index.php?rest_route=\/wp\/v2\/posts"}],"about":[{"href":"https:\/\/www.samoobronapoznan.pl\/index.php?rest_route=\/wp\/v2\/types\/post"}],"author":[{"embeddable":true,"href":"https:\/\/www.samoobronapoznan.pl\/index.php?rest_route=\/wp\/v2\/users\/1"}],"replies":[{"embeddable":true,"href":"https:\/\/www.samoobronapoznan.pl\/index.php?rest_route=%2Fwp%2Fv2%2Fcomments&post=2059"}],"version-history":[{"count":2,"href":"https:\/\/www.samoobronapoznan.pl\/index.php?rest_route=\/wp\/v2\/posts\/2059\/revisions"}],"predecessor-version":[{"id":2061,"href":"https:\/\/www.samoobronapoznan.pl\/index.php?rest_route=\/wp\/v2\/posts\/2059\/revisions\/2061"}],"wp:attachment":[{"href":"https:\/\/www.samoobronapoznan.pl\/index.php?rest_route=%2Fwp%2Fv2%2Fmedia&parent=2059"}],"wp:term":[{"taxonomy":"category","embeddable":true,"href":"https:\/\/www.samoobronapoznan.pl\/index.php?rest_route=%2Fwp%2Fv2%2Fcategories&post=2059"},{"taxonomy":"post_tag","embeddable":true,"href":"https:\/\/www.samoobronapoznan.pl\/index.php?rest_route=%2Fwp%2Fv2%2Ftags&post=2059"}],"curies":[{"name":"wp","href":"https:\/\/api.w.org\/{rel}","templated":true}]}}