{"id":2410,"date":"2026-07-01T12:11:46","date_gmt":"2026-07-01T12:11:46","guid":{"rendered":"https:\/\/www.samoobronapoznan.pl\/?p=2410"},"modified":"2026-07-01T12:11:48","modified_gmt":"2026-07-01T12:11:48","slug":"pomysl-na-event-firmowy-w-poznaniu-2","status":"publish","type":"post","link":"https:\/\/www.samoobronapoznan.pl\/?p=2410","title":{"rendered":"Pomys\u0142 na event firmowy w Poznaniu \u2013 warsztaty bezpiecze\u0144stwa i samoobrony"},"content":{"rendered":"\n<!-- \nTitle SEO: Pomys\u0142 na event firmowy w Poznaniu \u2013 warsztaty bezpiecze\u0144stwa i samoobrony\nMeta description: Szukasz pomys\u0142u na event firmowy w Poznaniu? Warsztaty bezpiecze\u0144stwa i samoobrony to praktyczna, aktywna i nietypowa atrakcja dla zespo\u0142u.\nSlug: pomysl-na-event-firmowy-poznan-warsztaty-bezpieczenstwa\n-->\n\n<article>\n\n  <h1>Pomys\u0142 na event firmowy w Poznaniu \u2013 warsztaty bezpiecze\u0144stwa i samoobrony<\/h1>\n\n  <p>\n    Dobry <strong>pomys\u0142 na event firmowy w Poznaniu<\/strong> powinien \u0142\u0105czy\u0107 kilka rzeczy: anga\u017cowa\u0107 uczestnik\u00f3w, integrowa\u0107 zesp\u00f3\u0142, dawa\u0107 pozytywne emocje i zostawia\u0107 po sobie co\u015b wi\u0119cej ni\u017c tylko wsp\u00f3lne zdj\u0119cie. Coraz wi\u0119cej firm szuka atrakcji, kt\u00f3re nie s\u0105 kolejn\u0105 kolacj\u0105, standardowym wyj\u015bciem na kr\u0119gle albo biern\u0105 prezentacj\u0105. W\u0142a\u015bnie dlatego warsztaty bezpiecze\u0144stwa osobistego i samoobrony mog\u0105 by\u0107 ciekaw\u0105 propozycj\u0105 na event firmowy.\n  <\/p>\n\n  <p>\n    To aktywna forma spotkania, w kt\u00f3rej uczestnicy \u0107wicz\u0105 proste reakcje, komunikacj\u0119, wsp\u00f3\u0142prac\u0119 i podstawowe zasady bezpiecze\u0144stwa w codziennych sytuacjach. Nie chodzi o sport walki ani intensywny trening fizyczny, ale o praktyczne zaj\u0119cia, kt\u00f3re mo\u017cna dopasowa\u0107 do poziomu grupy, miejsca i charakteru wydarzenia.\n  <\/p>\n\n  <figure>\n    <img decoding=\"async\" \n      src=\"https:\/\/www.samoobronapoznan.pl\/wp-content\/uploads\/2025\/09\/IMG-20250824-WA0047.jpg\" \n      alt=\"Pomys\u0142 na event firmowy w Poznaniu - warsztaty bezpiecze\u0144stwa i samoobrony dla pracownik\u00f3w\" \n      style=\"width:100%; height:auto;\" \n      loading=\"lazy\">\n    <figcaption>Warsztaty bezpiecze\u0144stwa i samoobrony jako aktywna atrakcja na event firmowy w Poznaniu.<\/figcaption>\n  <\/figure>\n\n  <h2>Dlaczego warsztaty bezpiecze\u0144stwa sprawdzaj\u0105 si\u0119 jako event firmowy?<\/h2>\n\n  <p>\n    Wiele atrakcji eventowych daje chwilow\u0105 rozrywk\u0119, ale szybko si\u0119 ko\u0144czy i nie zostawia uczestnikom realnej warto\u015bci. Warsztaty bezpiecze\u0144stwa dzia\u0142aj\u0105 inaczej. Uczestnicy s\u0105 zaanga\u017cowani od pocz\u0105tku, pracuj\u0105 w parach lub ma\u0142ych grupach, wykonuj\u0105 proste zadania i od razu widz\u0105, \u017ce zdobywana wiedza mo\u017ce przyda\u0107 si\u0119 w \u017cyciu codziennym.\n  <\/p>\n\n  <p>\n    Taki format dobrze sprawdza si\u0119 zar\u00f3wno podczas integracji firmowej, jak i jako element wi\u0119kszego dnia bezpiecze\u0144stwa, spotkania dzia\u0142owego, konferencji wewn\u0119trznej albo wydarzenia HR. Zaj\u0119cia mo\u017cna przeprowadzi\u0107 w biurze, sali szkoleniowej, wynaj\u0119tej przestrzeni eventowej albo w plenerze.\n  <\/p>\n\n  <p style=\"text-align:center; margin:30px 0;\">\n    <a href=\"https:\/\/www.samoobronapoznan.pl\/dla-firm\/index.php\" \n       style=\"display:inline-block; background:#d92b2b; color:#ffffff; padding:14px 24px; text-decoration:none; border-radius:6px; font-weight:bold;\">\n       Zobacz warsztaty bezpiecze\u0144stwa dla firm w Poznaniu\n    <\/a>\n  <\/p>\n\n  <h2>Nietypowa atrakcja na event firmowy w Poznaniu<\/h2>\n\n  <p>\n    Firmy cz\u0119sto szukaj\u0105 czego\u015b, co b\u0119dzie inne ni\u017c standardowe atrakcje. Warsztaty samoobrony i bezpiecze\u0144stwa osobistego s\u0105 w\u0142a\u015bnie takim rozwi\u0105zaniem. Daj\u0105 uczestnikom mo\u017cliwo\u015b\u0107 aktywnego udzia\u0142u, ale bez presji sportowej rywalizacji. Nie trzeba mie\u0107 kondycji, do\u015bwiadczenia ani specjalnego przygotowania.\n  <\/p>\n\n  <p>\n    Program mo\u017ce obejmowa\u0107 mi\u0119dzy innymi: zasady bezpiecznego poruszania si\u0119 po mie\u015bcie, reakcj\u0119 na natarczywe zachowanie, podstawy deeskalacji konfliktu, zachowanie dystansu, uwalnianie si\u0119 z prostych chwyt\u00f3w, komunikacj\u0119 w sytuacji stresowej oraz wsp\u00f3\u0142prac\u0119 z drug\u0105 osob\u0105. Dzi\u0119ki temu wydarzenie ma charakter praktyczny, ale nadal pozostaje lekkie, dynamiczne i dost\u0119pne dla ca\u0142ego zespo\u0142u.\n  <\/p>\n\n  <h2>Pomys\u0142 na event firmowy, kt\u00f3ry integruje zesp\u00f3\u0142<\/h2>\n\n  <p>\n    Dobre warsztaty eventowe powinny nie tylko uczy\u0107, ale te\u017c budowa\u0107 relacje mi\u0119dzy uczestnikami. W trakcie zaj\u0119\u0107 pracownicy \u0107wicz\u0105 w parach, zmieniaj\u0105 partner\u00f3w, wykonuj\u0105 kr\u00f3tkie scenariusze i wsp\u00f3lnie szukaj\u0105 rozwi\u0105za\u0144. To naturalnie prze\u0142amuje dystans, uruchamia komunikacj\u0119 i daje du\u017co okazji do rozm\u00f3w po zako\u0144czeniu wydarzenia.\n  <\/p>\n\n  <p>\n    W przeciwie\u0144stwie do typowej prezentacji, uczestnicy nie s\u0105 biernymi odbiorcami. Musz\u0105 reagowa\u0107, obserwowa\u0107, wsp\u00f3\u0142pracowa\u0107 i podejmowa\u0107 decyzje. Dzi\u0119ki temu warsztaty bezpiecze\u0144stwa mog\u0105 by\u0107 dobrym wyborem dla firm, kt\u00f3re chc\u0105 po\u0142\u0105czy\u0107 integracj\u0119 z konkretn\u0105 warto\u015bci\u0105 praktyczn\u0105.\n  <\/p>\n\n  <h2>Dla jakich firm sprawdzi si\u0119 taki event?<\/h2>\n\n  <p>\n    Warsztaty bezpiecze\u0144stwa i samoobrony mo\u017cna zorganizowa\u0107 dla bardzo r\u00f3\u017cnych zespo\u0142\u00f3w. Sprawdz\u0105 si\u0119 w firmach biurowych, technologicznych, produkcyjnych, handlowych, logistycznych, medycznych, edukacyjnych i us\u0142ugowych. Mog\u0105 by\u0107 te\u017c ciekawym elementem wydarze\u0144 dla pracownik\u00f3w terenowych, zespo\u0142\u00f3w sprzeda\u017cowych, dzia\u0142\u00f3w HR, manager\u00f3w albo grup mieszanych.\n  <\/p>\n\n  <p>\n    Szczeg\u00f3lnie dobrze dzia\u0142aj\u0105 tam, gdzie firma chce zaproponowa\u0107 pracownikom co\u015b praktycznego, a jednocze\u015bnie mniej formalnego ni\u017c typowe szkolenie. To mo\u017ce by\u0107 element integracji, benefit rozwojowy, warsztat w ramach dnia bezpiecze\u0144stwa albo atrakcja podczas firmowego spotkania w Poznaniu.\n  <\/p>\n\n  <h2>Jak mo\u017ce wygl\u0105da\u0107 taki event firmowy?<\/h2>\n\n  <p>\n    Format warsztat\u00f3w mo\u017cna dopasowa\u0107 do wydarzenia. Kr\u00f3tsza wersja, trwaj\u0105ca oko\u0142o 60\u201390 minut, sprawdzi si\u0119 jako dynamiczna atrakcja podczas eventu firmowego. Wersja 2\u20133 godzinna pozwala wej\u015b\u0107 g\u0142\u0119biej w temat i prze\u0107wiczy\u0107 wi\u0119cej scenariuszy. Mo\u017cliwe s\u0105 te\u017c d\u0142u\u017csze bloki szkoleniowe, \u0142\u0105cz\u0105ce bezpiecze\u0144stwo osobiste, deeskalacj\u0119 agresji, podstawy samoobrony i prac\u0119 zespo\u0142ow\u0105.\n  <\/p>\n\n  <p>\n    Zaj\u0119cia mog\u0105 mie\u0107 charakter bardziej lekki i integracyjny albo bardziej szkoleniowy. Wszystko zale\u017cy od celu wydarzenia, liczby uczestnik\u00f3w, miejsca oraz tego, czy firma chce postawi\u0107 bardziej na atrakcj\u0119, czy na konkretny rozw\u00f3j kompetencji.\n  <\/p>\n\n  <h2>Warsztaty bezpiecze\u0144stwa a wyjazdy i eventy dla kobiet<\/h2>\n\n  <p>\n    Temat bezpiecze\u0144stwa osobistego \u015bwietnie sprawdza si\u0119 r\u00f3wnie\u017c w wydarzeniach skierowanych do kobiet. Mo\u017ce by\u0107 cz\u0119\u015bci\u0105 integracji, warsztatu rozwojowego albo wyjazdu tematycznego. Przyk\u0142adem takiego podej\u015bcia jest r\u00f3wnie\u017c <a href=\"https:\/\/www.samoobronapoznan.pl\/?p=2396\">wyjazd dla kobiet z samoobron\u0105<\/a>, w kt\u00f3rym praktyczne zaj\u0119cia \u0142\u0105cz\u0105 si\u0119 z budowaniem pewno\u015bci siebie, \u015bwiadomo\u015bci i sprawczo\u015bci.\n  <\/p>\n\n  <p>\n    W firmach mo\u017cna wykorzysta\u0107 podobn\u0105 ide\u0119, organizuj\u0105c warsztaty dla pracownic albo mieszanych zespo\u0142\u00f3w jako element wi\u0119kszego wydarzenia integracyjnego. To dobra alternatywa dla standardowych atrakcji, zw\u0142aszcza gdy firma chce zaproponowa\u0107 co\u015b warto\u015bciowego i zapami\u0119tywalnego.\n  <\/p>\n\n  <h2>Event firmowy w Poznaniu z praktyczn\u0105 warto\u015bci\u0105<\/h2>\n\n  <p>\n    Je\u017celi firma szuka atrakcji na event firmowy w Poznaniu, warto wybra\u0107 format, kt\u00f3ry nie tylko wype\u0142ni czas, ale te\u017c realnie zaanga\u017cuje ludzi. Warsztaty bezpiecze\u0144stwa i samoobrony s\u0105 aktywne, konkretne i \u0142atwe do dopasowania do r\u00f3\u017cnych grup. Mog\u0105 by\u0107 lekk\u0105 atrakcj\u0105, cz\u0119\u015bci\u0105 integracji albo pe\u0142noprawnym szkoleniem dla pracownik\u00f3w.\n  <\/p>\n\n  <p>\n    To propozycja dla firm, kt\u00f3re chc\u0105 odej\u015b\u0107 od schematu i zaproponowa\u0107 zespo\u0142owi co\u015b innego: praktyczne do\u015bwiadczenie, wsp\u00f3lne dzia\u0142anie i wiedz\u0119, kt\u00f3ra mo\u017ce przyda\u0107 si\u0119 po zako\u0144czeniu wydarzenia.\n  <\/p>\n\n  <p style=\"text-align:center; margin:35px 0;\">\n    <a href=\"https:\/\/www.samoobronapoznan.pl\/dla-firm\/index.php\" \n       style=\"display:inline-block; background:#d92b2b; color:#ffffff; padding:15px 26px; text-decoration:none; border-radius:6px; font-weight:bold;\">\n       Sprawd\u017a ofert\u0119 event\u00f3w i warsztat\u00f3w dla firm\n    <\/a>\n  <\/p>\n\n<\/article>\n","protected":false},"excerpt":{"rendered":"<p>Pomys\u0142 na event firmowy w Poznaniu \u2013 warsztaty bezpiecze\u0144stwa i samoobrony Dobry pomys\u0142 na event firmowy w Poznaniu powinien \u0142\u0105czy\u0107 kilka rzeczy: anga\u017cowa\u0107 uczestnik\u00f3w, integrowa\u0107 zesp\u00f3\u0142, dawa\u0107 pozytywne emocje i zostawia\u0107 po sobie co\u015b wi\u0119cej ni\u017c tylko wsp\u00f3lne zdj\u0119cie. Coraz wi\u0119cej firm szuka atrakcji, kt\u00f3re nie s\u0105 kolejn\u0105 kolacj\u0105, standardowym wyj\u015bciem na kr\u0119gle albo biern\u0105 prezentacj\u0105. W\u0142a\u015bnie dlatego warsztaty bezpiecze\u0144stwa osobistego i samoobrony mog\u0105 by\u0107 ciekaw\u0105 propozycj\u0105 na event firmowy. To aktywna forma spotkania, w kt\u00f3rej uczestnicy \u0107wicz\u0105 proste reakcje, komunikacj\u0119, wsp\u00f3\u0142prac\u0119 i podstawowe zasady bezpiecze\u0144stwa w codziennych sytuacjach. Nie chodzi o sport walki ani intensywny trening fizyczny, ale o&#8230; <\/p>\n","protected":false},"author":1,"featured_media":0,"comment_status":"open","ping_status":"open","sticky":false,"template":"","format":"standard","meta":{"ngg_post_thumbnail":0,"footnotes":""},"categories":[32],"tags":[],"class_list":["post-2410","post","type-post","status-publish","format-standard","hentry","category-bez-kategorii-pl"],"yoast_head":"<!-- This site is optimized with the Yoast SEO Premium plugin v26.6 (Yoast SEO v28.3) - https:\/\/yoast.com\/product\/yoast-seo-premium-wordpress\/ -->\n<title>Pomys\u0142 na event firmowy w Poznaniu<\/title>\n<meta name=\"description\" content=\"Pomys\u0142 na event firmowy w Poznaniu \u2013 warsztaty bezpiecze\u0144stwa i samoobrony. Event firmowy Pozna\u0144 - integracja firmowa.\" \/>\n<meta name=\"robots\" content=\"index, follow, max-snippet:-1, max-image-preview:large, max-video-preview:-1\" \/>\n<link rel=\"canonical\" href=\"https:\/\/www.samoobronapoznan.pl\/?p=2410\" \/>\n<meta property=\"og:locale\" content=\"pl_PL\" \/>\n<meta property=\"og:type\" content=\"article\" \/>\n<meta property=\"og:title\" content=\"Pomys\u0142 na event firmowy w Poznaniu \u2013 warsztaty bezpiecze\u0144stwa i samoobrony\" \/>\n<meta property=\"og:description\" content=\"Pomys\u0142 na event firmowy w Poznaniu \u2013 warsztaty bezpiecze\u0144stwa i samoobrony. Event firmowy Pozna\u0144 - integracja firmowa.\" \/>\n<meta property=\"og:url\" content=\"https:\/\/www.samoobronapoznan.pl\/?p=2410\" \/>\n<meta property=\"og:site_name\" content=\"Samoobrona Pozna\u0144\" \/>\n<meta property=\"article:publisher\" content=\"https:\/\/facebook.com\/samoobronapoznan\" \/>\n<meta property=\"article:published_time\" content=\"2026-07-01T12:11:46+00:00\" \/>\n<meta property=\"article:modified_time\" content=\"2026-07-01T12:11:48+00:00\" \/>\n<meta property=\"og:image\" content=\"https:\/\/www.samoobronapoznan.pl\/wp-content\/uploads\/2025\/09\/IMG-20250824-WA0047.jpg\" \/>\n<meta name=\"author\" content=\"admin\" \/>\n<meta name=\"twitter:card\" content=\"summary_large_image\" \/>\n<meta name=\"twitter:label1\" content=\"Napisane przez\" \/>\n\t<meta name=\"twitter:data1\" content=\"admin\" \/>\n\t<meta name=\"twitter:label2\" content=\"Szacowany czas czytania\" \/>\n\t<meta name=\"twitter:data2\" content=\"5 minut\" \/>\n<script type=\"application\/ld+json\" class=\"yoast-schema-graph\">{\"@context\":\"https:\\\/\\\/schema.org\",\"@graph\":[{\"@type\":\"Article\",\"@id\":\"https:\\\/\\\/www.samoobronapoznan.pl\\\/?p=2410#article\",\"isPartOf\":{\"@id\":\"https:\\\/\\\/www.samoobronapoznan.pl\\\/?p=2410\"},\"author\":{\"name\":\"admin\",\"@id\":\"https:\\\/\\\/www.samoobronapoznan.pl\\\/#\\\/schema\\\/person\\\/4295d11d32ead72538b58864473ec48a\"},\"headline\":\"Pomys\u0142 na event firmowy w Poznaniu \u2013 warsztaty bezpiecze\u0144stwa i samoobrony\",\"datePublished\":\"2026-07-01T12:11:46+00:00\",\"dateModified\":\"2026-07-01T12:11:48+00:00\",\"mainEntityOfPage\":{\"@id\":\"https:\\\/\\\/www.samoobronapoznan.pl\\\/?p=2410\"},\"wordCount\":902,\"commentCount\":0,\"publisher\":{\"@id\":\"https:\\\/\\\/www.samoobronapoznan.pl\\\/#organization\"},\"image\":{\"@id\":\"https:\\\/\\\/www.samoobronapoznan.pl\\\/?p=2410#primaryimage\"},\"thumbnailUrl\":\"https:\\\/\\\/www.samoobronapoznan.pl\\\/wp-content\\\/uploads\\\/2025\\\/09\\\/IMG-20250824-WA0047.jpg\",\"inLanguage\":\"pl-PL\",\"potentialAction\":[{\"@type\":\"CommentAction\",\"name\":\"Comment\",\"target\":[\"https:\\\/\\\/www.samoobronapoznan.pl\\\/?p=2410#respond\"]}]},{\"@type\":\"WebPage\",\"@id\":\"https:\\\/\\\/www.samoobronapoznan.pl\\\/?p=2410\",\"url\":\"https:\\\/\\\/www.samoobronapoznan.pl\\\/?p=2410\",\"name\":\"Pomys\u0142 na event firmowy w Poznaniu\",\"isPartOf\":{\"@id\":\"https:\\\/\\\/www.samoobronapoznan.pl\\\/#website\"},\"primaryImageOfPage\":{\"@id\":\"https:\\\/\\\/www.samoobronapoznan.pl\\\/?p=2410#primaryimage\"},\"image\":{\"@id\":\"https:\\\/\\\/www.samoobronapoznan.pl\\\/?p=2410#primaryimage\"},\"thumbnailUrl\":\"https:\\\/\\\/www.samoobronapoznan.pl\\\/wp-content\\\/uploads\\\/2025\\\/09\\\/IMG-20250824-WA0047.jpg\",\"datePublished\":\"2026-07-01T12:11:46+00:00\",\"dateModified\":\"2026-07-01T12:11:48+00:00\",\"description\":\"Pomys\u0142 na event firmowy w Poznaniu \u2013 warsztaty bezpiecze\u0144stwa i samoobrony. Event firmowy Pozna\u0144 - integracja firmowa.\",\"breadcrumb\":{\"@id\":\"https:\\\/\\\/www.samoobronapoznan.pl\\\/?p=2410#breadcrumb\"},\"inLanguage\":\"pl-PL\",\"potentialAction\":[{\"@type\":\"ReadAction\",\"target\":[\"https:\\\/\\\/www.samoobronapoznan.pl\\\/?p=2410\"]}]},{\"@type\":\"ImageObject\",\"inLanguage\":\"pl-PL\",\"@id\":\"https:\\\/\\\/www.samoobronapoznan.pl\\\/?p=2410#primaryimage\",\"url\":\"https:\\\/\\\/www.samoobronapoznan.pl\\\/wp-content\\\/uploads\\\/2025\\\/09\\\/IMG-20250824-WA0047.jpg\",\"contentUrl\":\"https:\\\/\\\/www.samoobronapoznan.pl\\\/wp-content\\\/uploads\\\/2025\\\/09\\\/IMG-20250824-WA0047.jpg\",\"width\":1200,\"height\":1600,\"caption\":\"kurs samoobrony dla kobiet poznan\"},{\"@type\":\"BreadcrumbList\",\"@id\":\"https:\\\/\\\/www.samoobronapoznan.pl\\\/?p=2410#breadcrumb\",\"itemListElement\":[{\"@type\":\"ListItem\",\"position\":1,\"name\":\"Strona g\u0142\u00f3wna\",\"item\":\"https:\\\/\\\/www.samoobronapoznan.pl\\\/\"},{\"@type\":\"ListItem\",\"position\":2,\"name\":\"Pomys\u0142 na event firmowy w Poznaniu \u2013 warsztaty bezpiecze\u0144stwa i samoobrony\"}]},{\"@type\":\"WebSite\",\"@id\":\"https:\\\/\\\/www.samoobronapoznan.pl\\\/#website\",\"url\":\"https:\\\/\\\/www.samoobronapoznan.pl\\\/\",\"name\":\"Samoobrona Pozna\u0144\",\"description\":\"Wielkopolskie Centrum Samoobrony i Bezpiecze\u0144stwa\",\"publisher\":{\"@id\":\"https:\\\/\\\/www.samoobronapoznan.pl\\\/#organization\"},\"potentialAction\":[{\"@type\":\"SearchAction\",\"target\":{\"@type\":\"EntryPoint\",\"urlTemplate\":\"https:\\\/\\\/www.samoobronapoznan.pl\\\/?s={search_term_string}\"},\"query-input\":{\"@type\":\"PropertyValueSpecification\",\"valueRequired\":true,\"valueName\":\"search_term_string\"}}],\"inLanguage\":\"pl-PL\"},{\"@type\":\"Organization\",\"@id\":\"https:\\\/\\\/www.samoobronapoznan.pl\\\/#organization\",\"name\":\"Wielkopolskie Centrum Samoobrony i Bezpiecze\u0144stwa Pozna\u0144\",\"url\":\"https:\\\/\\\/www.samoobronapoznan.pl\\\/\",\"logo\":{\"@type\":\"ImageObject\",\"inLanguage\":\"pl-PL\",\"@id\":\"https:\\\/\\\/www.samoobronapoznan.pl\\\/#\\\/schema\\\/logo\\\/image\\\/\",\"url\":\"https:\\\/\\\/www.samoobronapoznan.pl\\\/wp-content\\\/uploads\\\/2022\\\/09\\\/WCSIB.jpg\",\"contentUrl\":\"https:\\\/\\\/www.samoobronapoznan.pl\\\/wp-content\\\/uploads\\\/2022\\\/09\\\/WCSIB.jpg\",\"width\":960,\"height\":956,\"caption\":\"Wielkopolskie Centrum Samoobrony i Bezpiecze\u0144stwa Pozna\u0144\"},\"image\":{\"@id\":\"https:\\\/\\\/www.samoobronapoznan.pl\\\/#\\\/schema\\\/logo\\\/image\\\/\"},\"sameAs\":[\"https:\\\/\\\/facebook.com\\\/samoobronapoznan\",\"https:\\\/\\\/www.instagram.com\\\/wcsib_poznan\"],\"email\":\"kontakt@samoobronapoznan.pl\",\"telephone\":\"+48 727 907 468\"},{\"@type\":\"Person\",\"@id\":\"https:\\\/\\\/www.samoobronapoznan.pl\\\/#\\\/schema\\\/person\\\/4295d11d32ead72538b58864473ec48a\",\"name\":\"admin\",\"image\":{\"@type\":\"ImageObject\",\"inLanguage\":\"pl-PL\",\"@id\":\"https:\\\/\\\/secure.gravatar.com\\\/avatar\\\/e40200dd69d1dc87a1ec24cf10423bb23d5e71333e5a5c3367457b193bf803f8?s=96&d=mm&r=g\",\"url\":\"https:\\\/\\\/secure.gravatar.com\\\/avatar\\\/e40200dd69d1dc87a1ec24cf10423bb23d5e71333e5a5c3367457b193bf803f8?s=96&d=mm&r=g\",\"contentUrl\":\"https:\\\/\\\/secure.gravatar.com\\\/avatar\\\/e40200dd69d1dc87a1ec24cf10423bb23d5e71333e5a5c3367457b193bf803f8?s=96&d=mm&r=g\",\"caption\":\"admin\"},\"sameAs\":[\"https:\\\/\\\/www.samoobronapoznan.pl\"],\"url\":\"https:\\\/\\\/www.samoobronapoznan.pl\\\/?author=1\"}]}<\/script>\n<!-- \/ Yoast SEO Premium plugin. -->","yoast_head_json":{"title":"Pomys\u0142 na event firmowy w Poznaniu","description":"Pomys\u0142 na event firmowy w Poznaniu \u2013 warsztaty bezpiecze\u0144stwa i samoobrony. Event firmowy Pozna\u0144 - integracja firmowa.","robots":{"index":"index","follow":"follow","max-snippet":"max-snippet:-1","max-image-preview":"max-image-preview:large","max-video-preview":"max-video-preview:-1"},"canonical":"https:\/\/www.samoobronapoznan.pl\/?p=2410","og_locale":"pl_PL","og_type":"article","og_title":"Pomys\u0142 na event firmowy w Poznaniu \u2013 warsztaty bezpiecze\u0144stwa i samoobrony","og_description":"Pomys\u0142 na event firmowy w Poznaniu \u2013 warsztaty bezpiecze\u0144stwa i samoobrony. Event firmowy Pozna\u0144 - integracja firmowa.","og_url":"https:\/\/www.samoobronapoznan.pl\/?p=2410","og_site_name":"Samoobrona Pozna\u0144","article_publisher":"https:\/\/facebook.com\/samoobronapoznan","article_published_time":"2026-07-01T12:11:46+00:00","article_modified_time":"2026-07-01T12:11:48+00:00","og_image":[{"url":"https:\/\/www.samoobronapoznan.pl\/wp-content\/uploads\/2025\/09\/IMG-20250824-WA0047.jpg","type":"","width":"","height":""}],"author":"admin","twitter_card":"summary_large_image","twitter_misc":{"Napisane przez":"admin","Szacowany czas czytania":"5 minut"},"schema":{"@context":"https:\/\/schema.org","@graph":[{"@type":"Article","@id":"https:\/\/www.samoobronapoznan.pl\/?p=2410#article","isPartOf":{"@id":"https:\/\/www.samoobronapoznan.pl\/?p=2410"},"author":{"name":"admin","@id":"https:\/\/www.samoobronapoznan.pl\/#\/schema\/person\/4295d11d32ead72538b58864473ec48a"},"headline":"Pomys\u0142 na event firmowy w Poznaniu \u2013 warsztaty bezpiecze\u0144stwa i samoobrony","datePublished":"2026-07-01T12:11:46+00:00","dateModified":"2026-07-01T12:11:48+00:00","mainEntityOfPage":{"@id":"https:\/\/www.samoobronapoznan.pl\/?p=2410"},"wordCount":902,"commentCount":0,"publisher":{"@id":"https:\/\/www.samoobronapoznan.pl\/#organization"},"image":{"@id":"https:\/\/www.samoobronapoznan.pl\/?p=2410#primaryimage"},"thumbnailUrl":"https:\/\/www.samoobronapoznan.pl\/wp-content\/uploads\/2025\/09\/IMG-20250824-WA0047.jpg","inLanguage":"pl-PL","potentialAction":[{"@type":"CommentAction","name":"Comment","target":["https:\/\/www.samoobronapoznan.pl\/?p=2410#respond"]}]},{"@type":"WebPage","@id":"https:\/\/www.samoobronapoznan.pl\/?p=2410","url":"https:\/\/www.samoobronapoznan.pl\/?p=2410","name":"Pomys\u0142 na event firmowy w Poznaniu","isPartOf":{"@id":"https:\/\/www.samoobronapoznan.pl\/#website"},"primaryImageOfPage":{"@id":"https:\/\/www.samoobronapoznan.pl\/?p=2410#primaryimage"},"image":{"@id":"https:\/\/www.samoobronapoznan.pl\/?p=2410#primaryimage"},"thumbnailUrl":"https:\/\/www.samoobronapoznan.pl\/wp-content\/uploads\/2025\/09\/IMG-20250824-WA0047.jpg","datePublished":"2026-07-01T12:11:46+00:00","dateModified":"2026-07-01T12:11:48+00:00","description":"Pomys\u0142 na event firmowy w Poznaniu \u2013 warsztaty bezpiecze\u0144stwa i samoobrony. Event firmowy Pozna\u0144 - integracja firmowa.","breadcrumb":{"@id":"https:\/\/www.samoobronapoznan.pl\/?p=2410#breadcrumb"},"inLanguage":"pl-PL","potentialAction":[{"@type":"ReadAction","target":["https:\/\/www.samoobronapoznan.pl\/?p=2410"]}]},{"@type":"ImageObject","inLanguage":"pl-PL","@id":"https:\/\/www.samoobronapoznan.pl\/?p=2410#primaryimage","url":"https:\/\/www.samoobronapoznan.pl\/wp-content\/uploads\/2025\/09\/IMG-20250824-WA0047.jpg","contentUrl":"https:\/\/www.samoobronapoznan.pl\/wp-content\/uploads\/2025\/09\/IMG-20250824-WA0047.jpg","width":1200,"height":1600,"caption":"kurs samoobrony dla kobiet poznan"},{"@type":"BreadcrumbList","@id":"https:\/\/www.samoobronapoznan.pl\/?p=2410#breadcrumb","itemListElement":[{"@type":"ListItem","position":1,"name":"Strona g\u0142\u00f3wna","item":"https:\/\/www.samoobronapoznan.pl\/"},{"@type":"ListItem","position":2,"name":"Pomys\u0142 na event firmowy w Poznaniu \u2013 warsztaty bezpiecze\u0144stwa i samoobrony"}]},{"@type":"WebSite","@id":"https:\/\/www.samoobronapoznan.pl\/#website","url":"https:\/\/www.samoobronapoznan.pl\/","name":"Samoobrona Pozna\u0144","description":"Wielkopolskie Centrum Samoobrony i Bezpiecze\u0144stwa","publisher":{"@id":"https:\/\/www.samoobronapoznan.pl\/#organization"},"potentialAction":[{"@type":"SearchAction","target":{"@type":"EntryPoint","urlTemplate":"https:\/\/www.samoobronapoznan.pl\/?s={search_term_string}"},"query-input":{"@type":"PropertyValueSpecification","valueRequired":true,"valueName":"search_term_string"}}],"inLanguage":"pl-PL"},{"@type":"Organization","@id":"https:\/\/www.samoobronapoznan.pl\/#organization","name":"Wielkopolskie Centrum Samoobrony i Bezpiecze\u0144stwa Pozna\u0144","url":"https:\/\/www.samoobronapoznan.pl\/","logo":{"@type":"ImageObject","inLanguage":"pl-PL","@id":"https:\/\/www.samoobronapoznan.pl\/#\/schema\/logo\/image\/","url":"https:\/\/www.samoobronapoznan.pl\/wp-content\/uploads\/2022\/09\/WCSIB.jpg","contentUrl":"https:\/\/www.samoobronapoznan.pl\/wp-content\/uploads\/2022\/09\/WCSIB.jpg","width":960,"height":956,"caption":"Wielkopolskie Centrum Samoobrony i Bezpiecze\u0144stwa Pozna\u0144"},"image":{"@id":"https:\/\/www.samoobronapoznan.pl\/#\/schema\/logo\/image\/"},"sameAs":["https:\/\/facebook.com\/samoobronapoznan","https:\/\/www.instagram.com\/wcsib_poznan"],"email":"kontakt@samoobronapoznan.pl","telephone":"+48 727 907 468"},{"@type":"Person","@id":"https:\/\/www.samoobronapoznan.pl\/#\/schema\/person\/4295d11d32ead72538b58864473ec48a","name":"admin","image":{"@type":"ImageObject","inLanguage":"pl-PL","@id":"https:\/\/secure.gravatar.com\/avatar\/e40200dd69d1dc87a1ec24cf10423bb23d5e71333e5a5c3367457b193bf803f8?s=96&d=mm&r=g","url":"https:\/\/secure.gravatar.com\/avatar\/e40200dd69d1dc87a1ec24cf10423bb23d5e71333e5a5c3367457b193bf803f8?s=96&d=mm&r=g","contentUrl":"https:\/\/secure.gravatar.com\/avatar\/e40200dd69d1dc87a1ec24cf10423bb23d5e71333e5a5c3367457b193bf803f8?s=96&d=mm&r=g","caption":"admin"},"sameAs":["https:\/\/www.samoobronapoznan.pl"],"url":"https:\/\/www.samoobronapoznan.pl\/?author=1"}]}},"_links":{"self":[{"href":"https:\/\/www.samoobronapoznan.pl\/index.php?rest_route=\/wp\/v2\/posts\/2410","targetHints":{"allow":["GET"]}}],"collection":[{"href":"https:\/\/www.samoobronapoznan.pl\/index.php?rest_route=\/wp\/v2\/posts"}],"about":[{"href":"https:\/\/www.samoobronapoznan.pl\/index.php?rest_route=\/wp\/v2\/types\/post"}],"author":[{"embeddable":true,"href":"https:\/\/www.samoobronapoznan.pl\/index.php?rest_route=\/wp\/v2\/users\/1"}],"replies":[{"embeddable":true,"href":"https:\/\/www.samoobronapoznan.pl\/index.php?rest_route=%2Fwp%2Fv2%2Fcomments&post=2410"}],"version-history":[{"count":1,"href":"https:\/\/www.samoobronapoznan.pl\/index.php?rest_route=\/wp\/v2\/posts\/2410\/revisions"}],"predecessor-version":[{"id":2411,"href":"https:\/\/www.samoobronapoznan.pl\/index.php?rest_route=\/wp\/v2\/posts\/2410\/revisions\/2411"}],"wp:attachment":[{"href":"https:\/\/www.samoobronapoznan.pl\/index.php?rest_route=%2Fwp%2Fv2%2Fmedia&parent=2410"}],"wp:term":[{"taxonomy":"category","embeddable":true,"href":"https:\/\/www.samoobronapoznan.pl\/index.php?rest_route=%2Fwp%2Fv2%2Fcategories&post=2410"},{"taxonomy":"post_tag","embeddable":true,"href":"https:\/\/www.samoobronapoznan.pl\/index.php?rest_route=%2Fwp%2Fv2%2Ftags&post=2410"}],"curies":[{"name":"wp","href":"https:\/\/api.w.org\/{rel}","templated":true}]}}