{"id":2412,"date":"2026-07-01T12:14:05","date_gmt":"2026-07-01T12:14:05","guid":{"rendered":"https:\/\/www.samoobronapoznan.pl\/?p=2412"},"modified":"2026-07-01T12:14:07","modified_gmt":"2026-07-01T12:14:07","slug":"nietypowa-integracja-firmowa-w-poznaniu","status":"publish","type":"post","link":"https:\/\/www.samoobronapoznan.pl\/?p=2412","title":{"rendered":"Nietypowa integracja firmowa w Poznaniu \u2013 co\u015b wi\u0119cej ni\u017c kolacja i kr\u0119gle"},"content":{"rendered":"\n<!-- \nTitle SEO: Nietypowa integracja firmowa w Poznaniu \u2013 warsztaty bezpiecze\u0144stwa dla zespo\u0142u\nMeta description: Szukasz nietypowej integracji firmowej w Poznaniu? Warsztaty bezpiecze\u0144stwa i samoobrony to aktywny spos\u00f3b na integracj\u0119 zespo\u0142u, komunikacj\u0119 i praktyczne umiej\u0119tno\u015bci.\nSlug: nietypowa-integracja-firmowa-poznan-warsztaty-bezpieczenstwa\n-->\n\n<article>\n\n  <h1>Nietypowa integracja firmowa w Poznaniu \u2013 co\u015b wi\u0119cej ni\u017c kolacja i kr\u0119gle<\/h1>\n\n  <p>\n    <strong>Nietypowa integracja firmowa w Poznaniu<\/strong> to coraz cz\u0119\u015bciej co\u015b wi\u0119cej ni\u017c wsp\u00f3lna kolacja, wyj\u015bcie na kr\u0119gle, escape room albo klasyczny event z cateringiem. Firmy szukaj\u0105 dzi\u015b takich form spotka\u0144, kt\u00f3re anga\u017cuj\u0105 pracownik\u00f3w, buduj\u0105 relacje w zespole i jednocze\u015bnie zostawiaj\u0105 po sobie konkretn\u0105 warto\u015b\u0107. Jednym z takich rozwi\u0105za\u0144 s\u0105 warsztaty bezpiecze\u0144stwa osobistego i samoobrony dla firm.\n  <\/p>\n\n  <p>\n    To propozycja dla zespo\u0142\u00f3w, kt\u00f3re chc\u0105 zrobi\u0107 co\u015b aktywnego, praktycznego i zapami\u0119tywalnego. Uczestnicy nie siedz\u0105 biernie na prezentacji, ale \u0107wicz\u0105, wsp\u00f3\u0142pracuj\u0105, reaguj\u0105 na kr\u00f3tkie scenariusze i poznaj\u0105 zasady, kt\u00f3re mog\u0105 przyda\u0107 si\u0119 w codziennym \u017cyciu \u2014 w pracy, w drodze do domu, podczas wyjazdu s\u0142u\u017cbowego albo w sytuacji kontaktu z osob\u0105 agresywn\u0105.\n  <\/p>\n\n  <figure>\n    <img decoding=\"async\" \n      src=\"https:\/\/www.samoobronapoznan.pl\/wp-content\/uploads\/2025\/09\/IMG-20250824-WA0047.jpg\" \n      alt=\"Nietypowa integracja firmowa w Poznaniu - warsztaty bezpiecze\u0144stwa i samoobrony dla zespo\u0142u\" \n      style=\"width:100%; height:auto;\" \n      loading=\"lazy\">\n    <figcaption>Warsztaty bezpiecze\u0144stwa osobistego jako nietypowa integracja firmowa w Poznaniu.<\/figcaption>\n  <\/figure>\n\n  <h2>Dlaczego firmy szukaj\u0105 nietypowych form integracji?<\/h2>\n\n  <p>\n    Standardowe integracje firmowe maj\u0105 swoje miejsce, ale nie zawsze odpowiadaj\u0105 na potrzeby zespo\u0142u. Cz\u0119\u015b\u0107 pracownik\u00f3w nie przepada za imprezami, cz\u0119\u015b\u0107 nie chce uczestniczy\u0107 w typowych aktywno\u015bciach rozrywkowych, a cz\u0119\u015b\u0107 oczekuje od wydarzenia czego\u015b bardziej warto\u015bciowego. Dlatego coraz wi\u0119kszym zainteresowaniem ciesz\u0105 si\u0119 warsztaty, kt\u00f3re \u0142\u0105cz\u0105 integracj\u0119, rozw\u00f3j i praktyczne do\u015bwiadczenie.\n  <\/p>\n\n  <p>\n    Warsztaty bezpiecze\u0144stwa dobrze wpisuj\u0105 si\u0119 w ten trend. Nie wymagaj\u0105 sportowego przygotowania, nie s\u0105 rywalizacj\u0105 i nie maj\u0105 charakteru militarnego. To raczej aktywna forma pracy z grup\u0105, w kt\u00f3rej uczestnicy ucz\u0105 si\u0119 prostych reakcji, komunikacji, dystansu, obserwacji otoczenia i wsp\u00f3\u0142pracy w sytuacjach stresowych.\n  <\/p>\n\n  <p>\n    Je\u017celi szukasz szerszej inspiracji na wydarzenie firmowe, zobacz te\u017c poprzedni artyku\u0142: \n    <a href=\"https:\/\/www.samoobronapoznan.pl\/?p=2410\">pomys\u0142 na event firmowy w Poznaniu \u2013 warsztaty bezpiecze\u0144stwa i samoobrony<\/a>.\n  <\/p>\n\n  <h2>Integracja firmowa, kt\u00f3ra anga\u017cuje ca\u0142y zesp\u00f3\u0142<\/h2>\n\n  <p>\n    Dobra integracja nie polega tylko na tym, \u017ce ludzie znajduj\u0105 si\u0119 w jednym miejscu. Chodzi o wsp\u00f3lne dzia\u0142anie, kontakt, rozmow\u0119 i do\u015bwiadczenie, kt\u00f3re p\u00f3\u017aniej staje si\u0119 punktem odniesienia dla zespo\u0142u. Warsztaty bezpiecze\u0144stwa osobistego pozwalaj\u0105 osi\u0105gn\u0105\u0107 taki efekt w naturalny spos\u00f3b.\n  <\/p>\n\n  <p>\n    Uczestnicy pracuj\u0105 w parach lub ma\u0142ych grupach, zmieniaj\u0105 partner\u00f3w, wykonuj\u0105 proste zadania i ucz\u0105 si\u0119 reagowa\u0107 na konkretne sytuacje. Dzi\u0119ki temu osoby z r\u00f3\u017cnych dzia\u0142\u00f3w mog\u0105 wej\u015b\u0107 ze sob\u0105 w kontakt bez sztucznej atmosfery i bez wymuszonej zabawy. To praktyczna integracja, kt\u00f3ra nie opiera si\u0119 wy\u0142\u0105cznie na rozrywce, ale na wsp\u00f3lnym do\u015bwiadczeniu.\n  <\/p>\n\n  <p style=\"text-align:center; margin:30px 0;\">\n    <a href=\"https:\/\/www.samoobronapoznan.pl\/dla-firm\/index.php\" \n       style=\"display:inline-block; background:#d92b2b; color:#ffffff; padding:14px 24px; text-decoration:none; border-radius:6px; font-weight:bold;\">\n       Zobacz nietypowe warsztaty dla firm w Poznaniu\n    <\/a>\n  <\/p>\n\n  <h2>Co mo\u017cna robi\u0107 podczas takich warsztat\u00f3w?<\/h2>\n\n  <p>\n    Program warsztat\u00f3w mo\u017cna dopasowa\u0107 do charakteru wydarzenia, liczby uczestnik\u00f3w i celu firmy. W l\u017cejszej wersji zaj\u0119cia mog\u0105 by\u0107 aktywn\u0105 atrakcj\u0105 eventow\u0105. W bardziej rozbudowanej wersji mog\u0105 sta\u0107 si\u0119 szkoleniem z bezpiecze\u0144stwa osobistego dla pracownik\u00f3w.\n  <\/p>\n\n  <p>\n    Podczas warsztat\u00f3w mo\u017cna poruszy\u0107 mi\u0119dzy innymi takie tematy jak: bezpieczny powr\u00f3t do domu po zmroku, reakcja na natarczywe zachowanie, podstawy deeskalacji konfliktu, ustawienie cia\u0142a i zachowanie dystansu, uwalnianie si\u0119 z prostych chwyt\u00f3w, komunikacja w stresie, praca w parze oraz zasady u\u017cywania prostych narz\u0119dzi bezpiecze\u0144stwa w granicach prawa.\n  <\/p>\n\n  <p>\n    Najwa\u017cniejsze jest to, \u017ce uczestnicy nie dostaj\u0105 wy\u0142\u0105cznie teorii. Wi\u0119kszo\u015b\u0107 element\u00f3w mo\u017cna prze\u0107wiczy\u0107 w bezpiecznych, kontrolowanych warunkach, bez kontaktu sportowego i bez presji fizycznej.\n  <\/p>\n\n  <h2>Nietypowa integracja firmowa bez presji i rywalizacji<\/h2>\n\n  <p>\n    W wielu firmach dobrze sprawdzaj\u0105 si\u0119 aktywno\u015bci, kt\u00f3re nie dziel\u0105 ludzi na \u201elepszych\u201d i \u201egorszych\u201d. Warsztaty bezpiecze\u0144stwa mo\u017cna poprowadzi\u0107 tak, aby ka\u017cdy uczestnik czu\u0142 si\u0119 komfortowo. Nie chodzi o sprawdzanie si\u0142y, kondycji ani odwagi. Chodzi o \u015bwiadomo\u015b\u0107, komunikacj\u0119 i proste rozwi\u0105zania.\n  <\/p>\n\n  <p>\n    Dzi\u0119ki temu w zaj\u0119ciach mog\u0105 uczestniczy\u0107 osoby w r\u00f3\u017cnym wieku, o r\u00f3\u017cnym poziomie sprawno\u015bci i z r\u00f3\u017cnych dzia\u0142\u00f3w firmy. To wa\u017cne szczeg\u00f3lnie wtedy, gdy integracja firmowa ma by\u0107 dost\u0119pna dla ca\u0142ego zespo\u0142u, a nie tylko dla os\u00f3b lubi\u0105cych sportowe wyzwania.\n  <\/p>\n\n  <h2>Dla kogo sprawdzi si\u0119 taka integracja?<\/h2>\n\n  <p>\n    Warsztaty bezpiecze\u0144stwa jako integracja firmowa mog\u0105 sprawdzi\u0107 si\u0119 w ma\u0142ych i du\u017cych zespo\u0142ach. Mog\u0105 by\u0107 dobrym wyborem dla firm biurowych, technologicznych, handlowych, produkcyjnych, logistycznych, medycznych, edukacyjnych i us\u0142ugowych. Szczeg\u00f3lnie dobrze pasuj\u0105 do zespo\u0142\u00f3w, kt\u00f3re pracuj\u0105 z klientami, je\u017cd\u017c\u0105 s\u0142u\u017cbowo, wracaj\u0105 p\u00f3\u017ano z pracy albo maj\u0105 kontakt z trudnymi sytuacjami w terenie.\n  <\/p>\n\n  <p>\n    Taki format mo\u017cna wykorzysta\u0107 podczas spotkania dzia\u0142owego, wyjazdu integracyjnego, dnia bezpiecze\u0144stwa, eventu HR, konferencji wewn\u0119trznej albo wydarzenia firmowego organizowanego w Poznaniu.\n  <\/p>\n\n  <h2>Alternatywa dla standardowych atrakcji firmowych<\/h2>\n\n  <p>\n    Kolacja firmowa, kr\u0119gle czy escape room mog\u0105 by\u0107 przyjemne, ale cz\u0119sto nie wyr\u00f3\u017cniaj\u0105 si\u0119 na tle wcze\u015bniejszych wydarze\u0144. Warsztaty bezpiecze\u0144stwa s\u0105 inne, bo \u0142\u0105cz\u0105 ruch, rozmow\u0119, praktyk\u0119 i temat, kt\u00f3ry dotyczy ka\u017cdego. Bezpiecze\u0144stwo osobiste nie jest abstrakcyjn\u0105 teori\u0105 \u2014 to co\u015b, co mo\u017ce mie\u0107 znaczenie w drodze do domu, podczas podr\u00f3\u017cy, na ulicy, w komunikacji miejskiej albo w kontakcie z agresywn\u0105 osob\u0105.\n  <\/p>\n\n  <p>\n    Dlatego taka forma integracji mo\u017ce zosta\u0107 dobrze zapami\u0119tana przez uczestnik\u00f3w. Daje emocje, ale nie jest przypadkow\u0105 zabaw\u0105. Daje wiedz\u0119, ale nie jest suchym szkoleniem. Daje aktywno\u015b\u0107, ale nie wymaga sportowego przygotowania.\n  <\/p>\n\n  <h2>Warsztaty bezpiecze\u0144stwa dla firm w Poznaniu<\/h2>\n\n  <p>\n    Je\u017celi firma szuka pomys\u0142u na nietypow\u0105 integracj\u0119 firmow\u0105 w Poznaniu, warsztaty bezpiecze\u0144stwa osobistego i samoobrony mog\u0105 by\u0107 ciekawym rozwi\u0105zaniem. To format, kt\u00f3ry mo\u017cna dopasowa\u0107 do czasu, miejsca, liczby uczestnik\u00f3w i charakteru wydarzenia.\n  <\/p>\n\n  <p>\n    Mo\u017cna zorganizowa\u0107 kr\u00f3tk\u0105, dynamiczn\u0105 atrakcj\u0119 na 60\u201390 minut, d\u0142u\u017cszy warsztat 2\u20133 godzinny albo rozbudowany blok szkoleniowy w ramach dnia bezpiecze\u0144stwa. W ka\u017cdym wariancie celem jest zaanga\u017cowanie zespo\u0142u, praktyczna wiedza i dobra atmosfera.\n  <\/p>\n\n  <p style=\"text-align:center; margin:35px 0;\">\n    <a href=\"https:\/\/www.samoobronapoznan.pl\/dla-firm\/index.php\" \n       style=\"display:inline-block; background:#d92b2b; color:#ffffff; padding:15px 26px; text-decoration:none; border-radius:6px; font-weight:bold;\">\n       Sprawd\u017a ofert\u0119 integracji i warsztat\u00f3w dla firm\n    <\/a>\n  <\/p>\n\n<\/article>\n","protected":false},"excerpt":{"rendered":"<p>Nietypowa integracja firmowa w Poznaniu \u2013 co\u015b wi\u0119cej ni\u017c kolacja i kr\u0119gle Nietypowa integracja firmowa w Poznaniu to coraz cz\u0119\u015bciej co\u015b wi\u0119cej ni\u017c wsp\u00f3lna kolacja, wyj\u015bcie na kr\u0119gle, escape room albo klasyczny event z cateringiem. Firmy szukaj\u0105 dzi\u015b takich form spotka\u0144, kt\u00f3re anga\u017cuj\u0105 pracownik\u00f3w, buduj\u0105 relacje w zespole i jednocze\u015bnie zostawiaj\u0105 po sobie konkretn\u0105 warto\u015b\u0107. Jednym z takich rozwi\u0105za\u0144 s\u0105 warsztaty bezpiecze\u0144stwa osobistego i samoobrony dla firm. To propozycja dla zespo\u0142\u00f3w, kt\u00f3re chc\u0105 zrobi\u0107 co\u015b aktywnego, praktycznego i zapami\u0119tywalnego. Uczestnicy nie siedz\u0105 biernie na prezentacji, ale \u0107wicz\u0105, wsp\u00f3\u0142pracuj\u0105, reaguj\u0105 na kr\u00f3tkie scenariusze i poznaj\u0105 zasady, kt\u00f3re mog\u0105 przyda\u0107 si\u0119 w&#8230; <\/p>\n","protected":false},"author":1,"featured_media":0,"comment_status":"open","ping_status":"open","sticky":false,"template":"","format":"standard","meta":{"ngg_post_thumbnail":0,"footnotes":""},"categories":[32],"tags":[],"class_list":["post-2412","post","type-post","status-publish","format-standard","hentry","category-bez-kategorii-pl"],"yoast_head":"<!-- This site is optimized with the Yoast SEO Premium plugin v26.6 (Yoast SEO v28.3) - https:\/\/yoast.com\/product\/yoast-seo-premium-wordpress\/ -->\n<title>Nietypowa integracja firmowa w Poznaniu<\/title>\n<meta name=\"description\" content=\"Nietypowa integracja firmowa w Poznaniu \u2013 co\u015b wi\u0119cej ni\u017c kolacja i kr\u0119gle - integracja firmowa Pozna\u0144, pomys\u0142 na event firmowy\" \/>\n<meta name=\"robots\" content=\"index, follow, max-snippet:-1, max-image-preview:large, max-video-preview:-1\" \/>\n<link rel=\"canonical\" href=\"https:\/\/www.samoobronapoznan.pl\/?p=2412\" \/>\n<meta property=\"og:locale\" content=\"pl_PL\" \/>\n<meta property=\"og:type\" content=\"article\" \/>\n<meta property=\"og:title\" content=\"Nietypowa integracja firmowa w Poznaniu \u2013 co\u015b wi\u0119cej ni\u017c kolacja i kr\u0119gle\" \/>\n<meta property=\"og:description\" content=\"Nietypowa integracja firmowa w Poznaniu \u2013 co\u015b wi\u0119cej ni\u017c kolacja i kr\u0119gle - integracja firmowa Pozna\u0144, pomys\u0142 na event firmowy\" \/>\n<meta property=\"og:url\" content=\"https:\/\/www.samoobronapoznan.pl\/?p=2412\" \/>\n<meta property=\"og:site_name\" content=\"Samoobrona Pozna\u0144\" \/>\n<meta property=\"article:publisher\" content=\"https:\/\/facebook.com\/samoobronapoznan\" \/>\n<meta property=\"article:published_time\" content=\"2026-07-01T12:14:05+00:00\" \/>\n<meta property=\"article:modified_time\" content=\"2026-07-01T12:14:07+00:00\" \/>\n<meta property=\"og:image\" content=\"https:\/\/www.samoobronapoznan.pl\/wp-content\/uploads\/2025\/09\/IMG-20250824-WA0047.jpg\" \/>\n<meta name=\"author\" content=\"admin\" \/>\n<meta name=\"twitter:card\" content=\"summary_large_image\" \/>\n<meta name=\"twitter:label1\" content=\"Napisane przez\" \/>\n\t<meta name=\"twitter:data1\" content=\"admin\" \/>\n\t<meta name=\"twitter:label2\" content=\"Szacowany czas czytania\" \/>\n\t<meta name=\"twitter:data2\" content=\"6 minut\" \/>\n<script type=\"application\/ld+json\" class=\"yoast-schema-graph\">{\"@context\":\"https:\\\/\\\/schema.org\",\"@graph\":[{\"@type\":\"Article\",\"@id\":\"https:\\\/\\\/www.samoobronapoznan.pl\\\/?p=2412#article\",\"isPartOf\":{\"@id\":\"https:\\\/\\\/www.samoobronapoznan.pl\\\/?p=2412\"},\"author\":{\"name\":\"admin\",\"@id\":\"https:\\\/\\\/www.samoobronapoznan.pl\\\/#\\\/schema\\\/person\\\/4295d11d32ead72538b58864473ec48a\"},\"headline\":\"Nietypowa integracja firmowa w Poznaniu \u2013 co\u015b wi\u0119cej ni\u017c kolacja i kr\u0119gle\",\"datePublished\":\"2026-07-01T12:14:05+00:00\",\"dateModified\":\"2026-07-01T12:14:07+00:00\",\"mainEntityOfPage\":{\"@id\":\"https:\\\/\\\/www.samoobronapoznan.pl\\\/?p=2412\"},\"wordCount\":959,\"commentCount\":0,\"publisher\":{\"@id\":\"https:\\\/\\\/www.samoobronapoznan.pl\\\/#organization\"},\"image\":{\"@id\":\"https:\\\/\\\/www.samoobronapoznan.pl\\\/?p=2412#primaryimage\"},\"thumbnailUrl\":\"https:\\\/\\\/www.samoobronapoznan.pl\\\/wp-content\\\/uploads\\\/2025\\\/09\\\/IMG-20250824-WA0047.jpg\",\"inLanguage\":\"pl-PL\",\"potentialAction\":[{\"@type\":\"CommentAction\",\"name\":\"Comment\",\"target\":[\"https:\\\/\\\/www.samoobronapoznan.pl\\\/?p=2412#respond\"]}]},{\"@type\":\"WebPage\",\"@id\":\"https:\\\/\\\/www.samoobronapoznan.pl\\\/?p=2412\",\"url\":\"https:\\\/\\\/www.samoobronapoznan.pl\\\/?p=2412\",\"name\":\"Nietypowa integracja firmowa w Poznaniu\",\"isPartOf\":{\"@id\":\"https:\\\/\\\/www.samoobronapoznan.pl\\\/#website\"},\"primaryImageOfPage\":{\"@id\":\"https:\\\/\\\/www.samoobronapoznan.pl\\\/?p=2412#primaryimage\"},\"image\":{\"@id\":\"https:\\\/\\\/www.samoobronapoznan.pl\\\/?p=2412#primaryimage\"},\"thumbnailUrl\":\"https:\\\/\\\/www.samoobronapoznan.pl\\\/wp-content\\\/uploads\\\/2025\\\/09\\\/IMG-20250824-WA0047.jpg\",\"datePublished\":\"2026-07-01T12:14:05+00:00\",\"dateModified\":\"2026-07-01T12:14:07+00:00\",\"description\":\"Nietypowa integracja firmowa w Poznaniu \u2013 co\u015b wi\u0119cej ni\u017c kolacja i kr\u0119gle - integracja firmowa Pozna\u0144, pomys\u0142 na event firmowy\",\"breadcrumb\":{\"@id\":\"https:\\\/\\\/www.samoobronapoznan.pl\\\/?p=2412#breadcrumb\"},\"inLanguage\":\"pl-PL\",\"potentialAction\":[{\"@type\":\"ReadAction\",\"target\":[\"https:\\\/\\\/www.samoobronapoznan.pl\\\/?p=2412\"]}]},{\"@type\":\"ImageObject\",\"inLanguage\":\"pl-PL\",\"@id\":\"https:\\\/\\\/www.samoobronapoznan.pl\\\/?p=2412#primaryimage\",\"url\":\"https:\\\/\\\/www.samoobronapoznan.pl\\\/wp-content\\\/uploads\\\/2025\\\/09\\\/IMG-20250824-WA0047.jpg\",\"contentUrl\":\"https:\\\/\\\/www.samoobronapoznan.pl\\\/wp-content\\\/uploads\\\/2025\\\/09\\\/IMG-20250824-WA0047.jpg\",\"width\":1200,\"height\":1600,\"caption\":\"kurs samoobrony dla kobiet poznan\"},{\"@type\":\"BreadcrumbList\",\"@id\":\"https:\\\/\\\/www.samoobronapoznan.pl\\\/?p=2412#breadcrumb\",\"itemListElement\":[{\"@type\":\"ListItem\",\"position\":1,\"name\":\"Strona g\u0142\u00f3wna\",\"item\":\"https:\\\/\\\/www.samoobronapoznan.pl\\\/\"},{\"@type\":\"ListItem\",\"position\":2,\"name\":\"Nietypowa integracja firmowa w Poznaniu \u2013 co\u015b wi\u0119cej ni\u017c kolacja i kr\u0119gle\"}]},{\"@type\":\"WebSite\",\"@id\":\"https:\\\/\\\/www.samoobronapoznan.pl\\\/#website\",\"url\":\"https:\\\/\\\/www.samoobronapoznan.pl\\\/\",\"name\":\"Samoobrona Pozna\u0144\",\"description\":\"Wielkopolskie Centrum Samoobrony i Bezpiecze\u0144stwa\",\"publisher\":{\"@id\":\"https:\\\/\\\/www.samoobronapoznan.pl\\\/#organization\"},\"potentialAction\":[{\"@type\":\"SearchAction\",\"target\":{\"@type\":\"EntryPoint\",\"urlTemplate\":\"https:\\\/\\\/www.samoobronapoznan.pl\\\/?s={search_term_string}\"},\"query-input\":{\"@type\":\"PropertyValueSpecification\",\"valueRequired\":true,\"valueName\":\"search_term_string\"}}],\"inLanguage\":\"pl-PL\"},{\"@type\":\"Organization\",\"@id\":\"https:\\\/\\\/www.samoobronapoznan.pl\\\/#organization\",\"name\":\"Wielkopolskie Centrum Samoobrony i Bezpiecze\u0144stwa Pozna\u0144\",\"url\":\"https:\\\/\\\/www.samoobronapoznan.pl\\\/\",\"logo\":{\"@type\":\"ImageObject\",\"inLanguage\":\"pl-PL\",\"@id\":\"https:\\\/\\\/www.samoobronapoznan.pl\\\/#\\\/schema\\\/logo\\\/image\\\/\",\"url\":\"https:\\\/\\\/www.samoobronapoznan.pl\\\/wp-content\\\/uploads\\\/2022\\\/09\\\/WCSIB.jpg\",\"contentUrl\":\"https:\\\/\\\/www.samoobronapoznan.pl\\\/wp-content\\\/uploads\\\/2022\\\/09\\\/WCSIB.jpg\",\"width\":960,\"height\":956,\"caption\":\"Wielkopolskie Centrum Samoobrony i Bezpiecze\u0144stwa Pozna\u0144\"},\"image\":{\"@id\":\"https:\\\/\\\/www.samoobronapoznan.pl\\\/#\\\/schema\\\/logo\\\/image\\\/\"},\"sameAs\":[\"https:\\\/\\\/facebook.com\\\/samoobronapoznan\",\"https:\\\/\\\/www.instagram.com\\\/wcsib_poznan\"],\"email\":\"kontakt@samoobronapoznan.pl\",\"telephone\":\"+48 727 907 468\"},{\"@type\":\"Person\",\"@id\":\"https:\\\/\\\/www.samoobronapoznan.pl\\\/#\\\/schema\\\/person\\\/4295d11d32ead72538b58864473ec48a\",\"name\":\"admin\",\"image\":{\"@type\":\"ImageObject\",\"inLanguage\":\"pl-PL\",\"@id\":\"https:\\\/\\\/secure.gravatar.com\\\/avatar\\\/e40200dd69d1dc87a1ec24cf10423bb23d5e71333e5a5c3367457b193bf803f8?s=96&d=mm&r=g\",\"url\":\"https:\\\/\\\/secure.gravatar.com\\\/avatar\\\/e40200dd69d1dc87a1ec24cf10423bb23d5e71333e5a5c3367457b193bf803f8?s=96&d=mm&r=g\",\"contentUrl\":\"https:\\\/\\\/secure.gravatar.com\\\/avatar\\\/e40200dd69d1dc87a1ec24cf10423bb23d5e71333e5a5c3367457b193bf803f8?s=96&d=mm&r=g\",\"caption\":\"admin\"},\"sameAs\":[\"https:\\\/\\\/www.samoobronapoznan.pl\"],\"url\":\"https:\\\/\\\/www.samoobronapoznan.pl\\\/?author=1\"}]}<\/script>\n<!-- \/ Yoast SEO Premium plugin. -->","yoast_head_json":{"title":"Nietypowa integracja firmowa w Poznaniu","description":"Nietypowa integracja firmowa w Poznaniu \u2013 co\u015b wi\u0119cej ni\u017c kolacja i kr\u0119gle - integracja firmowa Pozna\u0144, pomys\u0142 na event firmowy","robots":{"index":"index","follow":"follow","max-snippet":"max-snippet:-1","max-image-preview":"max-image-preview:large","max-video-preview":"max-video-preview:-1"},"canonical":"https:\/\/www.samoobronapoznan.pl\/?p=2412","og_locale":"pl_PL","og_type":"article","og_title":"Nietypowa integracja firmowa w Poznaniu \u2013 co\u015b wi\u0119cej ni\u017c kolacja i kr\u0119gle","og_description":"Nietypowa integracja firmowa w Poznaniu \u2013 co\u015b wi\u0119cej ni\u017c kolacja i kr\u0119gle - integracja firmowa Pozna\u0144, pomys\u0142 na event firmowy","og_url":"https:\/\/www.samoobronapoznan.pl\/?p=2412","og_site_name":"Samoobrona Pozna\u0144","article_publisher":"https:\/\/facebook.com\/samoobronapoznan","article_published_time":"2026-07-01T12:14:05+00:00","article_modified_time":"2026-07-01T12:14:07+00:00","og_image":[{"url":"https:\/\/www.samoobronapoznan.pl\/wp-content\/uploads\/2025\/09\/IMG-20250824-WA0047.jpg","type":"","width":"","height":""}],"author":"admin","twitter_card":"summary_large_image","twitter_misc":{"Napisane przez":"admin","Szacowany czas czytania":"6 minut"},"schema":{"@context":"https:\/\/schema.org","@graph":[{"@type":"Article","@id":"https:\/\/www.samoobronapoznan.pl\/?p=2412#article","isPartOf":{"@id":"https:\/\/www.samoobronapoznan.pl\/?p=2412"},"author":{"name":"admin","@id":"https:\/\/www.samoobronapoznan.pl\/#\/schema\/person\/4295d11d32ead72538b58864473ec48a"},"headline":"Nietypowa integracja firmowa w Poznaniu \u2013 co\u015b wi\u0119cej ni\u017c kolacja i kr\u0119gle","datePublished":"2026-07-01T12:14:05+00:00","dateModified":"2026-07-01T12:14:07+00:00","mainEntityOfPage":{"@id":"https:\/\/www.samoobronapoznan.pl\/?p=2412"},"wordCount":959,"commentCount":0,"publisher":{"@id":"https:\/\/www.samoobronapoznan.pl\/#organization"},"image":{"@id":"https:\/\/www.samoobronapoznan.pl\/?p=2412#primaryimage"},"thumbnailUrl":"https:\/\/www.samoobronapoznan.pl\/wp-content\/uploads\/2025\/09\/IMG-20250824-WA0047.jpg","inLanguage":"pl-PL","potentialAction":[{"@type":"CommentAction","name":"Comment","target":["https:\/\/www.samoobronapoznan.pl\/?p=2412#respond"]}]},{"@type":"WebPage","@id":"https:\/\/www.samoobronapoznan.pl\/?p=2412","url":"https:\/\/www.samoobronapoznan.pl\/?p=2412","name":"Nietypowa integracja firmowa w Poznaniu","isPartOf":{"@id":"https:\/\/www.samoobronapoznan.pl\/#website"},"primaryImageOfPage":{"@id":"https:\/\/www.samoobronapoznan.pl\/?p=2412#primaryimage"},"image":{"@id":"https:\/\/www.samoobronapoznan.pl\/?p=2412#primaryimage"},"thumbnailUrl":"https:\/\/www.samoobronapoznan.pl\/wp-content\/uploads\/2025\/09\/IMG-20250824-WA0047.jpg","datePublished":"2026-07-01T12:14:05+00:00","dateModified":"2026-07-01T12:14:07+00:00","description":"Nietypowa integracja firmowa w Poznaniu \u2013 co\u015b wi\u0119cej ni\u017c kolacja i kr\u0119gle - integracja firmowa Pozna\u0144, pomys\u0142 na event firmowy","breadcrumb":{"@id":"https:\/\/www.samoobronapoznan.pl\/?p=2412#breadcrumb"},"inLanguage":"pl-PL","potentialAction":[{"@type":"ReadAction","target":["https:\/\/www.samoobronapoznan.pl\/?p=2412"]}]},{"@type":"ImageObject","inLanguage":"pl-PL","@id":"https:\/\/www.samoobronapoznan.pl\/?p=2412#primaryimage","url":"https:\/\/www.samoobronapoznan.pl\/wp-content\/uploads\/2025\/09\/IMG-20250824-WA0047.jpg","contentUrl":"https:\/\/www.samoobronapoznan.pl\/wp-content\/uploads\/2025\/09\/IMG-20250824-WA0047.jpg","width":1200,"height":1600,"caption":"kurs samoobrony dla kobiet poznan"},{"@type":"BreadcrumbList","@id":"https:\/\/www.samoobronapoznan.pl\/?p=2412#breadcrumb","itemListElement":[{"@type":"ListItem","position":1,"name":"Strona g\u0142\u00f3wna","item":"https:\/\/www.samoobronapoznan.pl\/"},{"@type":"ListItem","position":2,"name":"Nietypowa integracja firmowa w Poznaniu \u2013 co\u015b wi\u0119cej ni\u017c kolacja i kr\u0119gle"}]},{"@type":"WebSite","@id":"https:\/\/www.samoobronapoznan.pl\/#website","url":"https:\/\/www.samoobronapoznan.pl\/","name":"Samoobrona Pozna\u0144","description":"Wielkopolskie Centrum Samoobrony i Bezpiecze\u0144stwa","publisher":{"@id":"https:\/\/www.samoobronapoznan.pl\/#organization"},"potentialAction":[{"@type":"SearchAction","target":{"@type":"EntryPoint","urlTemplate":"https:\/\/www.samoobronapoznan.pl\/?s={search_term_string}"},"query-input":{"@type":"PropertyValueSpecification","valueRequired":true,"valueName":"search_term_string"}}],"inLanguage":"pl-PL"},{"@type":"Organization","@id":"https:\/\/www.samoobronapoznan.pl\/#organization","name":"Wielkopolskie Centrum Samoobrony i Bezpiecze\u0144stwa Pozna\u0144","url":"https:\/\/www.samoobronapoznan.pl\/","logo":{"@type":"ImageObject","inLanguage":"pl-PL","@id":"https:\/\/www.samoobronapoznan.pl\/#\/schema\/logo\/image\/","url":"https:\/\/www.samoobronapoznan.pl\/wp-content\/uploads\/2022\/09\/WCSIB.jpg","contentUrl":"https:\/\/www.samoobronapoznan.pl\/wp-content\/uploads\/2022\/09\/WCSIB.jpg","width":960,"height":956,"caption":"Wielkopolskie Centrum Samoobrony i Bezpiecze\u0144stwa Pozna\u0144"},"image":{"@id":"https:\/\/www.samoobronapoznan.pl\/#\/schema\/logo\/image\/"},"sameAs":["https:\/\/facebook.com\/samoobronapoznan","https:\/\/www.instagram.com\/wcsib_poznan"],"email":"kontakt@samoobronapoznan.pl","telephone":"+48 727 907 468"},{"@type":"Person","@id":"https:\/\/www.samoobronapoznan.pl\/#\/schema\/person\/4295d11d32ead72538b58864473ec48a","name":"admin","image":{"@type":"ImageObject","inLanguage":"pl-PL","@id":"https:\/\/secure.gravatar.com\/avatar\/e40200dd69d1dc87a1ec24cf10423bb23d5e71333e5a5c3367457b193bf803f8?s=96&d=mm&r=g","url":"https:\/\/secure.gravatar.com\/avatar\/e40200dd69d1dc87a1ec24cf10423bb23d5e71333e5a5c3367457b193bf803f8?s=96&d=mm&r=g","contentUrl":"https:\/\/secure.gravatar.com\/avatar\/e40200dd69d1dc87a1ec24cf10423bb23d5e71333e5a5c3367457b193bf803f8?s=96&d=mm&r=g","caption":"admin"},"sameAs":["https:\/\/www.samoobronapoznan.pl"],"url":"https:\/\/www.samoobronapoznan.pl\/?author=1"}]}},"_links":{"self":[{"href":"https:\/\/www.samoobronapoznan.pl\/index.php?rest_route=\/wp\/v2\/posts\/2412","targetHints":{"allow":["GET"]}}],"collection":[{"href":"https:\/\/www.samoobronapoznan.pl\/index.php?rest_route=\/wp\/v2\/posts"}],"about":[{"href":"https:\/\/www.samoobronapoznan.pl\/index.php?rest_route=\/wp\/v2\/types\/post"}],"author":[{"embeddable":true,"href":"https:\/\/www.samoobronapoznan.pl\/index.php?rest_route=\/wp\/v2\/users\/1"}],"replies":[{"embeddable":true,"href":"https:\/\/www.samoobronapoznan.pl\/index.php?rest_route=%2Fwp%2Fv2%2Fcomments&post=2412"}],"version-history":[{"count":1,"href":"https:\/\/www.samoobronapoznan.pl\/index.php?rest_route=\/wp\/v2\/posts\/2412\/revisions"}],"predecessor-version":[{"id":2413,"href":"https:\/\/www.samoobronapoznan.pl\/index.php?rest_route=\/wp\/v2\/posts\/2412\/revisions\/2413"}],"wp:attachment":[{"href":"https:\/\/www.samoobronapoznan.pl\/index.php?rest_route=%2Fwp%2Fv2%2Fmedia&parent=2412"}],"wp:term":[{"taxonomy":"category","embeddable":true,"href":"https:\/\/www.samoobronapoznan.pl\/index.php?rest_route=%2Fwp%2Fv2%2Fcategories&post=2412"},{"taxonomy":"post_tag","embeddable":true,"href":"https:\/\/www.samoobronapoznan.pl\/index.php?rest_route=%2Fwp%2Fv2%2Ftags&post=2412"}],"curies":[{"name":"wp","href":"https:\/\/api.w.org\/{rel}","templated":true}]}}