{"id":2420,"date":"2026-07-01T12:24:19","date_gmt":"2026-07-01T12:24:19","guid":{"rendered":"https:\/\/www.samoobronapoznan.pl\/?p=2420"},"modified":"2026-07-01T12:24:20","modified_gmt":"2026-07-01T12:24:20","slug":"pomysl-na-integracje-firmowa-w-poznaniu","status":"publish","type":"post","link":"https:\/\/www.samoobronapoznan.pl\/?p=2420","title":{"rendered":"Pomys\u0142 na integracj\u0119 firmow\u0105 w Poznaniu \u2013 warsztaty bezpiecze\u0144stwa osobistego"},"content":{"rendered":"\n<!-- \nTitle SEO: Pomys\u0142 na integracj\u0119 firmow\u0105 w Poznaniu \u2013 warsztaty bezpiecze\u0144stwa osobistego\nMeta description: Szukasz pomys\u0142u na integracj\u0119 firmow\u0105 w Poznaniu? Warsztaty bezpiecze\u0144stwa osobistego i samoobrony to aktywny, praktyczny i anga\u017cuj\u0105cy format dla zespo\u0142u.\nSlug: pomysl-na-integracje-firmowa-poznan-warsztaty-bezpieczenstwa\n-->\n\n<article>\n\n  <h1>Pomys\u0142 na integracj\u0119 firmow\u0105 w Poznaniu \u2013 warsztaty bezpiecze\u0144stwa osobistego<\/h1>\n\n  <p>\n    <strong>Pomys\u0142 na integracj\u0119 firmow\u0105 w Poznaniu<\/strong> nie musi oznacza\u0107 kolejnej kolacji, wyj\u015bcia do restauracji albo standardowej atrakcji, kt\u00f3r\u0105 pracownicy widzieli ju\u017c wiele razy. Coraz wi\u0119cej firm szuka format\u00f3w, kt\u00f3re \u0142\u0105cz\u0105 aktywno\u015b\u0107, praktyczn\u0105 wiedz\u0119 i wsp\u00f3lne do\u015bwiadczenie. Jedn\u0105 z takich propozycji s\u0105 warsztaty bezpiecze\u0144stwa osobistego i samoobrony dla firm.\n  <\/p>\n\n  <p>\n    To forma integracji, kt\u00f3ra anga\u017cuje zesp\u00f3\u0142 w dzia\u0142anie. Uczestnicy \u0107wicz\u0105 proste reakcje, pracuj\u0105 w parach, omawiaj\u0105 kr\u00f3tkie scenariusze i poznaj\u0105 zasady, kt\u00f3re mog\u0105 przyda\u0107 si\u0119 w codziennym \u017cyciu. Dzi\u0119ki temu wydarzenie nie jest tylko rozrywk\u0105, ale tak\u017ce praktycznym do\u015bwiadczeniem, kt\u00f3re zostaje z uczestnikami po zako\u0144czeniu spotkania.\n  <\/p>\n\n  <figure>\n    <img decoding=\"async\" \n      src=\"https:\/\/www.samoobronapoznan.pl\/wp-content\/uploads\/2025\/09\/IMG-20250824-WA0047.jpg\" \n      alt=\"Pomys\u0142 na integracj\u0119 firmow\u0105 w Poznaniu - warsztaty bezpiecze\u0144stwa osobistego i samoobrony dla zespo\u0142u\" \n      style=\"width:100%; height:auto;\" \n      loading=\"lazy\">\n    <figcaption>Warsztaty bezpiecze\u0144stwa osobistego jako pomys\u0142 na aktywn\u0105 integracj\u0119 firmow\u0105 w Poznaniu.<\/figcaption>\n  <\/figure>\n\n  <h2>Dlaczego warto wybra\u0107 aktywn\u0105 integracj\u0119 firmow\u0105?<\/h2>\n\n  <p>\n    Integracja firmowa powinna pomaga\u0107 ludziom lepiej si\u0119 pozna\u0107, prze\u0142amywa\u0107 codzienn\u0105 rutyn\u0119 i budowa\u0107 wsp\u00f3lne do\u015bwiadczenia. Problem w tym, \u017ce wiele klasycznych form integracji jest do\u015b\u0107 biernych. Pracownicy spotykaj\u0105 si\u0119 przy stole, s\u0142uchaj\u0105 prowadz\u0105cego albo uczestnicz\u0105 w aktywno\u015bci, kt\u00f3ra nie zawsze anga\u017cuje ca\u0142\u0105 grup\u0119.\n  <\/p>\n\n  <p>\n    Warsztaty bezpiecze\u0144stwa osobistego dzia\u0142aj\u0105 inaczej. Uczestnicy od pocz\u0105tku s\u0105 w\u0142\u0105czeni w zaj\u0119cia. Wykonuj\u0105 proste \u0107wiczenia, zmieniaj\u0105 partner\u00f3w, obserwuj\u0105 reakcje innych os\u00f3b i rozmawiaj\u0105 o sytuacjach, kt\u00f3re mog\u0105 wydarzy\u0107 si\u0119 poza sal\u0105 szkoleniow\u0105. To naturalnie uruchamia komunikacj\u0119 i wsp\u00f3\u0142prac\u0119.\n  <\/p>\n\n  <p>\n    Je\u015bli szukasz szerszego spojrzenia na atrakcje dla pracownik\u00f3w, zobacz r\u00f3wnie\u017c artyku\u0142:\n    <a href=\"https:\/\/www.samoobronapoznan.pl\/?p=2418\">event firmowy w Poznaniu \u2013 atrakcje, kt\u00f3re naprawd\u0119 anga\u017cuj\u0105 pracownik\u00f3w<\/a>.\n  <\/p>\n\n  <h2>Integracja, kt\u00f3ra nie opiera si\u0119 na rywalizacji<\/h2>\n\n  <p>\n    W wielu zespo\u0142ach dobrze sprawdzaj\u0105 si\u0119 aktywno\u015bci, kt\u00f3re nie dziel\u0105 uczestnik\u00f3w na zwyci\u0119zc\u00f3w i przegranych. Nie ka\u017cdy lubi rywalizacj\u0119 sportow\u0105, wyst\u0119py przed grup\u0105 albo zadania wymagaj\u0105ce du\u017cej sprawno\u015bci fizycznej. Dlatego dobry pomys\u0142 na integracj\u0119 firmow\u0105 powinien by\u0107 dost\u0119pny dla r\u00f3\u017cnych os\u00f3b.\n  <\/p>\n\n  <p>\n    Warsztaty samoobrony i bezpiecze\u0144stwa mo\u017cna poprowadzi\u0107 w taki spos\u00f3b, aby ka\u017cdy uczestnik czu\u0142 si\u0119 komfortowo. Nie chodzi o testowanie si\u0142y, kondycji ani odwagi. Celem jest wi\u0119ksza \u015bwiadomo\u015b\u0107, lepsza komunikacja, zachowanie dystansu, rozpoznawanie sytuacji ryzykownych i proste reakcje w stresie.\n  <\/p>\n\n  <p style=\"text-align:center; margin:30px 0;\">\n    <a href=\"https:\/\/www.samoobronapoznan.pl\/dla-firm\/index.php\" \n       style=\"display:inline-block; background:#d92b2b; color:#ffffff; padding:14px 24px; text-decoration:none; border-radius:6px; font-weight:bold;\">\n       Zobacz warsztaty bezpiecze\u0144stwa osobistego dla firm\n    <\/a>\n  <\/p>\n\n  <h2>Co mo\u017ce obejmowa\u0107 integracja z elementami bezpiecze\u0144stwa?<\/h2>\n\n  <p>\n    Program integracji mo\u017cna dopasowa\u0107 do charakteru firmy, liczby uczestnik\u00f3w, miejsca i czasu wydarzenia. W l\u017cejszej wersji warsztaty mog\u0105 by\u0107 aktywn\u0105 atrakcj\u0105 na 60\u201390 minut. W bardziej rozbudowanej wersji mog\u0105 sta\u0107 si\u0119 kilkugodzinnym blokiem szkoleniowym, kt\u00f3ry \u0142\u0105czy integracj\u0119 z konkretn\u0105 wiedz\u0105.\n  <\/p>\n\n  <p>\n    Podczas zaj\u0119\u0107 mo\u017cna poruszy\u0107 mi\u0119dzy innymi takie tematy jak:\n  <\/p>\n\n  <ul>\n    <li>bezpieczny powr\u00f3t do domu po pracy lub po evencie,<\/li>\n    <li>reakcja na natarczywe zachowanie,<\/li>\n    <li>podstawy deeskalacji konfliktu,<\/li>\n    <li>komunikacja w sytuacji stresowej,<\/li>\n    <li>zachowanie dystansu i ustawienie cia\u0142a,<\/li>\n    <li>proste uwalnianie si\u0119 z chwyt\u00f3w,<\/li>\n    <li>praca w parach i kr\u00f3tkie scenariusze sytuacyjne,<\/li>\n    <li>\u015bwiadomo\u015b\u0107 otoczenia i unikanie niepotrzebnego ryzyka.<\/li>\n  <\/ul>\n\n  <p>\n    Wszystkie elementy mo\u017cna prowadzi\u0107 w bezpiecznych, kontrolowanych warunkach. Uczestnicy nie musz\u0105 mie\u0107 do\u015bwiadczenia w samoobronie ani sportach walki.\n  <\/p>\n\n  <h2>Pomys\u0142 na integracj\u0119 firmow\u0105 dla r\u00f3\u017cnych zespo\u0142\u00f3w<\/h2>\n\n  <p>\n    Warsztaty bezpiecze\u0144stwa osobistego mog\u0105 sprawdzi\u0107 si\u0119 w bardzo r\u00f3\u017cnych firmach. To dobry pomys\u0142 na integracj\u0119 dla zespo\u0142\u00f3w biurowych, technologicznych, handlowych, logistycznych, produkcyjnych, medycznych, edukacyjnych i us\u0142ugowych. Mo\u017cna je przygotowa\u0107 zar\u00f3wno dla ma\u0142ej grupy, jak i dla wi\u0119kszego zespo\u0142u.\n  <\/p>\n\n  <p>\n    Format jest elastyczny. Dla dzia\u0142u sprzeda\u017cy mo\u017cna po\u0142o\u017cy\u0107 wi\u0119kszy nacisk na kontakt z trudnym klientem i deeskalacj\u0119. Dla pracownik\u00f3w terenowych \u2014 na \u015bwiadomo\u015b\u0107 otoczenia, zachowanie dystansu i bezpiecze\u0144stwo w podr\u00f3\u017cy. Dla zespo\u0142\u00f3w mieszanych \u2014 na bezpieczny powr\u00f3t po zmroku, komunikacj\u0119 i podstawy reagowania w sytuacjach zagro\u017cenia.\n  <\/p>\n\n  <h2>Integracja firmowa w Poznaniu z praktyczn\u0105 warto\u015bci\u0105<\/h2>\n\n  <p>\n    Pozna\u0144 daje wiele mo\u017cliwo\u015bci organizacji integracji firmowej. Zaj\u0119cia mog\u0105 odby\u0107 si\u0119 w siedzibie firmy, sali szkoleniowej, wynaj\u0119tej przestrzeni eventowej albo w plenerze. Dzi\u0119ki temu warsztaty bezpiecze\u0144stwa mo\u017cna w\u0142\u0105czy\u0107 w r\u00f3\u017cne typy wydarze\u0144: spotkanie dzia\u0142owe, dzie\u0144 bezpiecze\u0144stwa, event HR, wyjazd integracyjny albo wi\u0119kszy event firmowy.\n  <\/p>\n\n  <p>\n    Najwi\u0119ksz\u0105 zalet\u0105 tego formatu jest po\u0142\u0105czenie integracji z realn\u0105 warto\u015bci\u0105. Uczestnicy nie tylko sp\u0119dzaj\u0105 razem czas, ale te\u017c ucz\u0105 si\u0119 rzeczy, kt\u00f3re mog\u0105 wykorzysta\u0107 poza wydarzeniem. To sprawia, \u017ce warsztaty s\u0105 zapami\u0119tywane lepiej ni\u017c wiele standardowych atrakcji.\n  <\/p>\n\n  <h2>Jak d\u0142ugo mog\u0105 trwa\u0107 takie warsztaty?<\/h2>\n\n  <p>\n    Czas trwania integracji mo\u017cna dopasowa\u0107 do programu wydarzenia. Kr\u00f3tki blok 60\u201390 minut dobrze sprawdzi si\u0119 jako element eventu firmowego. Warsztat 2\u20133 godzinny pozwala prze\u0107wiczy\u0107 wi\u0119cej scenariuszy i spokojniej om\u00f3wi\u0107 najwa\u017cniejsze zasady. D\u0142u\u017cszy format mo\u017ce by\u0107 cz\u0119\u015bci\u0105 dnia bezpiecze\u0144stwa albo firmowego programu rozwojowego.\n  <\/p>\n\n  <ul>\n    <li><strong>60\u201390 minut<\/strong> \u2014 dynamiczna atrakcja integracyjna,<\/li>\n    <li><strong>2\u20133 godziny<\/strong> \u2014 praktyczny warsztat dla zespo\u0142u,<\/li>\n    <li><strong>p\u00f3\u0142 dnia<\/strong> \u2014 rozbudowane szkolenie z kilkoma modu\u0142ami,<\/li>\n    <li><strong>wydarzenie tematyczne<\/strong> \u2014 dzie\u0144 bezpiecze\u0144stwa, event HR lub integracja z elementami samoobrony.<\/li>\n  <\/ul>\n\n  <p>\n    Dzi\u0119ki temu warsztaty mo\u017cna \u0142atwo po\u0142\u0105czy\u0107 z innymi punktami programu, takimi jak prezentacja, lunch, networking, cz\u0119\u015b\u0107 konferencyjna czy wieczorne spotkanie integracyjne.\n  <\/p>\n\n  <h2>Bezpiecze\u0144stwo osobiste jako temat dla pracownic<\/h2>\n\n  <p>\n    Warsztaty bezpiecze\u0144stwa osobistego mog\u0105 by\u0107 prowadzone dla ca\u0142ych zespo\u0142\u00f3w, ale dobrze sprawdzaj\u0105 si\u0119 r\u00f3wnie\u017c jako wydarzenie skierowane do kobiet. W takim wariancie mo\u017cna po\u0142o\u017cy\u0107 wi\u0119kszy nacisk na komunikacj\u0119 granic, reagowanie na natarczywe zachowanie, pewno\u015b\u0107 siebie i bezpieczny powr\u00f3t po zmroku.\n  <\/p>\n\n  <p>\n    Podobne podej\u015bcie wykorzystuje \n    <a href=\"https:\/\/www.samoobronapoznan.pl\/?p=2396\">wyjazd dla kobiet z samoobron\u0105<\/a>, w kt\u00f3rym praktyczne zaj\u0119cia z bezpiecze\u0144stwa \u0142\u0105cz\u0105 si\u0119 z budowaniem \u015bwiadomo\u015bci, sprawczo\u015bci i pewno\u015bci siebie.\n  <\/p>\n\n  <h2>Dlaczego taki pomys\u0142 na integracj\u0119 mo\u017ce zosta\u0107 dobrze zapami\u0119tany?<\/h2>\n\n  <p>\n    Ludzie najlepiej zapami\u0119tuj\u0105 wydarzenia, w kt\u00f3rych sami uczestnicz\u0105. Je\u015bli integracja opiera si\u0119 wy\u0142\u0105cznie na rozmowie przy stole albo biernym odbiorze programu, po pewnym czasie mo\u017ce zla\u0107 si\u0119 z innymi spotkaniami firmowymi. Aktywne warsztaty zostawiaj\u0105 po sobie wi\u0119cej, bo uczestnicy maj\u0105 konkretne do\u015bwiadczenie.\n  <\/p>\n\n  <p>\n    Wsp\u00f3lne \u0107wiczenia, kr\u00f3tkie scenariusze i rozmowy o bezpiecze\u0144stwie naturalnie buduj\u0105 temat do dalszej dyskusji. Pracownicy mog\u0105 wraca\u0107 do wybranych sytuacji, \u017cartowa\u0107 z \u0107wicze\u0144, ale te\u017c realnie zastanowi\u0107 si\u0119 nad w\u0142asnymi nawykami i reakcjami.\n  <\/p>\n\n  <h2>Warsztaty bezpiecze\u0144stwa jako pomys\u0142 na integracj\u0119 firmow\u0105<\/h2>\n\n  <p>\n    Je\u017celi szukasz pomys\u0142u na integracj\u0119 firmow\u0105 w Poznaniu, warsztaty bezpiecze\u0144stwa osobistego i samoobrony mog\u0105 by\u0107 ciekaw\u0105 alternatyw\u0105 dla standardowych atrakcji. To format, kt\u00f3ry \u0142\u0105czy aktywno\u015b\u0107, wsp\u00f3\u0142prac\u0119, praktyczn\u0105 wiedz\u0119 i wsp\u00f3lne do\u015bwiadczenie zespo\u0142u.\n  <\/p>\n\n  <p>\n    Zaj\u0119cia mo\u017cna przygotowa\u0107 jako kr\u00f3tk\u0105 atrakcj\u0119, d\u0142u\u017cszy warsztat albo element wi\u0119kszego eventu. W ka\u017cdym wariancie celem jest zaanga\u017cowanie uczestnik\u00f3w i pokazanie im prostych zasad, kt\u00f3re mog\u0105 przyda\u0107 si\u0119 w codziennym \u017cyciu.\n  <\/p>\n\n  <p style=\"text-align:center; margin:35px 0;\">\n    <a href=\"https:\/\/www.samoobronapoznan.pl\/dla-firm\/index.php\" \n       style=\"display:inline-block; background:#d92b2b; color:#ffffff; padding:15px 26px; text-decoration:none; border-radius:6px; font-weight:bold;\">\n       Sprawd\u017a pomys\u0142y na integracj\u0119 i warsztaty dla firm\n    <\/a>\n  <\/p>\n\n<\/article>\n\n\n\n<!-- \nTitle SEO: Pomys\u0142 na integracj\u0119 firmow\u0105 w Poznaniu \u2013 warsztaty bezpiecze\u0144stwa osobistego\nMeta description: Szukasz pomys\u0142u na integracj\u0119 firmow\u0105 w Poznaniu? Warsztaty bezpiecze\u0144stwa osobistego i samoobrony to aktywny, praktyczny i anga\u017cuj\u0105cy format dla zespo\u0142u.\nSlug: pomysl-na-integracje-firmowa-poznan-warsztaty-bezpieczenstwa\n-->\n\n<article>\n\n  <h1>Pomys\u0142 na integracj\u0119 firmow\u0105 w Poznaniu \u2013 warsztaty bezpiecze\u0144stwa osobistego<\/h1>\n\n  <p>\n    <strong>Pomys\u0142 na integracj\u0119 firmow\u0105 w Poznaniu<\/strong> nie musi oznacza\u0107 kolejnej kolacji, wyj\u015bcia do restauracji albo standardowej atrakcji, kt\u00f3r\u0105 pracownicy widzieli ju\u017c wiele razy. Coraz wi\u0119cej firm szuka format\u00f3w, kt\u00f3re \u0142\u0105cz\u0105 aktywno\u015b\u0107, praktyczn\u0105 wiedz\u0119 i wsp\u00f3lne do\u015bwiadczenie. Jedn\u0105 z takich propozycji s\u0105 warsztaty bezpiecze\u0144stwa osobistego i samoobrony dla firm.\n  <\/p>\n\n  <p>\n    To forma integracji, kt\u00f3ra anga\u017cuje zesp\u00f3\u0142 w dzia\u0142anie. Uczestnicy \u0107wicz\u0105 proste reakcje, pracuj\u0105 w parach, omawiaj\u0105 kr\u00f3tkie scenariusze i poznaj\u0105 zasady, kt\u00f3re mog\u0105 przyda\u0107 si\u0119 w codziennym \u017cyciu. Dzi\u0119ki temu wydarzenie nie jest tylko rozrywk\u0105, ale tak\u017ce praktycznym do\u015bwiadczeniem, kt\u00f3re zostaje z uczestnikami po zako\u0144czeniu spotkania.\n  <\/p>\n\n  <figure>\n    <img decoding=\"async\" \n      src=\"https:\/\/www.samoobronapoznan.pl\/wp-content\/uploads\/2025\/09\/IMG-20250824-WA0047.jpg\" \n      alt=\"Pomys\u0142 na integracj\u0119 firmow\u0105 w Poznaniu - warsztaty bezpiecze\u0144stwa osobistego i samoobrony dla zespo\u0142u\" \n      style=\"width:100%; height:auto;\" \n      loading=\"lazy\">\n    <figcaption>Warsztaty bezpiecze\u0144stwa osobistego jako pomys\u0142 na aktywn\u0105 integracj\u0119 firmow\u0105 w Poznaniu.<\/figcaption>\n  <\/figure>\n\n  <h2>Dlaczego warto wybra\u0107 aktywn\u0105 integracj\u0119 firmow\u0105?<\/h2>\n\n  <p>\n    Integracja firmowa powinna pomaga\u0107 ludziom lepiej si\u0119 pozna\u0107, prze\u0142amywa\u0107 codzienn\u0105 rutyn\u0119 i budowa\u0107 wsp\u00f3lne do\u015bwiadczenia. Problem w tym, \u017ce wiele klasycznych form integracji jest do\u015b\u0107 biernych. Pracownicy spotykaj\u0105 si\u0119 przy stole, s\u0142uchaj\u0105 prowadz\u0105cego albo uczestnicz\u0105 w aktywno\u015bci, kt\u00f3ra nie zawsze anga\u017cuje ca\u0142\u0105 grup\u0119.\n  <\/p>\n\n  <p>\n    Warsztaty bezpiecze\u0144stwa osobistego dzia\u0142aj\u0105 inaczej. Uczestnicy od pocz\u0105tku s\u0105 w\u0142\u0105czeni w zaj\u0119cia. Wykonuj\u0105 proste \u0107wiczenia, zmieniaj\u0105 partner\u00f3w, obserwuj\u0105 reakcje innych os\u00f3b i rozmawiaj\u0105 o sytuacjach, kt\u00f3re mog\u0105 wydarzy\u0107 si\u0119 poza sal\u0105 szkoleniow\u0105. To naturalnie uruchamia komunikacj\u0119 i wsp\u00f3\u0142prac\u0119.\n  <\/p>\n\n  <p>\n    Je\u015bli szukasz szerszego spojrzenia na atrakcje dla pracownik\u00f3w, zobacz r\u00f3wnie\u017c artyku\u0142:\n    <a href=\"https:\/\/www.samoobronapoznan.pl\/?p=2418\">event firmowy w Poznaniu \u2013 atrakcje, kt\u00f3re naprawd\u0119 anga\u017cuj\u0105 pracownik\u00f3w<\/a>.\n  <\/p>\n\n  <h2>Integracja, kt\u00f3ra nie opiera si\u0119 na rywalizacji<\/h2>\n\n  <p>\n    W wielu zespo\u0142ach dobrze sprawdzaj\u0105 si\u0119 aktywno\u015bci, kt\u00f3re nie dziel\u0105 uczestnik\u00f3w na zwyci\u0119zc\u00f3w i przegranych. Nie ka\u017cdy lubi rywalizacj\u0119 sportow\u0105, wyst\u0119py przed grup\u0105 albo zadania wymagaj\u0105ce du\u017cej sprawno\u015bci fizycznej. Dlatego dobry pomys\u0142 na integracj\u0119 firmow\u0105 powinien by\u0107 dost\u0119pny dla r\u00f3\u017cnych os\u00f3b.\n  <\/p>\n\n  <p>\n    Warsztaty samoobrony i bezpiecze\u0144stwa mo\u017cna poprowadzi\u0107 w taki spos\u00f3b, aby ka\u017cdy uczestnik czu\u0142 si\u0119 komfortowo. Nie chodzi o testowanie si\u0142y, kondycji ani odwagi. Celem jest wi\u0119ksza \u015bwiadomo\u015b\u0107, lepsza komunikacja, zachowanie dystansu, rozpoznawanie sytuacji ryzykownych i proste reakcje w stresie.\n  <\/p>\n\n  <p style=\"text-align:center; margin:30px 0;\">\n    <a href=\"https:\/\/www.samoobronapoznan.pl\/dla-firm\/index.php\" \n       style=\"display:inline-block; background:#d92b2b; color:#ffffff; padding:14px 24px; text-decoration:none; border-radius:6px; font-weight:bold;\">\n       Zobacz warsztaty bezpiecze\u0144stwa osobistego dla firm\n    <\/a>\n  <\/p>\n\n  <h2>Co mo\u017ce obejmowa\u0107 integracja z elementami bezpiecze\u0144stwa?<\/h2>\n\n  <p>\n    Program integracji mo\u017cna dopasowa\u0107 do charakteru firmy, liczby uczestnik\u00f3w, miejsca i czasu wydarzenia. W l\u017cejszej wersji warsztaty mog\u0105 by\u0107 aktywn\u0105 atrakcj\u0105 na 60\u201390 minut. W bardziej rozbudowanej wersji mog\u0105 sta\u0107 si\u0119 kilkugodzinnym blokiem szkoleniowym, kt\u00f3ry \u0142\u0105czy integracj\u0119 z konkretn\u0105 wiedz\u0105.\n  <\/p>\n\n  <p>\n    Podczas zaj\u0119\u0107 mo\u017cna poruszy\u0107 mi\u0119dzy innymi takie tematy jak:\n  <\/p>\n\n  <ul>\n    <li>bezpieczny powr\u00f3t do domu po pracy lub po evencie,<\/li>\n    <li>reakcja na natarczywe zachowanie,<\/li>\n    <li>podstawy deeskalacji konfliktu,<\/li>\n    <li>komunikacja w sytuacji stresowej,<\/li>\n    <li>zachowanie dystansu i ustawienie cia\u0142a,<\/li>\n    <li>proste uwalnianie si\u0119 z chwyt\u00f3w,<\/li>\n    <li>praca w parach i kr\u00f3tkie scenariusze sytuacyjne,<\/li>\n    <li>\u015bwiadomo\u015b\u0107 otoczenia i unikanie niepotrzebnego ryzyka.<\/li>\n  <\/ul>\n\n  <p>\n    Wszystkie elementy mo\u017cna prowadzi\u0107 w bezpiecznych, kontrolowanych warunkach. Uczestnicy nie musz\u0105 mie\u0107 do\u015bwiadczenia w samoobronie ani sportach walki.\n  <\/p>\n\n  <h2>Pomys\u0142 na integracj\u0119 firmow\u0105 dla r\u00f3\u017cnych zespo\u0142\u00f3w<\/h2>\n\n  <p>\n    Warsztaty bezpiecze\u0144stwa osobistego mog\u0105 sprawdzi\u0107 si\u0119 w bardzo r\u00f3\u017cnych firmach. To dobry pomys\u0142 na integracj\u0119 dla zespo\u0142\u00f3w biurowych, technologicznych, handlowych, logistycznych, produkcyjnych, medycznych, edukacyjnych i us\u0142ugowych. Mo\u017cna je przygotowa\u0107 zar\u00f3wno dla ma\u0142ej grupy, jak i dla wi\u0119kszego zespo\u0142u.\n  <\/p>\n\n  <p>\n    Format jest elastyczny. Dla dzia\u0142u sprzeda\u017cy mo\u017cna po\u0142o\u017cy\u0107 wi\u0119kszy nacisk na kontakt z trudnym klientem i deeskalacj\u0119. Dla pracownik\u00f3w terenowych \u2014 na \u015bwiadomo\u015b\u0107 otoczenia, zachowanie dystansu i bezpiecze\u0144stwo w podr\u00f3\u017cy. Dla zespo\u0142\u00f3w mieszanych \u2014 na bezpieczny powr\u00f3t po zmroku, komunikacj\u0119 i podstawy reagowania w sytuacjach zagro\u017cenia.\n  <\/p>\n\n  <h2>Integracja firmowa w Poznaniu z praktyczn\u0105 warto\u015bci\u0105<\/h2>\n\n  <p>\n    Pozna\u0144 daje wiele mo\u017cliwo\u015bci organizacji integracji firmowej. Zaj\u0119cia mog\u0105 odby\u0107 si\u0119 w siedzibie firmy, sali szkoleniowej, wynaj\u0119tej przestrzeni eventowej albo w plenerze. Dzi\u0119ki temu warsztaty bezpiecze\u0144stwa mo\u017cna w\u0142\u0105czy\u0107 w r\u00f3\u017cne typy wydarze\u0144: spotkanie dzia\u0142owe, dzie\u0144 bezpiecze\u0144stwa, event HR, wyjazd integracyjny albo wi\u0119kszy event firmowy.\n  <\/p>\n\n  <p>\n    Najwi\u0119ksz\u0105 zalet\u0105 tego formatu jest po\u0142\u0105czenie integracji z realn\u0105 warto\u015bci\u0105. Uczestnicy nie tylko sp\u0119dzaj\u0105 razem czas, ale te\u017c ucz\u0105 si\u0119 rzeczy, kt\u00f3re mog\u0105 wykorzysta\u0107 poza wydarzeniem. To sprawia, \u017ce warsztaty s\u0105 zapami\u0119tywane lepiej ni\u017c wiele standardowych atrakcji.\n  <\/p>\n\n  <h2>Jak d\u0142ugo mog\u0105 trwa\u0107 takie warsztaty?<\/h2>\n\n  <p>\n    Czas trwania integracji mo\u017cna dopasowa\u0107 do programu wydarzenia. Kr\u00f3tki blok 60\u201390 minut dobrze sprawdzi si\u0119 jako element eventu firmowego. Warsztat 2\u20133 godzinny pozwala prze\u0107wiczy\u0107 wi\u0119cej scenariuszy i spokojniej om\u00f3wi\u0107 najwa\u017cniejsze zasady. D\u0142u\u017cszy format mo\u017ce by\u0107 cz\u0119\u015bci\u0105 dnia bezpiecze\u0144stwa albo firmowego programu rozwojowego.\n  <\/p>\n\n  <ul>\n    <li><strong>60\u201390 minut<\/strong> \u2014 dynamiczna atrakcja integracyjna,<\/li>\n    <li><strong>2\u20133 godziny<\/strong> \u2014 praktyczny warsztat dla zespo\u0142u,<\/li>\n    <li><strong>p\u00f3\u0142 dnia<\/strong> \u2014 rozbudowane szkolenie z kilkoma modu\u0142ami,<\/li>\n    <li><strong>wydarzenie tematyczne<\/strong> \u2014 dzie\u0144 bezpiecze\u0144stwa, event HR lub integracja z elementami samoobrony.<\/li>\n  <\/ul>\n\n  <p>\n    Dzi\u0119ki temu warsztaty mo\u017cna \u0142atwo po\u0142\u0105czy\u0107 z innymi punktami programu, takimi jak prezentacja, lunch, networking, cz\u0119\u015b\u0107 konferencyjna czy wieczorne spotkanie integracyjne.\n  <\/p>\n\n  <h2>Bezpiecze\u0144stwo osobiste jako temat dla pracownic<\/h2>\n\n  <p>\n    Warsztaty bezpiecze\u0144stwa osobistego mog\u0105 by\u0107 prowadzone dla ca\u0142ych zespo\u0142\u00f3w, ale dobrze sprawdzaj\u0105 si\u0119 r\u00f3wnie\u017c jako wydarzenie skierowane do kobiet. W takim wariancie mo\u017cna po\u0142o\u017cy\u0107 wi\u0119kszy nacisk na komunikacj\u0119 granic, reagowanie na natarczywe zachowanie, pewno\u015b\u0107 siebie i bezpieczny powr\u00f3t po zmroku.\n  <\/p>\n\n  <p>\n    Podobne podej\u015bcie wykorzystuje \n    <a href=\"https:\/\/www.samoobronapoznan.pl\/?p=2396\">wyjazd dla kobiet z samoobron\u0105<\/a>, w kt\u00f3rym praktyczne zaj\u0119cia z bezpiecze\u0144stwa \u0142\u0105cz\u0105 si\u0119 z budowaniem \u015bwiadomo\u015bci, sprawczo\u015bci i pewno\u015bci siebie.\n  <\/p>\n\n  <h2>Dlaczego taki pomys\u0142 na integracj\u0119 mo\u017ce zosta\u0107 dobrze zapami\u0119tany?<\/h2>\n\n  <p>\n    Ludzie najlepiej zapami\u0119tuj\u0105 wydarzenia, w kt\u00f3rych sami uczestnicz\u0105. Je\u015bli integracja opiera si\u0119 wy\u0142\u0105cznie na rozmowie przy stole albo biernym odbiorze programu, po pewnym czasie mo\u017ce zla\u0107 si\u0119 z innymi spotkaniami firmowymi. Aktywne warsztaty zostawiaj\u0105 po sobie wi\u0119cej, bo uczestnicy maj\u0105 konkretne do\u015bwiadczenie.\n  <\/p>\n\n  <p>\n    Wsp\u00f3lne \u0107wiczenia, kr\u00f3tkie scenariusze i rozmowy o bezpiecze\u0144stwie naturalnie buduj\u0105 temat do dalszej dyskusji. Pracownicy mog\u0105 wraca\u0107 do wybranych sytuacji, \u017cartowa\u0107 z \u0107wicze\u0144, ale te\u017c realnie zastanowi\u0107 si\u0119 nad w\u0142asnymi nawykami i reakcjami.\n  <\/p>\n\n  <h2>Warsztaty bezpiecze\u0144stwa jako pomys\u0142 na integracj\u0119 firmow\u0105<\/h2>\n\n  <p>\n    Je\u017celi szukasz pomys\u0142u na integracj\u0119 firmow\u0105 w Poznaniu, warsztaty bezpiecze\u0144stwa osobistego i samoobrony mog\u0105 by\u0107 ciekaw\u0105 alternatyw\u0105 dla standardowych atrakcji. To format, kt\u00f3ry \u0142\u0105czy aktywno\u015b\u0107, wsp\u00f3\u0142prac\u0119, praktyczn\u0105 wiedz\u0119 i wsp\u00f3lne do\u015bwiadczenie zespo\u0142u.\n  <\/p>\n\n  <p>\n    Zaj\u0119cia mo\u017cna przygotowa\u0107 jako kr\u00f3tk\u0105 atrakcj\u0119, d\u0142u\u017cszy warsztat albo element wi\u0119kszego eventu. W ka\u017cdym wariancie celem jest zaanga\u017cowanie uczestnik\u00f3w i pokazanie im prostych zasad, kt\u00f3re mog\u0105 przyda\u0107 si\u0119 w codziennym \u017cyciu.\n  <\/p>\n\n  <p style=\"text-align:center; margin:35px 0;\">\n    <a href=\"https:\/\/www.samoobronapoznan.pl\/dla-firm\/index.php\" \n       style=\"display:inline-block; background:#d92b2b; color:#ffffff; padding:15px 26px; text-decoration:none; border-radius:6px; font-weight:bold;\">\n       Sprawd\u017a pomys\u0142y na integracj\u0119 i warsztaty dla firm\n    <\/a>\n  <\/p>\n\n<\/article>\n","protected":false},"excerpt":{"rendered":"<p>Pomys\u0142 na integracj\u0119 firmow\u0105 w Poznaniu \u2013 warsztaty bezpiecze\u0144stwa osobistego Pomys\u0142 na integracj\u0119 firmow\u0105 w Poznaniu nie musi oznacza\u0107 kolejnej kolacji, wyj\u015bcia do restauracji albo standardowej atrakcji, kt\u00f3r\u0105 pracownicy widzieli ju\u017c wiele razy. Coraz wi\u0119cej firm szuka format\u00f3w, kt\u00f3re \u0142\u0105cz\u0105 aktywno\u015b\u0107, praktyczn\u0105 wiedz\u0119 i wsp\u00f3lne do\u015bwiadczenie. Jedn\u0105 z takich propozycji s\u0105 warsztaty bezpiecze\u0144stwa osobistego i samoobrony dla firm. To forma integracji, kt\u00f3ra anga\u017cuje zesp\u00f3\u0142 w dzia\u0142anie. Uczestnicy \u0107wicz\u0105 proste reakcje, pracuj\u0105 w parach, omawiaj\u0105 kr\u00f3tkie scenariusze i poznaj\u0105 zasady, kt\u00f3re mog\u0105 przyda\u0107 si\u0119 w codziennym \u017cyciu. Dzi\u0119ki temu wydarzenie nie jest tylko rozrywk\u0105, ale tak\u017ce praktycznym do\u015bwiadczeniem, kt\u00f3re zostaje z&#8230; <\/p>\n","protected":false},"author":1,"featured_media":0,"comment_status":"open","ping_status":"open","sticky":false,"template":"","format":"standard","meta":{"ngg_post_thumbnail":0,"footnotes":""},"categories":[32],"tags":[],"class_list":["post-2420","post","type-post","status-publish","format-standard","hentry","category-bez-kategorii-pl"],"yoast_head":"<!-- This site is optimized with the Yoast SEO Premium plugin v26.6 (Yoast SEO v28.3) - https:\/\/yoast.com\/product\/yoast-seo-premium-wordpress\/ -->\n<title>Pomys\u0142 na integracj\u0119 firmow\u0105 w Poznaniu<\/title>\n<meta name=\"description\" content=\"Pomys\u0142 na integracj\u0119 firmow\u0105 w Poznaniu \u2013 warsztaty bezpiecze\u0144stwa osobistego - warsztaty samoobrony dla firm - integracja firmowa\" \/>\n<meta name=\"robots\" content=\"index, follow, max-snippet:-1, max-image-preview:large, max-video-preview:-1\" \/>\n<link rel=\"canonical\" href=\"https:\/\/www.samoobronapoznan.pl\/?p=2420\" \/>\n<meta property=\"og:locale\" content=\"pl_PL\" \/>\n<meta property=\"og:type\" content=\"article\" \/>\n<meta property=\"og:title\" content=\"Pomys\u0142 na integracj\u0119 firmow\u0105 w Poznaniu \u2013 warsztaty bezpiecze\u0144stwa osobistego\" \/>\n<meta property=\"og:description\" content=\"Pomys\u0142 na integracj\u0119 firmow\u0105 w Poznaniu \u2013 warsztaty bezpiecze\u0144stwa osobistego - warsztaty samoobrony dla firm - integracja firmowa\" \/>\n<meta property=\"og:url\" content=\"https:\/\/www.samoobronapoznan.pl\/?p=2420\" \/>\n<meta property=\"og:site_name\" content=\"Samoobrona Pozna\u0144\" \/>\n<meta property=\"article:publisher\" content=\"https:\/\/facebook.com\/samoobronapoznan\" \/>\n<meta property=\"article:published_time\" content=\"2026-07-01T12:24:19+00:00\" \/>\n<meta property=\"article:modified_time\" content=\"2026-07-01T12:24:20+00:00\" \/>\n<meta property=\"og:image\" content=\"https:\/\/www.samoobronapoznan.pl\/wp-content\/uploads\/2025\/09\/IMG-20250824-WA0047.jpg\" \/>\n<meta name=\"author\" content=\"admin\" \/>\n<meta name=\"twitter:card\" content=\"summary_large_image\" \/>\n<meta name=\"twitter:label1\" content=\"Napisane przez\" \/>\n\t<meta name=\"twitter:data1\" content=\"admin\" \/>\n\t<meta name=\"twitter:label2\" content=\"Szacowany czas czytania\" \/>\n\t<meta name=\"twitter:data2\" content=\"12 minut\" \/>\n<script type=\"application\/ld+json\" class=\"yoast-schema-graph\">{\"@context\":\"https:\\\/\\\/schema.org\",\"@graph\":[{\"@type\":\"Article\",\"@id\":\"https:\\\/\\\/www.samoobronapoznan.pl\\\/?p=2420#article\",\"isPartOf\":{\"@id\":\"https:\\\/\\\/www.samoobronapoznan.pl\\\/?p=2420\"},\"author\":{\"name\":\"admin\",\"@id\":\"https:\\\/\\\/www.samoobronapoznan.pl\\\/#\\\/schema\\\/person\\\/4295d11d32ead72538b58864473ec48a\"},\"headline\":\"Pomys\u0142 na integracj\u0119 firmow\u0105 w Poznaniu \u2013 warsztaty bezpiecze\u0144stwa osobistego\",\"datePublished\":\"2026-07-01T12:24:19+00:00\",\"dateModified\":\"2026-07-01T12:24:20+00:00\",\"mainEntityOfPage\":{\"@id\":\"https:\\\/\\\/www.samoobronapoznan.pl\\\/?p=2420\"},\"wordCount\":2252,\"commentCount\":0,\"publisher\":{\"@id\":\"https:\\\/\\\/www.samoobronapoznan.pl\\\/#organization\"},\"image\":{\"@id\":\"https:\\\/\\\/www.samoobronapoznan.pl\\\/?p=2420#primaryimage\"},\"thumbnailUrl\":\"https:\\\/\\\/www.samoobronapoznan.pl\\\/wp-content\\\/uploads\\\/2025\\\/09\\\/IMG-20250824-WA0047.jpg\",\"inLanguage\":\"pl-PL\",\"potentialAction\":[{\"@type\":\"CommentAction\",\"name\":\"Comment\",\"target\":[\"https:\\\/\\\/www.samoobronapoznan.pl\\\/?p=2420#respond\"]}]},{\"@type\":\"WebPage\",\"@id\":\"https:\\\/\\\/www.samoobronapoznan.pl\\\/?p=2420\",\"url\":\"https:\\\/\\\/www.samoobronapoznan.pl\\\/?p=2420\",\"name\":\"Pomys\u0142 na integracj\u0119 firmow\u0105 w Poznaniu\",\"isPartOf\":{\"@id\":\"https:\\\/\\\/www.samoobronapoznan.pl\\\/#website\"},\"primaryImageOfPage\":{\"@id\":\"https:\\\/\\\/www.samoobronapoznan.pl\\\/?p=2420#primaryimage\"},\"image\":{\"@id\":\"https:\\\/\\\/www.samoobronapoznan.pl\\\/?p=2420#primaryimage\"},\"thumbnailUrl\":\"https:\\\/\\\/www.samoobronapoznan.pl\\\/wp-content\\\/uploads\\\/2025\\\/09\\\/IMG-20250824-WA0047.jpg\",\"datePublished\":\"2026-07-01T12:24:19+00:00\",\"dateModified\":\"2026-07-01T12:24:20+00:00\",\"description\":\"Pomys\u0142 na integracj\u0119 firmow\u0105 w Poznaniu \u2013 warsztaty bezpiecze\u0144stwa osobistego - warsztaty samoobrony dla firm - integracja firmowa\",\"breadcrumb\":{\"@id\":\"https:\\\/\\\/www.samoobronapoznan.pl\\\/?p=2420#breadcrumb\"},\"inLanguage\":\"pl-PL\",\"potentialAction\":[{\"@type\":\"ReadAction\",\"target\":[\"https:\\\/\\\/www.samoobronapoznan.pl\\\/?p=2420\"]}]},{\"@type\":\"ImageObject\",\"inLanguage\":\"pl-PL\",\"@id\":\"https:\\\/\\\/www.samoobronapoznan.pl\\\/?p=2420#primaryimage\",\"url\":\"https:\\\/\\\/www.samoobronapoznan.pl\\\/wp-content\\\/uploads\\\/2025\\\/09\\\/IMG-20250824-WA0047.jpg\",\"contentUrl\":\"https:\\\/\\\/www.samoobronapoznan.pl\\\/wp-content\\\/uploads\\\/2025\\\/09\\\/IMG-20250824-WA0047.jpg\",\"width\":1200,\"height\":1600,\"caption\":\"kurs samoobrony dla kobiet poznan\"},{\"@type\":\"BreadcrumbList\",\"@id\":\"https:\\\/\\\/www.samoobronapoznan.pl\\\/?p=2420#breadcrumb\",\"itemListElement\":[{\"@type\":\"ListItem\",\"position\":1,\"name\":\"Strona g\u0142\u00f3wna\",\"item\":\"https:\\\/\\\/www.samoobronapoznan.pl\\\/\"},{\"@type\":\"ListItem\",\"position\":2,\"name\":\"Pomys\u0142 na integracj\u0119 firmow\u0105 w Poznaniu \u2013 warsztaty bezpiecze\u0144stwa osobistego\"}]},{\"@type\":\"WebSite\",\"@id\":\"https:\\\/\\\/www.samoobronapoznan.pl\\\/#website\",\"url\":\"https:\\\/\\\/www.samoobronapoznan.pl\\\/\",\"name\":\"Samoobrona Pozna\u0144\",\"description\":\"Wielkopolskie Centrum Samoobrony i Bezpiecze\u0144stwa\",\"publisher\":{\"@id\":\"https:\\\/\\\/www.samoobronapoznan.pl\\\/#organization\"},\"potentialAction\":[{\"@type\":\"SearchAction\",\"target\":{\"@type\":\"EntryPoint\",\"urlTemplate\":\"https:\\\/\\\/www.samoobronapoznan.pl\\\/?s={search_term_string}\"},\"query-input\":{\"@type\":\"PropertyValueSpecification\",\"valueRequired\":true,\"valueName\":\"search_term_string\"}}],\"inLanguage\":\"pl-PL\"},{\"@type\":\"Organization\",\"@id\":\"https:\\\/\\\/www.samoobronapoznan.pl\\\/#organization\",\"name\":\"Wielkopolskie Centrum Samoobrony i Bezpiecze\u0144stwa Pozna\u0144\",\"url\":\"https:\\\/\\\/www.samoobronapoznan.pl\\\/\",\"logo\":{\"@type\":\"ImageObject\",\"inLanguage\":\"pl-PL\",\"@id\":\"https:\\\/\\\/www.samoobronapoznan.pl\\\/#\\\/schema\\\/logo\\\/image\\\/\",\"url\":\"https:\\\/\\\/www.samoobronapoznan.pl\\\/wp-content\\\/uploads\\\/2022\\\/09\\\/WCSIB.jpg\",\"contentUrl\":\"https:\\\/\\\/www.samoobronapoznan.pl\\\/wp-content\\\/uploads\\\/2022\\\/09\\\/WCSIB.jpg\",\"width\":960,\"height\":956,\"caption\":\"Wielkopolskie Centrum Samoobrony i Bezpiecze\u0144stwa Pozna\u0144\"},\"image\":{\"@id\":\"https:\\\/\\\/www.samoobronapoznan.pl\\\/#\\\/schema\\\/logo\\\/image\\\/\"},\"sameAs\":[\"https:\\\/\\\/facebook.com\\\/samoobronapoznan\",\"https:\\\/\\\/www.instagram.com\\\/wcsib_poznan\"],\"email\":\"kontakt@samoobronapoznan.pl\",\"telephone\":\"+48 727 907 468\"},{\"@type\":\"Person\",\"@id\":\"https:\\\/\\\/www.samoobronapoznan.pl\\\/#\\\/schema\\\/person\\\/4295d11d32ead72538b58864473ec48a\",\"name\":\"admin\",\"image\":{\"@type\":\"ImageObject\",\"inLanguage\":\"pl-PL\",\"@id\":\"https:\\\/\\\/secure.gravatar.com\\\/avatar\\\/e40200dd69d1dc87a1ec24cf10423bb23d5e71333e5a5c3367457b193bf803f8?s=96&d=mm&r=g\",\"url\":\"https:\\\/\\\/secure.gravatar.com\\\/avatar\\\/e40200dd69d1dc87a1ec24cf10423bb23d5e71333e5a5c3367457b193bf803f8?s=96&d=mm&r=g\",\"contentUrl\":\"https:\\\/\\\/secure.gravatar.com\\\/avatar\\\/e40200dd69d1dc87a1ec24cf10423bb23d5e71333e5a5c3367457b193bf803f8?s=96&d=mm&r=g\",\"caption\":\"admin\"},\"sameAs\":[\"https:\\\/\\\/www.samoobronapoznan.pl\"],\"url\":\"https:\\\/\\\/www.samoobronapoznan.pl\\\/?author=1\"}]}<\/script>\n<!-- \/ Yoast SEO Premium plugin. -->","yoast_head_json":{"title":"Pomys\u0142 na integracj\u0119 firmow\u0105 w Poznaniu","description":"Pomys\u0142 na integracj\u0119 firmow\u0105 w Poznaniu \u2013 warsztaty bezpiecze\u0144stwa osobistego - warsztaty samoobrony dla firm - integracja firmowa","robots":{"index":"index","follow":"follow","max-snippet":"max-snippet:-1","max-image-preview":"max-image-preview:large","max-video-preview":"max-video-preview:-1"},"canonical":"https:\/\/www.samoobronapoznan.pl\/?p=2420","og_locale":"pl_PL","og_type":"article","og_title":"Pomys\u0142 na integracj\u0119 firmow\u0105 w Poznaniu \u2013 warsztaty bezpiecze\u0144stwa osobistego","og_description":"Pomys\u0142 na integracj\u0119 firmow\u0105 w Poznaniu \u2013 warsztaty bezpiecze\u0144stwa osobistego - warsztaty samoobrony dla firm - integracja firmowa","og_url":"https:\/\/www.samoobronapoznan.pl\/?p=2420","og_site_name":"Samoobrona Pozna\u0144","article_publisher":"https:\/\/facebook.com\/samoobronapoznan","article_published_time":"2026-07-01T12:24:19+00:00","article_modified_time":"2026-07-01T12:24:20+00:00","og_image":[{"url":"https:\/\/www.samoobronapoznan.pl\/wp-content\/uploads\/2025\/09\/IMG-20250824-WA0047.jpg","type":"","width":"","height":""}],"author":"admin","twitter_card":"summary_large_image","twitter_misc":{"Napisane przez":"admin","Szacowany czas czytania":"12 minut"},"schema":{"@context":"https:\/\/schema.org","@graph":[{"@type":"Article","@id":"https:\/\/www.samoobronapoznan.pl\/?p=2420#article","isPartOf":{"@id":"https:\/\/www.samoobronapoznan.pl\/?p=2420"},"author":{"name":"admin","@id":"https:\/\/www.samoobronapoznan.pl\/#\/schema\/person\/4295d11d32ead72538b58864473ec48a"},"headline":"Pomys\u0142 na integracj\u0119 firmow\u0105 w Poznaniu \u2013 warsztaty bezpiecze\u0144stwa osobistego","datePublished":"2026-07-01T12:24:19+00:00","dateModified":"2026-07-01T12:24:20+00:00","mainEntityOfPage":{"@id":"https:\/\/www.samoobronapoznan.pl\/?p=2420"},"wordCount":2252,"commentCount":0,"publisher":{"@id":"https:\/\/www.samoobronapoznan.pl\/#organization"},"image":{"@id":"https:\/\/www.samoobronapoznan.pl\/?p=2420#primaryimage"},"thumbnailUrl":"https:\/\/www.samoobronapoznan.pl\/wp-content\/uploads\/2025\/09\/IMG-20250824-WA0047.jpg","inLanguage":"pl-PL","potentialAction":[{"@type":"CommentAction","name":"Comment","target":["https:\/\/www.samoobronapoznan.pl\/?p=2420#respond"]}]},{"@type":"WebPage","@id":"https:\/\/www.samoobronapoznan.pl\/?p=2420","url":"https:\/\/www.samoobronapoznan.pl\/?p=2420","name":"Pomys\u0142 na integracj\u0119 firmow\u0105 w Poznaniu","isPartOf":{"@id":"https:\/\/www.samoobronapoznan.pl\/#website"},"primaryImageOfPage":{"@id":"https:\/\/www.samoobronapoznan.pl\/?p=2420#primaryimage"},"image":{"@id":"https:\/\/www.samoobronapoznan.pl\/?p=2420#primaryimage"},"thumbnailUrl":"https:\/\/www.samoobronapoznan.pl\/wp-content\/uploads\/2025\/09\/IMG-20250824-WA0047.jpg","datePublished":"2026-07-01T12:24:19+00:00","dateModified":"2026-07-01T12:24:20+00:00","description":"Pomys\u0142 na integracj\u0119 firmow\u0105 w Poznaniu \u2013 warsztaty bezpiecze\u0144stwa osobistego - warsztaty samoobrony dla firm - integracja firmowa","breadcrumb":{"@id":"https:\/\/www.samoobronapoznan.pl\/?p=2420#breadcrumb"},"inLanguage":"pl-PL","potentialAction":[{"@type":"ReadAction","target":["https:\/\/www.samoobronapoznan.pl\/?p=2420"]}]},{"@type":"ImageObject","inLanguage":"pl-PL","@id":"https:\/\/www.samoobronapoznan.pl\/?p=2420#primaryimage","url":"https:\/\/www.samoobronapoznan.pl\/wp-content\/uploads\/2025\/09\/IMG-20250824-WA0047.jpg","contentUrl":"https:\/\/www.samoobronapoznan.pl\/wp-content\/uploads\/2025\/09\/IMG-20250824-WA0047.jpg","width":1200,"height":1600,"caption":"kurs samoobrony dla kobiet poznan"},{"@type":"BreadcrumbList","@id":"https:\/\/www.samoobronapoznan.pl\/?p=2420#breadcrumb","itemListElement":[{"@type":"ListItem","position":1,"name":"Strona g\u0142\u00f3wna","item":"https:\/\/www.samoobronapoznan.pl\/"},{"@type":"ListItem","position":2,"name":"Pomys\u0142 na integracj\u0119 firmow\u0105 w Poznaniu \u2013 warsztaty bezpiecze\u0144stwa osobistego"}]},{"@type":"WebSite","@id":"https:\/\/www.samoobronapoznan.pl\/#website","url":"https:\/\/www.samoobronapoznan.pl\/","name":"Samoobrona Pozna\u0144","description":"Wielkopolskie Centrum Samoobrony i Bezpiecze\u0144stwa","publisher":{"@id":"https:\/\/www.samoobronapoznan.pl\/#organization"},"potentialAction":[{"@type":"SearchAction","target":{"@type":"EntryPoint","urlTemplate":"https:\/\/www.samoobronapoznan.pl\/?s={search_term_string}"},"query-input":{"@type":"PropertyValueSpecification","valueRequired":true,"valueName":"search_term_string"}}],"inLanguage":"pl-PL"},{"@type":"Organization","@id":"https:\/\/www.samoobronapoznan.pl\/#organization","name":"Wielkopolskie Centrum Samoobrony i Bezpiecze\u0144stwa Pozna\u0144","url":"https:\/\/www.samoobronapoznan.pl\/","logo":{"@type":"ImageObject","inLanguage":"pl-PL","@id":"https:\/\/www.samoobronapoznan.pl\/#\/schema\/logo\/image\/","url":"https:\/\/www.samoobronapoznan.pl\/wp-content\/uploads\/2022\/09\/WCSIB.jpg","contentUrl":"https:\/\/www.samoobronapoznan.pl\/wp-content\/uploads\/2022\/09\/WCSIB.jpg","width":960,"height":956,"caption":"Wielkopolskie Centrum Samoobrony i Bezpiecze\u0144stwa Pozna\u0144"},"image":{"@id":"https:\/\/www.samoobronapoznan.pl\/#\/schema\/logo\/image\/"},"sameAs":["https:\/\/facebook.com\/samoobronapoznan","https:\/\/www.instagram.com\/wcsib_poznan"],"email":"kontakt@samoobronapoznan.pl","telephone":"+48 727 907 468"},{"@type":"Person","@id":"https:\/\/www.samoobronapoznan.pl\/#\/schema\/person\/4295d11d32ead72538b58864473ec48a","name":"admin","image":{"@type":"ImageObject","inLanguage":"pl-PL","@id":"https:\/\/secure.gravatar.com\/avatar\/e40200dd69d1dc87a1ec24cf10423bb23d5e71333e5a5c3367457b193bf803f8?s=96&d=mm&r=g","url":"https:\/\/secure.gravatar.com\/avatar\/e40200dd69d1dc87a1ec24cf10423bb23d5e71333e5a5c3367457b193bf803f8?s=96&d=mm&r=g","contentUrl":"https:\/\/secure.gravatar.com\/avatar\/e40200dd69d1dc87a1ec24cf10423bb23d5e71333e5a5c3367457b193bf803f8?s=96&d=mm&r=g","caption":"admin"},"sameAs":["https:\/\/www.samoobronapoznan.pl"],"url":"https:\/\/www.samoobronapoznan.pl\/?author=1"}]}},"_links":{"self":[{"href":"https:\/\/www.samoobronapoznan.pl\/index.php?rest_route=\/wp\/v2\/posts\/2420","targetHints":{"allow":["GET"]}}],"collection":[{"href":"https:\/\/www.samoobronapoznan.pl\/index.php?rest_route=\/wp\/v2\/posts"}],"about":[{"href":"https:\/\/www.samoobronapoznan.pl\/index.php?rest_route=\/wp\/v2\/types\/post"}],"author":[{"embeddable":true,"href":"https:\/\/www.samoobronapoznan.pl\/index.php?rest_route=\/wp\/v2\/users\/1"}],"replies":[{"embeddable":true,"href":"https:\/\/www.samoobronapoznan.pl\/index.php?rest_route=%2Fwp%2Fv2%2Fcomments&post=2420"}],"version-history":[{"count":1,"href":"https:\/\/www.samoobronapoznan.pl\/index.php?rest_route=\/wp\/v2\/posts\/2420\/revisions"}],"predecessor-version":[{"id":2421,"href":"https:\/\/www.samoobronapoznan.pl\/index.php?rest_route=\/wp\/v2\/posts\/2420\/revisions\/2421"}],"wp:attachment":[{"href":"https:\/\/www.samoobronapoznan.pl\/index.php?rest_route=%2Fwp%2Fv2%2Fmedia&parent=2420"}],"wp:term":[{"taxonomy":"category","embeddable":true,"href":"https:\/\/www.samoobronapoznan.pl\/index.php?rest_route=%2Fwp%2Fv2%2Fcategories&post=2420"},{"taxonomy":"post_tag","embeddable":true,"href":"https:\/\/www.samoobronapoznan.pl\/index.php?rest_route=%2Fwp%2Fv2%2Ftags&post=2420"}],"curies":[{"name":"wp","href":"https:\/\/api.w.org\/{rel}","templated":true}]}}