{"id":2424,"date":"2026-07-01T12:29:22","date_gmt":"2026-07-01T12:29:22","guid":{"rendered":"https:\/\/www.samoobronapoznan.pl\/?p=2424"},"modified":"2026-07-01T12:29:23","modified_gmt":"2026-07-01T12:29:23","slug":"integracja-firmowa-w-poznaniu","status":"publish","type":"post","link":"https:\/\/www.samoobronapoznan.pl\/?p=2424","title":{"rendered":"Integracja firmowa w Poznaniu \u2013 aktywny warsztat zamiast biernej prezentacji"},"content":{"rendered":"\n<!-- \nTitle SEO: Integracja firmowa w Poznaniu \u2013 aktywny warsztat zamiast biernej prezentacji\nMeta description: Szukasz pomys\u0142u na integracj\u0119 firmow\u0105 w Poznaniu? Warsztaty bezpiecze\u0144stwa osobistego to aktywny format, kt\u00f3ry anga\u017cuje pracownik\u00f3w i buduje wsp\u00f3\u0142prac\u0119 w zespole.\nSlug: integracja-firmowa-poznan-aktywny-warsztat-bezpieczenstwa\n-->\n\n<article>\n\n  <h1>Integracja firmowa w Poznaniu \u2013 aktywny warsztat zamiast biernej prezentacji<\/h1>\n\n  <p>\n    <strong>Integracja firmowa w Poznaniu<\/strong> mo\u017ce wygl\u0105da\u0107 zupe\u0142nie inaczej ni\u017c standardowe spotkanie przy stole, kolacja po pracy albo bierna prezentacja w sali konferencyjnej. Coraz wi\u0119cej firm szuka formatu, kt\u00f3ry naprawd\u0119 anga\u017cuje pracownik\u00f3w, pozwala im dzia\u0142a\u0107 razem i daje co\u015b wi\u0119cej ni\u017c chwilow\u0105 rozrywk\u0119. Jednym z takich rozwi\u0105za\u0144 s\u0105 warsztaty bezpiecze\u0144stwa osobistego i samoobrony dla zespo\u0142\u00f3w.\n  <\/p>\n\n  <p>\n    To aktywna forma integracji, w kt\u00f3rej uczestnicy nie tylko s\u0142uchaj\u0105 prowadz\u0105cego, ale \u0107wicz\u0105, pracuj\u0105 w parach, analizuj\u0105 kr\u00f3tkie scenariusze i ucz\u0105 si\u0119 praktycznych zasad bezpiecze\u0144stwa. Dzi\u0119ki temu wydarzenie mo\u017ce by\u0107 jednocze\u015bnie integracj\u0105, atrakcj\u0105 firmow\u0105 i warto\u015bciowym warsztatem dla pracownik\u00f3w.\n  <\/p>\n\n  <figure>\n    <img decoding=\"async\" \n      src=\"https:\/\/www.samoobronapoznan.pl\/wp-content\/uploads\/2025\/09\/IMG-20250824-WA0047.jpg\" \n      alt=\"Integracja firmowa w Poznaniu - aktywne warsztaty bezpiecze\u0144stwa osobistego dla pracownik\u00f3w\" \n      style=\"width:100%; height:auto;\" \n      loading=\"lazy\">\n    <figcaption>Aktywne warsztaty bezpiecze\u0144stwa osobistego jako integracja firmowa w Poznaniu.<\/figcaption>\n  <\/figure>\n\n  <h2>Dlaczego bierne prezentacje cz\u0119sto nie integruj\u0105 zespo\u0142u?<\/h2>\n\n  <p>\n    W wielu firmach spotkania integracyjne nadal maj\u0105 bardzo podobny schemat: sala, prowadz\u0105cy, prezentacja, catering i cz\u0119\u015b\u0107 nieformalna. Taki format mo\u017ce by\u0107 poprawny organizacyjnie, ale nie zawsze anga\u017cuje pracownik\u00f3w. Cz\u0119\u015b\u0107 os\u00f3b s\u0142ucha biernie, cz\u0119\u015b\u0107 szybko traci uwag\u0119, a cz\u0119\u015b\u0107 nie ma okazji wej\u015b\u0107 w realn\u0105 interakcj\u0119 z innymi uczestnikami.\n  <\/p>\n\n  <p>\n    Dobra integracja firmowa powinna tworzy\u0107 wsp\u00f3lne do\u015bwiadczenie. Pracownicy powinni mie\u0107 okazj\u0119 zrobi\u0107 co\u015b razem, porozmawia\u0107, prze\u0142ama\u0107 codzienny dystans i wyj\u015b\u0107 poza schemat typowych kontakt\u00f3w s\u0142u\u017cbowych. W\u0142a\u015bnie dlatego coraz lepiej sprawdzaj\u0105 si\u0119 warsztaty oparte na aktywnym udziale grupy.\n  <\/p>\n\n  <p>\n    Je\u015bli interesuje Ci\u0119 podobny temat w kontek\u015bcie event\u00f3w, zobacz r\u00f3wnie\u017c artyku\u0142:\n    <a href=\"https:\/\/www.samoobronapoznan.pl\/?p=2422\">warsztaty na event firmowy w Poznaniu \u2013 samoobrona jako aktywna atrakcja<\/a>.\n  <\/p>\n\n  <h2>Aktywna integracja firmowa, czyli wsp\u00f3lne dzia\u0142anie<\/h2>\n\n  <p>\n    Podczas warsztat\u00f3w bezpiecze\u0144stwa osobistego uczestnicy od pocz\u0105tku s\u0105 zaanga\u017cowani. Wykonuj\u0105 proste \u0107wiczenia, pracuj\u0105 w parach lub ma\u0142ych grupach, zmieniaj\u0105 partner\u00f3w i omawiaj\u0105 konkretne sytuacje. To sprawia, \u017ce integracja nie jest sztuczna ani wymuszona \u2014 wynika ze wsp\u00f3lnego dzia\u0142ania.\n  <\/p>\n\n  <p>\n    Taki format dobrze dzia\u0142a zw\u0142aszcza w zespo\u0142ach, w kt\u00f3rych pracownicy na co dzie\u0144 nie maj\u0105 wielu okazji do kontaktu. Osoby z r\u00f3\u017cnych dzia\u0142\u00f3w mog\u0105 pozna\u0107 si\u0119 w praktycznej sytuacji, wsp\u00f3lnie wykona\u0107 zadanie i porozmawia\u0107 o czym\u015b innym ni\u017c bie\u017c\u0105ce obowi\u0105zki zawodowe.\n  <\/p>\n\n  <p style=\"text-align:center; margin:30px 0;\">\n    <a href=\"https:\/\/www.samoobronapoznan.pl\/dla-firm\/index.php\" \n       style=\"display:inline-block; background:#d92b2b; color:#ffffff; padding:14px 24px; text-decoration:none; border-radius:6px; font-weight:bold;\">\n       Zobacz szkolenia integracyjne dla firm w Poznaniu\n    <\/a>\n  <\/p>\n\n  <h2>Bezpiecze\u0144stwo osobiste jako temat, kt\u00f3ry dotyczy ka\u017cdego<\/h2>\n\n  <p>\n    Jedn\u0105 z zalet warsztat\u00f3w bezpiecze\u0144stwa jest uniwersalno\u015b\u0107 tematu. Bezpieczny powr\u00f3t do domu, reakcja na natarczywe zachowanie, komunikacja w stresie, zachowanie dystansu, \u015bwiadomo\u015b\u0107 otoczenia czy kontakt z osob\u0105 agresywn\u0105 to sytuacje, kt\u00f3re mog\u0105 dotyczy\u0107 r\u00f3\u017cnych pracownik\u00f3w \u2014 niezale\u017cnie od bran\u017cy, stanowiska czy wieku.\n  <\/p>\n\n  <p>\n    Dzi\u0119ki temu uczestnicy \u0142atwo widz\u0105 sens zaj\u0119\u0107. Nie jest to abstrakcyjna teoria ani przypadkowa zabawa, ale praktyczny warsztat odnosz\u0105cy si\u0119 do codziennych sytuacji. To wa\u017cne, bo dobra integracja firmowa powinna by\u0107 nie tylko przyjemna, ale te\u017c zapami\u0119tywalna.\n  <\/p>\n\n  <h2>Co mo\u017cna robi\u0107 podczas takiej integracji?<\/h2>\n\n  <p>\n    Program warsztat\u00f3w mo\u017cna dostosowa\u0107 do celu spotkania, liczby uczestnik\u00f3w i czasu, jaki firma chce przeznaczy\u0107 na integracj\u0119. W zale\u017cno\u015bci od potrzeb zaj\u0119cia mog\u0105 mie\u0107 charakter bardziej lekki, eventowy albo bardziej szkoleniowy.\n  <\/p>\n\n  <p>\n    Podczas integracji mo\u017cna prze\u0107wiczy\u0107 mi\u0119dzy innymi:\n  <\/p>\n\n  <ul>\n    <li>podstawy bezpiecze\u0144stwa osobistego w codziennych sytuacjach,<\/li>\n    <li>bezpieczny powr\u00f3t po zmroku,<\/li>\n    <li>reakcj\u0119 na natarczywe lub agresywne zachowanie,<\/li>\n    <li>komunikacj\u0119 w sytuacji napi\u0119cia,<\/li>\n    <li>zachowanie dystansu i ustawienie cia\u0142a,<\/li>\n    <li>proste uwalnianie si\u0119 z chwyt\u00f3w,<\/li>\n    <li>prac\u0119 w parach i kr\u00f3tkie scenariusze sytuacyjne,<\/li>\n    <li>wsp\u00f3\u0142prac\u0119 zespo\u0142ow\u0105 w sytuacji stresowej.<\/li>\n  <\/ul>\n\n  <p>\n    \u0106wiczenia mo\u017cna prowadzi\u0107 w bezpieczny spos\u00f3b, bez sportowej presji i bez konieczno\u015bci wcze\u015bniejszego przygotowania. Celem nie jest rywalizacja, tylko praktyka, komunikacja i wi\u0119ksza \u015bwiadomo\u015b\u0107.\n  <\/p>\n\n  <h2>Integracja firmowa bez rywalizacji i wykluczania<\/h2>\n\n  <p>\n    Nie ka\u017cda aktywno\u015b\u0107 integracyjna pasuje do ka\u017cdego zespo\u0142u. Cz\u0119\u015b\u0107 os\u00f3b nie lubi rywalizacji, cz\u0119\u015b\u0107 nie czuje si\u0119 komfortowo w zadaniach sportowych, a cz\u0119\u015b\u0107 nie chce wyst\u0119powa\u0107 przed grup\u0105. Dlatego warto wybiera\u0107 takie formaty, kt\u00f3re pozwalaj\u0105 uczestniczy\u0107 na r\u00f3\u017cnych poziomach.\n  <\/p>\n\n  <p>\n    Warsztaty bezpiecze\u0144stwa mo\u017cna poprowadzi\u0107 w spos\u00f3b dost\u0119pny dla ca\u0142ej grupy. Osoby bardziej aktywne mog\u0105 \u0107wiczy\u0107 intensywniej, a osoby spokojniejsze mog\u0105 zacz\u0105\u0107 od prostszych zada\u0144, obserwacji i rozmowy. Dzi\u0119ki temu integracja nie wyklucza uczestnik\u00f3w i nie tworzy niepotrzebnej presji.\n  <\/p>\n\n  <h2>Dla jakich firm sprawdzi si\u0119 taka integracja?<\/h2>\n\n  <p>\n    Aktywne warsztaty bezpiecze\u0144stwa mog\u0105 by\u0107 dobrym pomys\u0142em na integracj\u0119 firmow\u0105 dla wielu bran\u017c. Sprawdz\u0105 si\u0119 w firmach biurowych, technologicznych, produkcyjnych, logistycznych, handlowych, us\u0142ugowych, edukacyjnych i medycznych. Mo\u017cna je przygotowa\u0107 zar\u00f3wno dla ma\u0142ych zespo\u0142\u00f3w, jak i wi\u0119kszych grup pracownik\u00f3w.\n  <\/p>\n\n  <p>\n    Dla zespo\u0142\u00f3w biurowych mo\u017cna po\u0142o\u017cy\u0107 nacisk na bezpieczny powr\u00f3t do domu i komunikacj\u0119 w stresie. Dla pracownik\u00f3w terenowych \u2014 na \u015bwiadomo\u015b\u0107 otoczenia i zachowanie dystansu. Dla zespo\u0142\u00f3w obs\u0142ugi klienta \u2014 na deeskalacj\u0119 i reagowanie na trudne zachowania. Dla dzia\u0142\u00f3w HR \u2014 na integracj\u0119, profilaktyk\u0119 i budowanie kultury bezpiecze\u0144stwa.\n  <\/p>\n\n  <h2>Integracja w biurze, sali albo plenerze<\/h2>\n\n  <p>\n    Warsztaty bezpiecze\u0144stwa osobistego mo\u017cna zorganizowa\u0107 w r\u00f3\u017cnych warunkach. Mog\u0105 odby\u0107 si\u0119 w siedzibie firmy, na sali szkoleniowej, w przestrzeni eventowej albo w plenerze. Dzi\u0119ki temu \u0142atwo w\u0142\u0105czy\u0107 je w wi\u0119kszy program wydarzenia firmowego.\n  <\/p>\n\n  <p>\n    Kr\u00f3tki blok 60\u201390 minut mo\u017ce by\u0107 dynamiczn\u0105 atrakcj\u0105 podczas eventu. Warsztat 2\u20133 godzinny pozwala spokojniej prze\u0107wiczy\u0107 wi\u0119cej scenariuszy. D\u0142u\u017cszy format mo\u017ce by\u0107 cz\u0119\u015bci\u0105 dnia bezpiecze\u0144stwa albo firmowego programu rozwojowego.\n  <\/p>\n\n  <ul>\n    <li><strong>60\u201390 minut<\/strong> \u2014 aktywna atrakcja integracyjna,<\/li>\n    <li><strong>2\u20133 godziny<\/strong> \u2014 praktyczny warsztat dla zespo\u0142u,<\/li>\n    <li><strong>p\u00f3\u0142 dnia<\/strong> \u2014 rozbudowane szkolenie bezpiecze\u0144stwa,<\/li>\n    <li><strong>dzie\u0144 bezpiecze\u0144stwa<\/strong> \u2014 wi\u0119ksze wydarzenie z kilkoma modu\u0142ami.<\/li>\n  <\/ul>\n\n  <h2>Integracja firmowa dla pracownic<\/h2>\n\n  <p>\n    Warsztaty bezpiecze\u0144stwa mog\u0105 by\u0107 prowadzone dla ca\u0142ych zespo\u0142\u00f3w, ale dobrze sprawdzaj\u0105 si\u0119 r\u00f3wnie\u017c jako wydarzenie skierowane do kobiet. W takim wariancie mo\u017cna mocniej skupi\u0107 si\u0119 na komunikacji granic, reagowaniu na natarczywe zachowanie, pewno\u015bci siebie i bezpiecznym powrocie po zmroku.\n  <\/p>\n\n  <p>\n    Podobny kierunek pokazuje \n    <a href=\"https:\/\/www.samoobronapoznan.pl\/?p=2396\">wyjazd dla kobiet z samoobron\u0105<\/a>, gdzie praktyczne zaj\u0119cia \u0142\u0105cz\u0105 si\u0119 z budowaniem \u015bwiadomo\u015bci, sprawczo\u015bci i pewno\u015bci siebie. Tego typu temat mo\u017cna wykorzysta\u0107 tak\u017ce w firmie, jako cz\u0119\u015b\u0107 integracji lub wydarzenia rozwojowego dla pracownic.\n  <\/p>\n\n  <h2>Dlaczego aktywna integracja zostaje w pami\u0119ci?<\/h2>\n\n  <p>\n    Uczestnicy lepiej zapami\u0119tuj\u0105 wydarzenia, w kt\u00f3rych sami bior\u0105 udzia\u0142. Je\u015bli pracownik tylko siedzi i s\u0142ucha, efekt cz\u0119sto jest kr\u00f3tkotrwa\u0142y. Je\u015bli musi co\u015b zrobi\u0107, zareagowa\u0107, porozmawia\u0107 z inn\u0105 osob\u0105 i prze\u0107wiczy\u0107 konkretne zachowanie, do\u015bwiadczenie zostaje z nim na d\u0142u\u017cej.\n  <\/p>\n\n  <p>\n    Warsztaty bezpiecze\u0144stwa tworz\u0105 w\u0142a\u015bnie taki efekt. Daj\u0105 wsp\u00f3lne prze\u017cycie, uruchamiaj\u0105 rozmowy i pozwalaj\u0105 pracownikom zobaczy\u0107 siebie nawzajem w innej sytuacji ni\u017c codzienna praca. To wzmacnia integracj\u0119 i sprawia, \u017ce wydarzenie nie jest tylko kolejnym punktem w firmowym kalendarzu.\n  <\/p>\n\n  <h2>Integracja firmowa w Poznaniu z praktycznym efektem<\/h2>\n\n  <p>\n    Je\u017celi szukasz pomys\u0142u na integracj\u0119 firmow\u0105 w Poznaniu, warto rozwa\u017cy\u0107 format, kt\u00f3ry b\u0119dzie aktywny, praktyczny i dost\u0119pny dla r\u00f3\u017cnych uczestnik\u00f3w. Warsztaty bezpiecze\u0144stwa osobistego i samoobrony mog\u0105 by\u0107 ciekaw\u0105 alternatyw\u0105 dla standardowych atrakcji.\n  <\/p>\n\n  <p>\n    To rozwi\u0105zanie dla firm, kt\u00f3re chc\u0105 po\u0142\u0105czy\u0107 integracj\u0119 z realn\u0105 warto\u015bci\u0105. Uczestnicy sp\u0119dzaj\u0105 czas razem, \u0107wicz\u0105, rozmawiaj\u0105, ucz\u0105 si\u0119 prostych zasad bezpiecze\u0144stwa i wynosz\u0105 z wydarzenia co\u015b, co mo\u017ce przyda\u0107 si\u0119 r\u00f3wnie\u017c poza prac\u0105.\n  <\/p>\n\n  <p style=\"text-align:center; margin:35px 0;\">\n    <a href=\"https:\/\/www.samoobronapoznan.pl\/dla-firm\/index.php\" \n       style=\"display:inline-block; background:#d92b2b; color:#ffffff; padding:15px 26px; text-decoration:none; border-radius:6px; font-weight:bold;\">\n       Sprawd\u017a aktywne warsztaty integracyjne dla firm\n    <\/a>\n  <\/p>\n\n<\/article>\n","protected":false},"excerpt":{"rendered":"<p>Integracja firmowa w Poznaniu \u2013 aktywny warsztat zamiast biernej prezentacji Integracja firmowa w Poznaniu mo\u017ce wygl\u0105da\u0107 zupe\u0142nie inaczej ni\u017c standardowe spotkanie przy stole, kolacja po pracy albo bierna prezentacja w sali konferencyjnej. Coraz wi\u0119cej firm szuka formatu, kt\u00f3ry naprawd\u0119 anga\u017cuje pracownik\u00f3w, pozwala im dzia\u0142a\u0107 razem i daje co\u015b wi\u0119cej ni\u017c chwilow\u0105 rozrywk\u0119. Jednym z takich rozwi\u0105za\u0144 s\u0105 warsztaty bezpiecze\u0144stwa osobistego i samoobrony dla zespo\u0142\u00f3w. To aktywna forma integracji, w kt\u00f3rej uczestnicy nie tylko s\u0142uchaj\u0105 prowadz\u0105cego, ale \u0107wicz\u0105, pracuj\u0105 w parach, analizuj\u0105 kr\u00f3tkie scenariusze i ucz\u0105 si\u0119 praktycznych zasad bezpiecze\u0144stwa. Dzi\u0119ki temu wydarzenie mo\u017ce by\u0107 jednocze\u015bnie integracj\u0105, atrakcj\u0105 firmow\u0105 i warto\u015bciowym&#8230; <\/p>\n","protected":false},"author":1,"featured_media":0,"comment_status":"open","ping_status":"open","sticky":false,"template":"","format":"standard","meta":{"ngg_post_thumbnail":0,"footnotes":""},"categories":[32],"tags":[],"class_list":["post-2424","post","type-post","status-publish","format-standard","hentry","category-bez-kategorii-pl"],"yoast_head":"<!-- This site is optimized with the Yoast SEO Premium plugin v26.6 (Yoast SEO v28.3) - https:\/\/yoast.com\/product\/yoast-seo-premium-wordpress\/ -->\n<title>Integracja firmowa w Poznaniu<\/title>\n<meta name=\"description\" content=\"Integracja firmowa w Poznaniu \u2013 aktywny warsztat zamiast biernej prezentacji - atrakcje na event firmowy Pozna\u0144\" \/>\n<meta name=\"robots\" content=\"index, follow, max-snippet:-1, max-image-preview:large, max-video-preview:-1\" \/>\n<link rel=\"canonical\" href=\"https:\/\/www.samoobronapoznan.pl\/?p=2424\" \/>\n<meta property=\"og:locale\" content=\"pl_PL\" \/>\n<meta property=\"og:type\" content=\"article\" \/>\n<meta property=\"og:title\" content=\"Integracja firmowa w Poznaniu \u2013 aktywny warsztat zamiast biernej prezentacji\" \/>\n<meta property=\"og:description\" content=\"Integracja firmowa w Poznaniu \u2013 aktywny warsztat zamiast biernej prezentacji - atrakcje na event firmowy Pozna\u0144\" \/>\n<meta property=\"og:url\" content=\"https:\/\/www.samoobronapoznan.pl\/?p=2424\" \/>\n<meta property=\"og:site_name\" content=\"Samoobrona Pozna\u0144\" \/>\n<meta property=\"article:publisher\" content=\"https:\/\/facebook.com\/samoobronapoznan\" \/>\n<meta property=\"article:published_time\" content=\"2026-07-01T12:29:22+00:00\" \/>\n<meta property=\"article:modified_time\" content=\"2026-07-01T12:29:23+00:00\" \/>\n<meta property=\"og:image\" content=\"https:\/\/www.samoobronapoznan.pl\/wp-content\/uploads\/2025\/09\/IMG-20250824-WA0047.jpg\" \/>\n<meta name=\"author\" content=\"admin\" \/>\n<meta name=\"twitter:card\" content=\"summary_large_image\" \/>\n<meta name=\"twitter:label1\" content=\"Napisane przez\" \/>\n\t<meta name=\"twitter:data1\" content=\"admin\" \/>\n\t<meta name=\"twitter:label2\" content=\"Szacowany czas czytania\" \/>\n\t<meta name=\"twitter:data2\" content=\"7 minut\" \/>\n<script type=\"application\/ld+json\" class=\"yoast-schema-graph\">{\"@context\":\"https:\\\/\\\/schema.org\",\"@graph\":[{\"@type\":\"Article\",\"@id\":\"https:\\\/\\\/www.samoobronapoznan.pl\\\/?p=2424#article\",\"isPartOf\":{\"@id\":\"https:\\\/\\\/www.samoobronapoznan.pl\\\/?p=2424\"},\"author\":{\"name\":\"admin\",\"@id\":\"https:\\\/\\\/www.samoobronapoznan.pl\\\/#\\\/schema\\\/person\\\/4295d11d32ead72538b58864473ec48a\"},\"headline\":\"Integracja firmowa w Poznaniu \u2013 aktywny warsztat zamiast biernej prezentacji\",\"datePublished\":\"2026-07-01T12:29:22+00:00\",\"dateModified\":\"2026-07-01T12:29:23+00:00\",\"mainEntityOfPage\":{\"@id\":\"https:\\\/\\\/www.samoobronapoznan.pl\\\/?p=2424\"},\"wordCount\":1218,\"commentCount\":0,\"publisher\":{\"@id\":\"https:\\\/\\\/www.samoobronapoznan.pl\\\/#organization\"},\"image\":{\"@id\":\"https:\\\/\\\/www.samoobronapoznan.pl\\\/?p=2424#primaryimage\"},\"thumbnailUrl\":\"https:\\\/\\\/www.samoobronapoznan.pl\\\/wp-content\\\/uploads\\\/2025\\\/09\\\/IMG-20250824-WA0047.jpg\",\"inLanguage\":\"pl-PL\",\"potentialAction\":[{\"@type\":\"CommentAction\",\"name\":\"Comment\",\"target\":[\"https:\\\/\\\/www.samoobronapoznan.pl\\\/?p=2424#respond\"]}]},{\"@type\":\"WebPage\",\"@id\":\"https:\\\/\\\/www.samoobronapoznan.pl\\\/?p=2424\",\"url\":\"https:\\\/\\\/www.samoobronapoznan.pl\\\/?p=2424\",\"name\":\"Integracja firmowa w Poznaniu\",\"isPartOf\":{\"@id\":\"https:\\\/\\\/www.samoobronapoznan.pl\\\/#website\"},\"primaryImageOfPage\":{\"@id\":\"https:\\\/\\\/www.samoobronapoznan.pl\\\/?p=2424#primaryimage\"},\"image\":{\"@id\":\"https:\\\/\\\/www.samoobronapoznan.pl\\\/?p=2424#primaryimage\"},\"thumbnailUrl\":\"https:\\\/\\\/www.samoobronapoznan.pl\\\/wp-content\\\/uploads\\\/2025\\\/09\\\/IMG-20250824-WA0047.jpg\",\"datePublished\":\"2026-07-01T12:29:22+00:00\",\"dateModified\":\"2026-07-01T12:29:23+00:00\",\"description\":\"Integracja firmowa w Poznaniu \u2013 aktywny warsztat zamiast biernej prezentacji - atrakcje na event firmowy Pozna\u0144\",\"breadcrumb\":{\"@id\":\"https:\\\/\\\/www.samoobronapoznan.pl\\\/?p=2424#breadcrumb\"},\"inLanguage\":\"pl-PL\",\"potentialAction\":[{\"@type\":\"ReadAction\",\"target\":[\"https:\\\/\\\/www.samoobronapoznan.pl\\\/?p=2424\"]}]},{\"@type\":\"ImageObject\",\"inLanguage\":\"pl-PL\",\"@id\":\"https:\\\/\\\/www.samoobronapoznan.pl\\\/?p=2424#primaryimage\",\"url\":\"https:\\\/\\\/www.samoobronapoznan.pl\\\/wp-content\\\/uploads\\\/2025\\\/09\\\/IMG-20250824-WA0047.jpg\",\"contentUrl\":\"https:\\\/\\\/www.samoobronapoznan.pl\\\/wp-content\\\/uploads\\\/2025\\\/09\\\/IMG-20250824-WA0047.jpg\",\"width\":1200,\"height\":1600,\"caption\":\"kurs samoobrony dla kobiet poznan\"},{\"@type\":\"BreadcrumbList\",\"@id\":\"https:\\\/\\\/www.samoobronapoznan.pl\\\/?p=2424#breadcrumb\",\"itemListElement\":[{\"@type\":\"ListItem\",\"position\":1,\"name\":\"Strona g\u0142\u00f3wna\",\"item\":\"https:\\\/\\\/www.samoobronapoznan.pl\\\/\"},{\"@type\":\"ListItem\",\"position\":2,\"name\":\"Integracja firmowa w Poznaniu \u2013 aktywny warsztat zamiast biernej prezentacji\"}]},{\"@type\":\"WebSite\",\"@id\":\"https:\\\/\\\/www.samoobronapoznan.pl\\\/#website\",\"url\":\"https:\\\/\\\/www.samoobronapoznan.pl\\\/\",\"name\":\"Samoobrona Pozna\u0144\",\"description\":\"Wielkopolskie Centrum Samoobrony i Bezpiecze\u0144stwa\",\"publisher\":{\"@id\":\"https:\\\/\\\/www.samoobronapoznan.pl\\\/#organization\"},\"potentialAction\":[{\"@type\":\"SearchAction\",\"target\":{\"@type\":\"EntryPoint\",\"urlTemplate\":\"https:\\\/\\\/www.samoobronapoznan.pl\\\/?s={search_term_string}\"},\"query-input\":{\"@type\":\"PropertyValueSpecification\",\"valueRequired\":true,\"valueName\":\"search_term_string\"}}],\"inLanguage\":\"pl-PL\"},{\"@type\":\"Organization\",\"@id\":\"https:\\\/\\\/www.samoobronapoznan.pl\\\/#organization\",\"name\":\"Wielkopolskie Centrum Samoobrony i Bezpiecze\u0144stwa Pozna\u0144\",\"url\":\"https:\\\/\\\/www.samoobronapoznan.pl\\\/\",\"logo\":{\"@type\":\"ImageObject\",\"inLanguage\":\"pl-PL\",\"@id\":\"https:\\\/\\\/www.samoobronapoznan.pl\\\/#\\\/schema\\\/logo\\\/image\\\/\",\"url\":\"https:\\\/\\\/www.samoobronapoznan.pl\\\/wp-content\\\/uploads\\\/2022\\\/09\\\/WCSIB.jpg\",\"contentUrl\":\"https:\\\/\\\/www.samoobronapoznan.pl\\\/wp-content\\\/uploads\\\/2022\\\/09\\\/WCSIB.jpg\",\"width\":960,\"height\":956,\"caption\":\"Wielkopolskie Centrum Samoobrony i Bezpiecze\u0144stwa Pozna\u0144\"},\"image\":{\"@id\":\"https:\\\/\\\/www.samoobronapoznan.pl\\\/#\\\/schema\\\/logo\\\/image\\\/\"},\"sameAs\":[\"https:\\\/\\\/facebook.com\\\/samoobronapoznan\",\"https:\\\/\\\/www.instagram.com\\\/wcsib_poznan\"],\"email\":\"kontakt@samoobronapoznan.pl\",\"telephone\":\"+48 727 907 468\"},{\"@type\":\"Person\",\"@id\":\"https:\\\/\\\/www.samoobronapoznan.pl\\\/#\\\/schema\\\/person\\\/4295d11d32ead72538b58864473ec48a\",\"name\":\"admin\",\"image\":{\"@type\":\"ImageObject\",\"inLanguage\":\"pl-PL\",\"@id\":\"https:\\\/\\\/secure.gravatar.com\\\/avatar\\\/e40200dd69d1dc87a1ec24cf10423bb23d5e71333e5a5c3367457b193bf803f8?s=96&d=mm&r=g\",\"url\":\"https:\\\/\\\/secure.gravatar.com\\\/avatar\\\/e40200dd69d1dc87a1ec24cf10423bb23d5e71333e5a5c3367457b193bf803f8?s=96&d=mm&r=g\",\"contentUrl\":\"https:\\\/\\\/secure.gravatar.com\\\/avatar\\\/e40200dd69d1dc87a1ec24cf10423bb23d5e71333e5a5c3367457b193bf803f8?s=96&d=mm&r=g\",\"caption\":\"admin\"},\"sameAs\":[\"https:\\\/\\\/www.samoobronapoznan.pl\"],\"url\":\"https:\\\/\\\/www.samoobronapoznan.pl\\\/?author=1\"}]}<\/script>\n<!-- \/ Yoast SEO Premium plugin. -->","yoast_head_json":{"title":"Integracja firmowa w Poznaniu","description":"Integracja firmowa w Poznaniu \u2013 aktywny warsztat zamiast biernej prezentacji - atrakcje na event firmowy Pozna\u0144","robots":{"index":"index","follow":"follow","max-snippet":"max-snippet:-1","max-image-preview":"max-image-preview:large","max-video-preview":"max-video-preview:-1"},"canonical":"https:\/\/www.samoobronapoznan.pl\/?p=2424","og_locale":"pl_PL","og_type":"article","og_title":"Integracja firmowa w Poznaniu \u2013 aktywny warsztat zamiast biernej prezentacji","og_description":"Integracja firmowa w Poznaniu \u2013 aktywny warsztat zamiast biernej prezentacji - atrakcje na event firmowy Pozna\u0144","og_url":"https:\/\/www.samoobronapoznan.pl\/?p=2424","og_site_name":"Samoobrona Pozna\u0144","article_publisher":"https:\/\/facebook.com\/samoobronapoznan","article_published_time":"2026-07-01T12:29:22+00:00","article_modified_time":"2026-07-01T12:29:23+00:00","og_image":[{"url":"https:\/\/www.samoobronapoznan.pl\/wp-content\/uploads\/2025\/09\/IMG-20250824-WA0047.jpg","type":"","width":"","height":""}],"author":"admin","twitter_card":"summary_large_image","twitter_misc":{"Napisane przez":"admin","Szacowany czas czytania":"7 minut"},"schema":{"@context":"https:\/\/schema.org","@graph":[{"@type":"Article","@id":"https:\/\/www.samoobronapoznan.pl\/?p=2424#article","isPartOf":{"@id":"https:\/\/www.samoobronapoznan.pl\/?p=2424"},"author":{"name":"admin","@id":"https:\/\/www.samoobronapoznan.pl\/#\/schema\/person\/4295d11d32ead72538b58864473ec48a"},"headline":"Integracja firmowa w Poznaniu \u2013 aktywny warsztat zamiast biernej prezentacji","datePublished":"2026-07-01T12:29:22+00:00","dateModified":"2026-07-01T12:29:23+00:00","mainEntityOfPage":{"@id":"https:\/\/www.samoobronapoznan.pl\/?p=2424"},"wordCount":1218,"commentCount":0,"publisher":{"@id":"https:\/\/www.samoobronapoznan.pl\/#organization"},"image":{"@id":"https:\/\/www.samoobronapoznan.pl\/?p=2424#primaryimage"},"thumbnailUrl":"https:\/\/www.samoobronapoznan.pl\/wp-content\/uploads\/2025\/09\/IMG-20250824-WA0047.jpg","inLanguage":"pl-PL","potentialAction":[{"@type":"CommentAction","name":"Comment","target":["https:\/\/www.samoobronapoznan.pl\/?p=2424#respond"]}]},{"@type":"WebPage","@id":"https:\/\/www.samoobronapoznan.pl\/?p=2424","url":"https:\/\/www.samoobronapoznan.pl\/?p=2424","name":"Integracja firmowa w Poznaniu","isPartOf":{"@id":"https:\/\/www.samoobronapoznan.pl\/#website"},"primaryImageOfPage":{"@id":"https:\/\/www.samoobronapoznan.pl\/?p=2424#primaryimage"},"image":{"@id":"https:\/\/www.samoobronapoznan.pl\/?p=2424#primaryimage"},"thumbnailUrl":"https:\/\/www.samoobronapoznan.pl\/wp-content\/uploads\/2025\/09\/IMG-20250824-WA0047.jpg","datePublished":"2026-07-01T12:29:22+00:00","dateModified":"2026-07-01T12:29:23+00:00","description":"Integracja firmowa w Poznaniu \u2013 aktywny warsztat zamiast biernej prezentacji - atrakcje na event firmowy Pozna\u0144","breadcrumb":{"@id":"https:\/\/www.samoobronapoznan.pl\/?p=2424#breadcrumb"},"inLanguage":"pl-PL","potentialAction":[{"@type":"ReadAction","target":["https:\/\/www.samoobronapoznan.pl\/?p=2424"]}]},{"@type":"ImageObject","inLanguage":"pl-PL","@id":"https:\/\/www.samoobronapoznan.pl\/?p=2424#primaryimage","url":"https:\/\/www.samoobronapoznan.pl\/wp-content\/uploads\/2025\/09\/IMG-20250824-WA0047.jpg","contentUrl":"https:\/\/www.samoobronapoznan.pl\/wp-content\/uploads\/2025\/09\/IMG-20250824-WA0047.jpg","width":1200,"height":1600,"caption":"kurs samoobrony dla kobiet poznan"},{"@type":"BreadcrumbList","@id":"https:\/\/www.samoobronapoznan.pl\/?p=2424#breadcrumb","itemListElement":[{"@type":"ListItem","position":1,"name":"Strona g\u0142\u00f3wna","item":"https:\/\/www.samoobronapoznan.pl\/"},{"@type":"ListItem","position":2,"name":"Integracja firmowa w Poznaniu \u2013 aktywny warsztat zamiast biernej prezentacji"}]},{"@type":"WebSite","@id":"https:\/\/www.samoobronapoznan.pl\/#website","url":"https:\/\/www.samoobronapoznan.pl\/","name":"Samoobrona Pozna\u0144","description":"Wielkopolskie Centrum Samoobrony i Bezpiecze\u0144stwa","publisher":{"@id":"https:\/\/www.samoobronapoznan.pl\/#organization"},"potentialAction":[{"@type":"SearchAction","target":{"@type":"EntryPoint","urlTemplate":"https:\/\/www.samoobronapoznan.pl\/?s={search_term_string}"},"query-input":{"@type":"PropertyValueSpecification","valueRequired":true,"valueName":"search_term_string"}}],"inLanguage":"pl-PL"},{"@type":"Organization","@id":"https:\/\/www.samoobronapoznan.pl\/#organization","name":"Wielkopolskie Centrum Samoobrony i Bezpiecze\u0144stwa Pozna\u0144","url":"https:\/\/www.samoobronapoznan.pl\/","logo":{"@type":"ImageObject","inLanguage":"pl-PL","@id":"https:\/\/www.samoobronapoznan.pl\/#\/schema\/logo\/image\/","url":"https:\/\/www.samoobronapoznan.pl\/wp-content\/uploads\/2022\/09\/WCSIB.jpg","contentUrl":"https:\/\/www.samoobronapoznan.pl\/wp-content\/uploads\/2022\/09\/WCSIB.jpg","width":960,"height":956,"caption":"Wielkopolskie Centrum Samoobrony i Bezpiecze\u0144stwa Pozna\u0144"},"image":{"@id":"https:\/\/www.samoobronapoznan.pl\/#\/schema\/logo\/image\/"},"sameAs":["https:\/\/facebook.com\/samoobronapoznan","https:\/\/www.instagram.com\/wcsib_poznan"],"email":"kontakt@samoobronapoznan.pl","telephone":"+48 727 907 468"},{"@type":"Person","@id":"https:\/\/www.samoobronapoznan.pl\/#\/schema\/person\/4295d11d32ead72538b58864473ec48a","name":"admin","image":{"@type":"ImageObject","inLanguage":"pl-PL","@id":"https:\/\/secure.gravatar.com\/avatar\/e40200dd69d1dc87a1ec24cf10423bb23d5e71333e5a5c3367457b193bf803f8?s=96&d=mm&r=g","url":"https:\/\/secure.gravatar.com\/avatar\/e40200dd69d1dc87a1ec24cf10423bb23d5e71333e5a5c3367457b193bf803f8?s=96&d=mm&r=g","contentUrl":"https:\/\/secure.gravatar.com\/avatar\/e40200dd69d1dc87a1ec24cf10423bb23d5e71333e5a5c3367457b193bf803f8?s=96&d=mm&r=g","caption":"admin"},"sameAs":["https:\/\/www.samoobronapoznan.pl"],"url":"https:\/\/www.samoobronapoznan.pl\/?author=1"}]}},"_links":{"self":[{"href":"https:\/\/www.samoobronapoznan.pl\/index.php?rest_route=\/wp\/v2\/posts\/2424","targetHints":{"allow":["GET"]}}],"collection":[{"href":"https:\/\/www.samoobronapoznan.pl\/index.php?rest_route=\/wp\/v2\/posts"}],"about":[{"href":"https:\/\/www.samoobronapoznan.pl\/index.php?rest_route=\/wp\/v2\/types\/post"}],"author":[{"embeddable":true,"href":"https:\/\/www.samoobronapoznan.pl\/index.php?rest_route=\/wp\/v2\/users\/1"}],"replies":[{"embeddable":true,"href":"https:\/\/www.samoobronapoznan.pl\/index.php?rest_route=%2Fwp%2Fv2%2Fcomments&post=2424"}],"version-history":[{"count":1,"href":"https:\/\/www.samoobronapoznan.pl\/index.php?rest_route=\/wp\/v2\/posts\/2424\/revisions"}],"predecessor-version":[{"id":2425,"href":"https:\/\/www.samoobronapoznan.pl\/index.php?rest_route=\/wp\/v2\/posts\/2424\/revisions\/2425"}],"wp:attachment":[{"href":"https:\/\/www.samoobronapoznan.pl\/index.php?rest_route=%2Fwp%2Fv2%2Fmedia&parent=2424"}],"wp:term":[{"taxonomy":"category","embeddable":true,"href":"https:\/\/www.samoobronapoznan.pl\/index.php?rest_route=%2Fwp%2Fv2%2Fcategories&post=2424"},{"taxonomy":"post_tag","embeddable":true,"href":"https:\/\/www.samoobronapoznan.pl\/index.php?rest_route=%2Fwp%2Fv2%2Ftags&post=2424"}],"curies":[{"name":"wp","href":"https:\/\/api.w.org\/{rel}","templated":true}]}}