{"id":2426,"date":"2026-07-01T12:31:42","date_gmt":"2026-07-01T12:31:42","guid":{"rendered":"https:\/\/www.samoobronapoznan.pl\/?p=2426"},"modified":"2026-07-01T12:31:44","modified_gmt":"2026-07-01T12:31:44","slug":"eventy-firmowe-w-poznaniu","status":"publish","type":"post","link":"https:\/\/www.samoobronapoznan.pl\/?p=2426","title":{"rendered":"Eventy firmowe w Poznaniu \u2013 jak po\u0142\u0105czy\u0107 integracj\u0119 z praktycznym szkoleniem?"},"content":{"rendered":"\n<!-- \nTitle SEO: Eventy firmowe w Poznaniu \u2013 jak po\u0142\u0105czy\u0107 integracj\u0119 z praktycznym szkoleniem?\nMeta description: Organizujesz eventy firmowe w Poznaniu? Sprawd\u017a, jak po\u0142\u0105czy\u0107 integracj\u0119 pracownik\u00f3w z praktycznymi warsztatami bezpiecze\u0144stwa i samoobrony.\nSlug: eventy-firmowe-poznan-integracja-warsztaty-bezpieczenstwa\n-->\n\n<article>\n\n  <h1>Eventy firmowe w Poznaniu \u2013 jak po\u0142\u0105czy\u0107 integracj\u0119 z praktycznym szkoleniem?<\/h1>\n\n  <p>\n    <strong>Eventy firmowe w Poznaniu<\/strong> coraz cz\u0119\u015bciej maj\u0105 by\u0107 czym\u015b wi\u0119cej ni\u017c spotkaniem przy cateringu, prezentacj\u0105 wynik\u00f3w albo wieczorn\u0105 integracj\u0105. Firmy szukaj\u0105 format\u00f3w, kt\u00f3re anga\u017cuj\u0105 pracownik\u00f3w, buduj\u0105 relacje w zespole i jednocze\u015bnie daj\u0105 konkretn\u0105 warto\u015b\u0107. Jednym z takich rozwi\u0105za\u0144 s\u0105 warsztaty bezpiecze\u0144stwa osobistego i samoobrony, kt\u00f3re mo\u017cna w\u0142\u0105czy\u0107 w program wydarzenia firmowego.\n  <\/p>\n\n  <p>\n    To propozycja dla organizacji, kt\u00f3re chc\u0105 po\u0142\u0105czy\u0107 integracj\u0119 z praktycznym szkoleniem. Uczestnicy nie tylko sp\u0119dzaj\u0105 razem czas, ale te\u017c ucz\u0105 si\u0119 zasad przydatnych w codziennym \u017cyciu: komunikacji w stresie, reagowania na natarczywe zachowanie, zachowania dystansu, bezpiecznego powrotu po zmroku i podstaw samoobrony.\n  <\/p>\n\n  <figure>\n    <img decoding=\"async\" \n      src=\"https:\/\/www.samoobronapoznan.pl\/wp-content\/uploads\/2025\/09\/IMG-20250824-WA0047.jpg\" \n      alt=\"Eventy firmowe w Poznaniu - warsztaty bezpiecze\u0144stwa i samoobrony jako atrakcja dla pracownik\u00f3w\" \n      style=\"width:100%; height:auto;\" \n      loading=\"lazy\">\n    <figcaption>Warsztaty bezpiecze\u0144stwa osobistego jako praktyczny element eventu firmowego w Poznaniu.<\/figcaption>\n  <\/figure>\n\n  <h2>Dlaczego event firmowy powinien anga\u017cowa\u0107 uczestnik\u00f3w?<\/h2>\n\n  <p>\n    Dobrze zaplanowany event firmowy nie polega wy\u0142\u0105cznie na zebraniu pracownik\u00f3w w jednym miejscu. Najwi\u0119ksz\u0105 warto\u015b\u0107 daj\u0105 wydarzenia, kt\u00f3re tworz\u0105 wsp\u00f3lne do\u015bwiadczenie. Uczestnicy powinni mie\u0107 okazj\u0119 dzia\u0142a\u0107 razem, rozmawia\u0107, prze\u0142amywa\u0107 rutyn\u0119 i zobaczy\u0107 siebie nawzajem w sytuacji innej ni\u017c codzienna praca.\n  <\/p>\n\n  <p>\n    Warsztaty bezpiecze\u0144stwa dobrze wpisuj\u0105 si\u0119 w taki cel. Uczestnicy wykonuj\u0105 proste \u0107wiczenia, pracuj\u0105 w parach lub ma\u0142ych grupach, analizuj\u0105 kr\u00f3tkie scenariusze i poznaj\u0105 praktyczne zasady. Dzi\u0119ki temu wydarzenie nie jest bierne. Ludzie s\u0105 zaanga\u017cowani, a temat szybko staje si\u0119 punktem wyj\u015bcia do rozm\u00f3w.\n  <\/p>\n\n  <p>\n    Je\u015bli interesuje Ci\u0119 aktywna forma integracji, zobacz r\u00f3wnie\u017c artyku\u0142:\n    <a href=\"https:\/\/www.samoobronapoznan.pl\/?p=2424\">integracja firmowa w Poznaniu \u2013 aktywny warsztat zamiast biernej prezentacji<\/a>.\n  <\/p>\n\n  <h2>Eventy firmowe z praktycznym efektem<\/h2>\n\n  <p>\n    Wiele atrakcji eventowych daje dobr\u0105 zabaw\u0119, ale szybko si\u0119 ko\u0144czy. Warsztaty bezpiecze\u0144stwa maj\u0105 t\u0119 przewag\u0119, \u017ce zostawiaj\u0105 uczestnikom co\u015b konkretnego. Pracownicy mog\u0105 wykorzysta\u0107 omawiane zasady w drodze do domu, podczas podr\u00f3\u017cy s\u0142u\u017cbowej, w kontakcie z trudnym klientem, w pracy terenowej albo w sytuacji, gdy kto\u015b narusza ich granice.\n  <\/p>\n\n  <p>\n    Dzi\u0119ki temu event firmowy mo\u017ce pe\u0142ni\u0107 kilka funkcji jednocze\u015bnie. Mo\u017ce by\u0107 integracj\u0105, atrakcj\u0105, elementem profilaktyki, szkoleniem mi\u0119kkim i praktycznym warsztatem bezpiecze\u0144stwa. To szczeg\u00f3lnie wa\u017cne dla firm, kt\u00f3re chc\u0105 inwestowa\u0107 w dobrostan pracownik\u00f3w, kultur\u0119 bezpiecze\u0144stwa i odpowiedzialn\u0105 organizacj\u0119 pracy.\n  <\/p>\n\n  <p style=\"text-align:center; margin:30px 0;\">\n    <a href=\"https:\/\/www.samoobronapoznan.pl\/dla-firm\/index.php\" \n       style=\"display:inline-block; background:#d92b2b; color:#ffffff; padding:14px 24px; text-decoration:none; border-radius:6px; font-weight:bold;\">\n       Zobacz szkolenia bezpiecze\u0144stwa dla firm w Poznaniu\n    <\/a>\n  <\/p>\n\n  <h2>Jak po\u0142\u0105czy\u0107 integracj\u0119 z warsztatem bezpiecze\u0144stwa?<\/h2>\n\n  <p>\n    Najlepsze efekty daje takie zaplanowanie programu, aby warsztat nie by\u0142 oderwanym punktem wydarzenia. Mo\u017ce by\u0107 g\u0142\u00f3wn\u0105 atrakcj\u0105 eventu, kr\u00f3tkim blokiem w \u015brodku dnia albo elementem wi\u0119kszego programu obejmuj\u0105cego bezpiecze\u0144stwo, komunikacj\u0119 i wsp\u00f3\u0142prac\u0119 zespo\u0142ow\u0105.\n  <\/p>\n\n  <p>\n    W kr\u00f3tszym wariancie warsztaty mog\u0105 trwa\u0107 60\u201390 minut i dzia\u0142a\u0107 jako dynamiczna atrakcja dla pracownik\u00f3w. W d\u0142u\u017cszej wersji mo\u017cna zaplanowa\u0107 2\u20133 godziny praktycznych \u0107wicze\u0144. Przy wi\u0119kszych wydarzeniach mo\u017cliwe jest stworzenie ca\u0142ego dnia bezpiecze\u0144stwa, w kt\u00f3rym r\u00f3\u017cne grupy przechodz\u0105 przez kilka modu\u0142\u00f3w.\n  <\/p>\n\n  <ul>\n    <li><strong>kr\u00f3tki blok eventowy<\/strong> \u2014 szybkie, anga\u017cuj\u0105ce \u0107wiczenia dla uczestnik\u00f3w,<\/li>\n    <li><strong>warsztat integracyjny<\/strong> \u2014 wi\u0119cej pracy w parach i kr\u00f3tkich scenariuszy,<\/li>\n    <li><strong>dzie\u0144 bezpiecze\u0144stwa<\/strong> \u2014 kilka modu\u0142\u00f3w dla wi\u0119kszej liczby pracownik\u00f3w,<\/li>\n    <li><strong>wydarzenie tematyczne<\/strong> \u2014 integracja po\u0142\u0105czona z komunikacj\u0105, deeskalacj\u0105 i bezpiecze\u0144stwem osobistym.<\/li>\n  <\/ul>\n\n  <h2>Jakie tematy sprawdz\u0105 si\u0119 podczas eventu firmowego?<\/h2>\n\n  <p>\n    Program warsztat\u00f3w mo\u017cna dopasowa\u0107 do bran\u017cy, zespo\u0142u i celu wydarzenia. Inaczej wygl\u0105da event dla dzia\u0142u sprzeda\u017cy, inaczej dla pracownik\u00f3w biurowych, a inaczej dla os\u00f3b pracuj\u0105cych terenowo. W ka\u017cdym przypadku mo\u017cna jednak wybra\u0107 takie modu\u0142y, kt\u00f3re b\u0119d\u0105 praktyczne i zrozumia\u0142e dla uczestnik\u00f3w.\n  <\/p>\n\n  <p>\n    Podczas eventu firmowego mo\u017cna poruszy\u0107 mi\u0119dzy innymi:\n  <\/p>\n\n  <ul>\n    <li>bezpieczny powr\u00f3t do domu po pracy lub po spotkaniu firmowym,<\/li>\n    <li>reakcj\u0119 na natarczywe albo agresywne zachowanie,<\/li>\n    <li>podstawy deeskalacji konfliktu,<\/li>\n    <li>komunikacj\u0119 g\u0142osem i postaw\u0105 cia\u0142a,<\/li>\n    <li>zachowanie dystansu i kontrol\u0119 przestrzeni,<\/li>\n    <li>proste uwalnianie si\u0119 z chwyt\u00f3w,<\/li>\n    <li>\u015bwiadomo\u015b\u0107 otoczenia w mie\u015bcie i podr\u00f3\u017cy,<\/li>\n    <li>wsp\u00f3\u0142prac\u0119 z drug\u0105 osob\u0105 w sytuacji stresowej.<\/li>\n  <\/ul>\n\n  <p>\n    Zaj\u0119cia mog\u0105 by\u0107 prowadzone w lekkiej formule eventowej lub w bardziej merytorycznej wersji szkoleniowej. Dzi\u0119ki temu mo\u017cna je dopasowa\u0107 zar\u00f3wno do lu\u017anej integracji, jak i do wydarzenia o charakterze rozwojowym.\n  <\/p>\n\n  <h2>Event firmowy dla pracownik\u00f3w r\u00f3\u017cnych dzia\u0142\u00f3w<\/h2>\n\n  <p>\n    Jednym z wyzwa\u0144 przy organizacji eventu firmowego jest zr\u00f3\u017cnicowanie grupy. W jednym wydarzeniu cz\u0119sto bior\u0105 udzia\u0142 osoby z administracji, sprzeda\u017cy, produkcji, obs\u0142ugi klienta, logistyki, HR czy kadry managerskiej. Dobra atrakcja powinna by\u0107 na tyle uniwersalna, aby anga\u017cowa\u0107 r\u00f3\u017cne osoby.\n  <\/p>\n\n  <p>\n    Bezpiecze\u0144stwo osobiste jest tematem, kt\u00f3ry mo\u017cna dopasowa\u0107 do wielu dzia\u0142\u00f3w. Dla pracownik\u00f3w biurowych wa\u017cny mo\u017ce by\u0107 bezpieczny powr\u00f3t po zmroku. Dla os\u00f3b pracuj\u0105cych z klientami \u2014 deeskalacja i reagowanie na trudne zachowania. Dla pracownik\u00f3w terenowych \u2014 \u015bwiadomo\u015b\u0107 otoczenia i unikanie ryzyka. Dla manager\u00f3w \u2014 komunikacja w napi\u0119ciu i odpowiedzialne reagowanie na sytuacje konfliktowe.\n  <\/p>\n\n  <h2>Event bez presji sportowej<\/h2>\n\n  <p>\n    Warsztaty samoobrony nie musz\u0105 mie\u0107 charakteru intensywnego treningu. W formule firmowej najwa\u017cniejsze jest bezpiecze\u0144stwo uczestnik\u00f3w, dost\u0119pno\u015b\u0107 zaj\u0119\u0107 i komfort grupy. \u0106wiczenia mo\u017cna prowadzi\u0107 tak, aby nie wymaga\u0142y du\u017cej sprawno\u015bci fizycznej, specjalnego stroju ani wcze\u015bniejszego do\u015bwiadczenia.\n  <\/p>\n\n  <p>\n    Celem jest praktyka, a nie rywalizacja. Uczestnicy maj\u0105 lepiej zrozumie\u0107, jak reagowa\u0107, jak m\u00f3wi\u0107, jak zachowa\u0107 dystans i jak unika\u0107 niepotrzebnej eskalacji. Dzi\u0119ki temu warsztaty s\u0105 odpowiednie tak\u017ce dla zespo\u0142\u00f3w mieszanych i os\u00f3b, kt\u00f3re normalnie nie wybra\u0142yby typowo sportowej aktywno\u015bci.\n  <\/p>\n\n  <h2>Eventy firmowe dla kobiet i zespo\u0142\u00f3w mieszanych<\/h2>\n\n  <p>\n    Warsztaty bezpiecze\u0144stwa mo\u017cna przygotowa\u0107 dla ca\u0142ej firmy, ale tak\u017ce dla wybranej grupy pracownik\u00f3w. W wielu organizacjach dobrze sprawdzaj\u0105 si\u0119 wydarzenia skierowane do kobiet, obejmuj\u0105ce komunikacj\u0119 granic, pewno\u015b\u0107 siebie, reagowanie na natarczywe zachowanie i bezpieczny powr\u00f3t po zmroku.\n  <\/p>\n\n  <p>\n    Podobn\u0105 ide\u0119 rozwija \n    <a href=\"https:\/\/www.samoobronapoznan.pl\/?p=2396\">wyjazd dla kobiet z samoobron\u0105<\/a>, w kt\u00f3rym praktyczne zaj\u0119cia z bezpiecze\u0144stwa \u0142\u0105cz\u0105 si\u0119 z budowaniem \u015bwiadomo\u015bci, sprawczo\u015bci i pewno\u015bci siebie. W \u015brodowisku firmowym taki temat mo\u017ce sta\u0107 si\u0119 cz\u0119\u015bci\u0105 integracji, dnia kobiet, programu wellbeingowego albo szkolenia rozwojowego.\n  <\/p>\n\n  <h2>Gdzie mo\u017cna zorganizowa\u0107 takie warsztaty?<\/h2>\n\n  <p>\n    Warsztaty bezpiecze\u0144stwa mo\u017cna przeprowadzi\u0107 w siedzibie firmy, sali szkoleniowej, przestrzeni eventowej, hotelu konferencyjnym albo w plenerze. W Poznaniu dost\u0119pnych jest wiele miejsc, kt\u00f3re mo\u017cna dopasowa\u0107 do charakteru wydarzenia. W wielu przypadkach nie jest potrzebna specjalistyczna infrastruktura \u2014 wystarczy odpowiednia przestrze\u0144 do pracy z grup\u0105.\n  <\/p>\n\n  <p>\n    Przy wi\u0119kszych eventach mo\u017cna podzieli\u0107 uczestnik\u00f3w na mniejsze grupy albo przygotowa\u0107 kilka stacji tematycznych. Dzi\u0119ki temu warsztaty mog\u0105 by\u0107 elementem wi\u0119kszego programu, a nie tylko pojedyncz\u0105 prezentacj\u0105.\n  <\/p>\n\n  <h2>Jak zaplanowa\u0107 event firmowy z warsztatami?<\/h2>\n\n  <p>\n    Przy planowaniu warto zacz\u0105\u0107 od celu wydarzenia. Je\u015bli firma chce przede wszystkim integracji, program powinien by\u0107 lekki, dynamiczny i oparty na pracy w parach. Je\u015bli celem jest rozw\u00f3j kompetencji, mo\u017cna mocniej rozbudowa\u0107 cz\u0119\u015b\u0107 dotycz\u0105c\u0105 deeskalacji, komunikacji i reagowania na trudne sytuacje. Je\u015bli wydarzenie ma charakter dnia bezpiecze\u0144stwa, warto po\u0142\u0105czy\u0107 kilka modu\u0142\u00f3w w jeden sp\u00f3jny program.\n  <\/p>\n\n  <p>\n    Wa\u017cne jest te\u017c dopasowanie j\u0119zyka. Dla eventu firmowego lepiej m\u00f3wi\u0107 o aktywnych warsztatach bezpiecze\u0144stwa, praktycznej integracji i wsp\u00f3lnym do\u015bwiadczeniu ni\u017c o ci\u0119\u017ckim treningu samoobrony. Dzi\u0119ki temu uczestnicy \u0142atwiej rozumiej\u0105, \u017ce zaj\u0119cia s\u0105 dost\u0119pne, bezpieczne i przygotowane z my\u015bl\u0105 o zespole.\n  <\/p>\n\n  <h2>Eventy firmowe w Poznaniu z warto\u015bciow\u0105 atrakcj\u0105<\/h2>\n\n  <p>\n    Je\u017celi organizujesz eventy firmowe w Poznaniu i szukasz aktywno\u015bci, kt\u00f3ra b\u0119dzie praktyczna, anga\u017cuj\u0105ca i nietypowa, warsztaty bezpiecze\u0144stwa osobistego mog\u0105 by\u0107 dobrym rozwi\u0105zaniem. To format, kt\u00f3ry \u0142\u0105czy integracj\u0119 z konkretn\u0105 wiedz\u0105 i pozwala uczestnikom zdoby\u0107 do\u015bwiadczenie przydatne r\u00f3wnie\u017c poza prac\u0105.\n  <\/p>\n\n  <p>\n    Taki event mo\u017ce by\u0107 lekki i dynamiczny, ale jednocze\u015bnie warto\u015bciowy. Pracownicy dzia\u0142aj\u0105 razem, \u0107wicz\u0105 proste reakcje, rozmawiaj\u0105 o realnych sytuacjach i wynosz\u0105 z wydarzenia co\u015b wi\u0119cej ni\u017c tylko wsp\u00f3lne zdj\u0119cie.\n  <\/p>\n\n  <p style=\"text-align:center; margin:35px 0;\">\n    <a href=\"https:\/\/www.samoobronapoznan.pl\/dla-firm\/index.php\" \n       style=\"display:inline-block; background:#d92b2b; color:#ffffff; padding:15px 26px; text-decoration:none; border-radius:6px; font-weight:bold;\">\n       Sprawd\u017a warsztaty i eventy firmowe w Poznaniu\n    <\/a>\n  <\/p>\n\n<\/article>\n","protected":false},"excerpt":{"rendered":"<p>Eventy firmowe w Poznaniu \u2013 jak po\u0142\u0105czy\u0107 integracj\u0119 z praktycznym szkoleniem? Eventy firmowe w Poznaniu coraz cz\u0119\u015bciej maj\u0105 by\u0107 czym\u015b wi\u0119cej ni\u017c spotkaniem przy cateringu, prezentacj\u0105 wynik\u00f3w albo wieczorn\u0105 integracj\u0105. Firmy szukaj\u0105 format\u00f3w, kt\u00f3re anga\u017cuj\u0105 pracownik\u00f3w, buduj\u0105 relacje w zespole i jednocze\u015bnie daj\u0105 konkretn\u0105 warto\u015b\u0107. Jednym z takich rozwi\u0105za\u0144 s\u0105 warsztaty bezpiecze\u0144stwa osobistego i samoobrony, kt\u00f3re mo\u017cna w\u0142\u0105czy\u0107 w program wydarzenia firmowego. To propozycja dla organizacji, kt\u00f3re chc\u0105 po\u0142\u0105czy\u0107 integracj\u0119 z praktycznym szkoleniem. Uczestnicy nie tylko sp\u0119dzaj\u0105 razem czas, ale te\u017c ucz\u0105 si\u0119 zasad przydatnych w codziennym \u017cyciu: komunikacji w stresie, reagowania na natarczywe zachowanie, zachowania dystansu, bezpiecznego powrotu po&#8230; <\/p>\n","protected":false},"author":1,"featured_media":0,"comment_status":"open","ping_status":"open","sticky":false,"template":"","format":"standard","meta":{"ngg_post_thumbnail":0,"footnotes":""},"categories":[32],"tags":[],"class_list":["post-2426","post","type-post","status-publish","format-standard","hentry","category-bez-kategorii-pl"],"yoast_head":"<!-- This site is optimized with the Yoast SEO Premium plugin v26.6 (Yoast SEO v28.3) - https:\/\/yoast.com\/product\/yoast-seo-premium-wordpress\/ -->\n<title>Eventy firmowe w Poznaniu<\/title>\n<meta name=\"description\" content=\"Eventy firmowe w Poznaniu \u2013 jak po\u0142\u0105czy\u0107 integracj\u0119 z praktycznym szkoleniem? - Integracja firmowa Pozna\u0144, pomys\u0142 na event firmowy\" \/>\n<meta name=\"robots\" content=\"index, follow, max-snippet:-1, max-image-preview:large, max-video-preview:-1\" \/>\n<link rel=\"canonical\" href=\"https:\/\/www.samoobronapoznan.pl\/?p=2426\" \/>\n<meta property=\"og:locale\" content=\"pl_PL\" \/>\n<meta property=\"og:type\" content=\"article\" \/>\n<meta property=\"og:title\" content=\"Eventy firmowe w Poznaniu \u2013 jak po\u0142\u0105czy\u0107 integracj\u0119 z praktycznym szkoleniem?\" \/>\n<meta property=\"og:description\" content=\"Eventy firmowe w Poznaniu \u2013 jak po\u0142\u0105czy\u0107 integracj\u0119 z praktycznym szkoleniem? - Integracja firmowa Pozna\u0144, pomys\u0142 na event firmowy\" \/>\n<meta property=\"og:url\" content=\"https:\/\/www.samoobronapoznan.pl\/?p=2426\" \/>\n<meta property=\"og:site_name\" content=\"Samoobrona Pozna\u0144\" \/>\n<meta property=\"article:publisher\" content=\"https:\/\/facebook.com\/samoobronapoznan\" \/>\n<meta property=\"article:published_time\" content=\"2026-07-01T12:31:42+00:00\" \/>\n<meta property=\"article:modified_time\" content=\"2026-07-01T12:31:44+00:00\" \/>\n<meta property=\"og:image\" content=\"https:\/\/www.samoobronapoznan.pl\/wp-content\/uploads\/2025\/09\/IMG-20250824-WA0047.jpg\" \/>\n<meta name=\"author\" content=\"admin\" \/>\n<meta name=\"twitter:card\" content=\"summary_large_image\" \/>\n<meta name=\"twitter:label1\" content=\"Napisane przez\" \/>\n\t<meta name=\"twitter:data1\" content=\"admin\" \/>\n\t<meta name=\"twitter:label2\" content=\"Szacowany czas czytania\" \/>\n\t<meta name=\"twitter:data2\" content=\"7 minut\" \/>\n<script type=\"application\/ld+json\" class=\"yoast-schema-graph\">{\"@context\":\"https:\\\/\\\/schema.org\",\"@graph\":[{\"@type\":\"Article\",\"@id\":\"https:\\\/\\\/www.samoobronapoznan.pl\\\/?p=2426#article\",\"isPartOf\":{\"@id\":\"https:\\\/\\\/www.samoobronapoznan.pl\\\/?p=2426\"},\"author\":{\"name\":\"admin\",\"@id\":\"https:\\\/\\\/www.samoobronapoznan.pl\\\/#\\\/schema\\\/person\\\/4295d11d32ead72538b58864473ec48a\"},\"headline\":\"Eventy firmowe w Poznaniu \u2013 jak po\u0142\u0105czy\u0107 integracj\u0119 z praktycznym szkoleniem?\",\"datePublished\":\"2026-07-01T12:31:42+00:00\",\"dateModified\":\"2026-07-01T12:31:44+00:00\",\"mainEntityOfPage\":{\"@id\":\"https:\\\/\\\/www.samoobronapoznan.pl\\\/?p=2426\"},\"wordCount\":1319,\"commentCount\":0,\"publisher\":{\"@id\":\"https:\\\/\\\/www.samoobronapoznan.pl\\\/#organization\"},\"image\":{\"@id\":\"https:\\\/\\\/www.samoobronapoznan.pl\\\/?p=2426#primaryimage\"},\"thumbnailUrl\":\"https:\\\/\\\/www.samoobronapoznan.pl\\\/wp-content\\\/uploads\\\/2025\\\/09\\\/IMG-20250824-WA0047.jpg\",\"inLanguage\":\"pl-PL\",\"potentialAction\":[{\"@type\":\"CommentAction\",\"name\":\"Comment\",\"target\":[\"https:\\\/\\\/www.samoobronapoznan.pl\\\/?p=2426#respond\"]}]},{\"@type\":\"WebPage\",\"@id\":\"https:\\\/\\\/www.samoobronapoznan.pl\\\/?p=2426\",\"url\":\"https:\\\/\\\/www.samoobronapoznan.pl\\\/?p=2426\",\"name\":\"Eventy firmowe w Poznaniu\",\"isPartOf\":{\"@id\":\"https:\\\/\\\/www.samoobronapoznan.pl\\\/#website\"},\"primaryImageOfPage\":{\"@id\":\"https:\\\/\\\/www.samoobronapoznan.pl\\\/?p=2426#primaryimage\"},\"image\":{\"@id\":\"https:\\\/\\\/www.samoobronapoznan.pl\\\/?p=2426#primaryimage\"},\"thumbnailUrl\":\"https:\\\/\\\/www.samoobronapoznan.pl\\\/wp-content\\\/uploads\\\/2025\\\/09\\\/IMG-20250824-WA0047.jpg\",\"datePublished\":\"2026-07-01T12:31:42+00:00\",\"dateModified\":\"2026-07-01T12:31:44+00:00\",\"description\":\"Eventy firmowe w Poznaniu \u2013 jak po\u0142\u0105czy\u0107 integracj\u0119 z praktycznym szkoleniem? - Integracja firmowa Pozna\u0144, pomys\u0142 na event firmowy\",\"breadcrumb\":{\"@id\":\"https:\\\/\\\/www.samoobronapoznan.pl\\\/?p=2426#breadcrumb\"},\"inLanguage\":\"pl-PL\",\"potentialAction\":[{\"@type\":\"ReadAction\",\"target\":[\"https:\\\/\\\/www.samoobronapoznan.pl\\\/?p=2426\"]}]},{\"@type\":\"ImageObject\",\"inLanguage\":\"pl-PL\",\"@id\":\"https:\\\/\\\/www.samoobronapoznan.pl\\\/?p=2426#primaryimage\",\"url\":\"https:\\\/\\\/www.samoobronapoznan.pl\\\/wp-content\\\/uploads\\\/2025\\\/09\\\/IMG-20250824-WA0047.jpg\",\"contentUrl\":\"https:\\\/\\\/www.samoobronapoznan.pl\\\/wp-content\\\/uploads\\\/2025\\\/09\\\/IMG-20250824-WA0047.jpg\",\"width\":1200,\"height\":1600,\"caption\":\"kurs samoobrony dla kobiet poznan\"},{\"@type\":\"BreadcrumbList\",\"@id\":\"https:\\\/\\\/www.samoobronapoznan.pl\\\/?p=2426#breadcrumb\",\"itemListElement\":[{\"@type\":\"ListItem\",\"position\":1,\"name\":\"Strona g\u0142\u00f3wna\",\"item\":\"https:\\\/\\\/www.samoobronapoznan.pl\\\/\"},{\"@type\":\"ListItem\",\"position\":2,\"name\":\"Eventy firmowe w Poznaniu \u2013 jak po\u0142\u0105czy\u0107 integracj\u0119 z praktycznym szkoleniem?\"}]},{\"@type\":\"WebSite\",\"@id\":\"https:\\\/\\\/www.samoobronapoznan.pl\\\/#website\",\"url\":\"https:\\\/\\\/www.samoobronapoznan.pl\\\/\",\"name\":\"Samoobrona Pozna\u0144\",\"description\":\"Wielkopolskie Centrum Samoobrony i Bezpiecze\u0144stwa\",\"publisher\":{\"@id\":\"https:\\\/\\\/www.samoobronapoznan.pl\\\/#organization\"},\"potentialAction\":[{\"@type\":\"SearchAction\",\"target\":{\"@type\":\"EntryPoint\",\"urlTemplate\":\"https:\\\/\\\/www.samoobronapoznan.pl\\\/?s={search_term_string}\"},\"query-input\":{\"@type\":\"PropertyValueSpecification\",\"valueRequired\":true,\"valueName\":\"search_term_string\"}}],\"inLanguage\":\"pl-PL\"},{\"@type\":\"Organization\",\"@id\":\"https:\\\/\\\/www.samoobronapoznan.pl\\\/#organization\",\"name\":\"Wielkopolskie Centrum Samoobrony i Bezpiecze\u0144stwa Pozna\u0144\",\"url\":\"https:\\\/\\\/www.samoobronapoznan.pl\\\/\",\"logo\":{\"@type\":\"ImageObject\",\"inLanguage\":\"pl-PL\",\"@id\":\"https:\\\/\\\/www.samoobronapoznan.pl\\\/#\\\/schema\\\/logo\\\/image\\\/\",\"url\":\"https:\\\/\\\/www.samoobronapoznan.pl\\\/wp-content\\\/uploads\\\/2022\\\/09\\\/WCSIB.jpg\",\"contentUrl\":\"https:\\\/\\\/www.samoobronapoznan.pl\\\/wp-content\\\/uploads\\\/2022\\\/09\\\/WCSIB.jpg\",\"width\":960,\"height\":956,\"caption\":\"Wielkopolskie Centrum Samoobrony i Bezpiecze\u0144stwa Pozna\u0144\"},\"image\":{\"@id\":\"https:\\\/\\\/www.samoobronapoznan.pl\\\/#\\\/schema\\\/logo\\\/image\\\/\"},\"sameAs\":[\"https:\\\/\\\/facebook.com\\\/samoobronapoznan\",\"https:\\\/\\\/www.instagram.com\\\/wcsib_poznan\"],\"email\":\"kontakt@samoobronapoznan.pl\",\"telephone\":\"+48 727 907 468\"},{\"@type\":\"Person\",\"@id\":\"https:\\\/\\\/www.samoobronapoznan.pl\\\/#\\\/schema\\\/person\\\/4295d11d32ead72538b58864473ec48a\",\"name\":\"admin\",\"image\":{\"@type\":\"ImageObject\",\"inLanguage\":\"pl-PL\",\"@id\":\"https:\\\/\\\/secure.gravatar.com\\\/avatar\\\/e40200dd69d1dc87a1ec24cf10423bb23d5e71333e5a5c3367457b193bf803f8?s=96&d=mm&r=g\",\"url\":\"https:\\\/\\\/secure.gravatar.com\\\/avatar\\\/e40200dd69d1dc87a1ec24cf10423bb23d5e71333e5a5c3367457b193bf803f8?s=96&d=mm&r=g\",\"contentUrl\":\"https:\\\/\\\/secure.gravatar.com\\\/avatar\\\/e40200dd69d1dc87a1ec24cf10423bb23d5e71333e5a5c3367457b193bf803f8?s=96&d=mm&r=g\",\"caption\":\"admin\"},\"sameAs\":[\"https:\\\/\\\/www.samoobronapoznan.pl\"],\"url\":\"https:\\\/\\\/www.samoobronapoznan.pl\\\/?author=1\"}]}<\/script>\n<!-- \/ Yoast SEO Premium plugin. -->","yoast_head_json":{"title":"Eventy firmowe w Poznaniu","description":"Eventy firmowe w Poznaniu \u2013 jak po\u0142\u0105czy\u0107 integracj\u0119 z praktycznym szkoleniem? - Integracja firmowa Pozna\u0144, pomys\u0142 na event firmowy","robots":{"index":"index","follow":"follow","max-snippet":"max-snippet:-1","max-image-preview":"max-image-preview:large","max-video-preview":"max-video-preview:-1"},"canonical":"https:\/\/www.samoobronapoznan.pl\/?p=2426","og_locale":"pl_PL","og_type":"article","og_title":"Eventy firmowe w Poznaniu \u2013 jak po\u0142\u0105czy\u0107 integracj\u0119 z praktycznym szkoleniem?","og_description":"Eventy firmowe w Poznaniu \u2013 jak po\u0142\u0105czy\u0107 integracj\u0119 z praktycznym szkoleniem? - Integracja firmowa Pozna\u0144, pomys\u0142 na event firmowy","og_url":"https:\/\/www.samoobronapoznan.pl\/?p=2426","og_site_name":"Samoobrona Pozna\u0144","article_publisher":"https:\/\/facebook.com\/samoobronapoznan","article_published_time":"2026-07-01T12:31:42+00:00","article_modified_time":"2026-07-01T12:31:44+00:00","og_image":[{"url":"https:\/\/www.samoobronapoznan.pl\/wp-content\/uploads\/2025\/09\/IMG-20250824-WA0047.jpg","type":"","width":"","height":""}],"author":"admin","twitter_card":"summary_large_image","twitter_misc":{"Napisane przez":"admin","Szacowany czas czytania":"7 minut"},"schema":{"@context":"https:\/\/schema.org","@graph":[{"@type":"Article","@id":"https:\/\/www.samoobronapoznan.pl\/?p=2426#article","isPartOf":{"@id":"https:\/\/www.samoobronapoznan.pl\/?p=2426"},"author":{"name":"admin","@id":"https:\/\/www.samoobronapoznan.pl\/#\/schema\/person\/4295d11d32ead72538b58864473ec48a"},"headline":"Eventy firmowe w Poznaniu \u2013 jak po\u0142\u0105czy\u0107 integracj\u0119 z praktycznym szkoleniem?","datePublished":"2026-07-01T12:31:42+00:00","dateModified":"2026-07-01T12:31:44+00:00","mainEntityOfPage":{"@id":"https:\/\/www.samoobronapoznan.pl\/?p=2426"},"wordCount":1319,"commentCount":0,"publisher":{"@id":"https:\/\/www.samoobronapoznan.pl\/#organization"},"image":{"@id":"https:\/\/www.samoobronapoznan.pl\/?p=2426#primaryimage"},"thumbnailUrl":"https:\/\/www.samoobronapoznan.pl\/wp-content\/uploads\/2025\/09\/IMG-20250824-WA0047.jpg","inLanguage":"pl-PL","potentialAction":[{"@type":"CommentAction","name":"Comment","target":["https:\/\/www.samoobronapoznan.pl\/?p=2426#respond"]}]},{"@type":"WebPage","@id":"https:\/\/www.samoobronapoznan.pl\/?p=2426","url":"https:\/\/www.samoobronapoznan.pl\/?p=2426","name":"Eventy firmowe w Poznaniu","isPartOf":{"@id":"https:\/\/www.samoobronapoznan.pl\/#website"},"primaryImageOfPage":{"@id":"https:\/\/www.samoobronapoznan.pl\/?p=2426#primaryimage"},"image":{"@id":"https:\/\/www.samoobronapoznan.pl\/?p=2426#primaryimage"},"thumbnailUrl":"https:\/\/www.samoobronapoznan.pl\/wp-content\/uploads\/2025\/09\/IMG-20250824-WA0047.jpg","datePublished":"2026-07-01T12:31:42+00:00","dateModified":"2026-07-01T12:31:44+00:00","description":"Eventy firmowe w Poznaniu \u2013 jak po\u0142\u0105czy\u0107 integracj\u0119 z praktycznym szkoleniem? - Integracja firmowa Pozna\u0144, pomys\u0142 na event firmowy","breadcrumb":{"@id":"https:\/\/www.samoobronapoznan.pl\/?p=2426#breadcrumb"},"inLanguage":"pl-PL","potentialAction":[{"@type":"ReadAction","target":["https:\/\/www.samoobronapoznan.pl\/?p=2426"]}]},{"@type":"ImageObject","inLanguage":"pl-PL","@id":"https:\/\/www.samoobronapoznan.pl\/?p=2426#primaryimage","url":"https:\/\/www.samoobronapoznan.pl\/wp-content\/uploads\/2025\/09\/IMG-20250824-WA0047.jpg","contentUrl":"https:\/\/www.samoobronapoznan.pl\/wp-content\/uploads\/2025\/09\/IMG-20250824-WA0047.jpg","width":1200,"height":1600,"caption":"kurs samoobrony dla kobiet poznan"},{"@type":"BreadcrumbList","@id":"https:\/\/www.samoobronapoznan.pl\/?p=2426#breadcrumb","itemListElement":[{"@type":"ListItem","position":1,"name":"Strona g\u0142\u00f3wna","item":"https:\/\/www.samoobronapoznan.pl\/"},{"@type":"ListItem","position":2,"name":"Eventy firmowe w Poznaniu \u2013 jak po\u0142\u0105czy\u0107 integracj\u0119 z praktycznym szkoleniem?"}]},{"@type":"WebSite","@id":"https:\/\/www.samoobronapoznan.pl\/#website","url":"https:\/\/www.samoobronapoznan.pl\/","name":"Samoobrona Pozna\u0144","description":"Wielkopolskie Centrum Samoobrony i Bezpiecze\u0144stwa","publisher":{"@id":"https:\/\/www.samoobronapoznan.pl\/#organization"},"potentialAction":[{"@type":"SearchAction","target":{"@type":"EntryPoint","urlTemplate":"https:\/\/www.samoobronapoznan.pl\/?s={search_term_string}"},"query-input":{"@type":"PropertyValueSpecification","valueRequired":true,"valueName":"search_term_string"}}],"inLanguage":"pl-PL"},{"@type":"Organization","@id":"https:\/\/www.samoobronapoznan.pl\/#organization","name":"Wielkopolskie Centrum Samoobrony i Bezpiecze\u0144stwa Pozna\u0144","url":"https:\/\/www.samoobronapoznan.pl\/","logo":{"@type":"ImageObject","inLanguage":"pl-PL","@id":"https:\/\/www.samoobronapoznan.pl\/#\/schema\/logo\/image\/","url":"https:\/\/www.samoobronapoznan.pl\/wp-content\/uploads\/2022\/09\/WCSIB.jpg","contentUrl":"https:\/\/www.samoobronapoznan.pl\/wp-content\/uploads\/2022\/09\/WCSIB.jpg","width":960,"height":956,"caption":"Wielkopolskie Centrum Samoobrony i Bezpiecze\u0144stwa Pozna\u0144"},"image":{"@id":"https:\/\/www.samoobronapoznan.pl\/#\/schema\/logo\/image\/"},"sameAs":["https:\/\/facebook.com\/samoobronapoznan","https:\/\/www.instagram.com\/wcsib_poznan"],"email":"kontakt@samoobronapoznan.pl","telephone":"+48 727 907 468"},{"@type":"Person","@id":"https:\/\/www.samoobronapoznan.pl\/#\/schema\/person\/4295d11d32ead72538b58864473ec48a","name":"admin","image":{"@type":"ImageObject","inLanguage":"pl-PL","@id":"https:\/\/secure.gravatar.com\/avatar\/e40200dd69d1dc87a1ec24cf10423bb23d5e71333e5a5c3367457b193bf803f8?s=96&d=mm&r=g","url":"https:\/\/secure.gravatar.com\/avatar\/e40200dd69d1dc87a1ec24cf10423bb23d5e71333e5a5c3367457b193bf803f8?s=96&d=mm&r=g","contentUrl":"https:\/\/secure.gravatar.com\/avatar\/e40200dd69d1dc87a1ec24cf10423bb23d5e71333e5a5c3367457b193bf803f8?s=96&d=mm&r=g","caption":"admin"},"sameAs":["https:\/\/www.samoobronapoznan.pl"],"url":"https:\/\/www.samoobronapoznan.pl\/?author=1"}]}},"_links":{"self":[{"href":"https:\/\/www.samoobronapoznan.pl\/index.php?rest_route=\/wp\/v2\/posts\/2426","targetHints":{"allow":["GET"]}}],"collection":[{"href":"https:\/\/www.samoobronapoznan.pl\/index.php?rest_route=\/wp\/v2\/posts"}],"about":[{"href":"https:\/\/www.samoobronapoznan.pl\/index.php?rest_route=\/wp\/v2\/types\/post"}],"author":[{"embeddable":true,"href":"https:\/\/www.samoobronapoznan.pl\/index.php?rest_route=\/wp\/v2\/users\/1"}],"replies":[{"embeddable":true,"href":"https:\/\/www.samoobronapoznan.pl\/index.php?rest_route=%2Fwp%2Fv2%2Fcomments&post=2426"}],"version-history":[{"count":1,"href":"https:\/\/www.samoobronapoznan.pl\/index.php?rest_route=\/wp\/v2\/posts\/2426\/revisions"}],"predecessor-version":[{"id":2427,"href":"https:\/\/www.samoobronapoznan.pl\/index.php?rest_route=\/wp\/v2\/posts\/2426\/revisions\/2427"}],"wp:attachment":[{"href":"https:\/\/www.samoobronapoznan.pl\/index.php?rest_route=%2Fwp%2Fv2%2Fmedia&parent=2426"}],"wp:term":[{"taxonomy":"category","embeddable":true,"href":"https:\/\/www.samoobronapoznan.pl\/index.php?rest_route=%2Fwp%2Fv2%2Fcategories&post=2426"},{"taxonomy":"post_tag","embeddable":true,"href":"https:\/\/www.samoobronapoznan.pl\/index.php?rest_route=%2Fwp%2Fv2%2Ftags&post=2426"}],"curies":[{"name":"wp","href":"https:\/\/api.w.org\/{rel}","templated":true}]}}