{"id":2452,"date":"2026-07-02T16:30:44","date_gmt":"2026-07-02T16:30:44","guid":{"rendered":"https:\/\/www.samoobronapoznan.pl\/?p=2452"},"modified":"2026-07-02T16:30:46","modified_gmt":"2026-07-02T16:30:46","slug":"samoobrona-dla-mlodziezy-oborniki","status":"publish","type":"post","link":"https:\/\/www.samoobronapoznan.pl\/?p=2452","title":{"rendered":"Samoobrona Oborniki \u2013 praktyczny kurs samoobrony dla m\u0142odzie\u017cy"},"content":{"rendered":"\n<article class=\"seo-article\">\n\n  <h1>Samoobrona Oborniki \u2013 praktyczny kurs samoobrony dla m\u0142odzie\u017cy<\/h1>\n\n  <p>\n    <strong>Samoobrona Oborniki<\/strong> to temat, kt\u00f3ry coraz cz\u0119\u015bciej interesuje rodzic\u00f3w nastolatk\u00f3w. M\u0142odzie\u017c funkcjonuje dzi\u015b w wielu r\u00f3\u017cnych \u015brodowiskach: w szkole, w grupie r\u00f3wie\u015bniczej, w komunikacji, na osiedlu, podczas wakacyjnych wyjazd\u00f3w czy powrot\u00f3w do domu. Dlatego praktyczne zaj\u0119cia z bezpiecze\u0144stwa osobistego mog\u0105 by\u0107 bardzo warto\u015bciowym wsparciem dla m\u0142odych os\u00f3b.\n  <\/p>\n\n  <p>\n    W Obornikach organizujemy <strong>kurs samoobrony dla m\u0142odzie\u017cy<\/strong>, kt\u00f3ry \u0142\u0105czy proste techniki obronne, nauk\u0119 asertywno\u015bci, prac\u0119 nad pewno\u015bci\u0105 siebie oraz reagowanie na zaczepki i sytuacje stresowe. To nie s\u0105 zaj\u0119cia nastawione na agresj\u0119 ani sportow\u0105 rywalizacj\u0119. Celem warsztat\u00f3w jest nauczenie m\u0142odzie\u017cy, jak zachowa\u0107 si\u0119 rozs\u0105dnie, bezpiecznie i skutecznie, gdy kto\u015b przekracza ich granice.\n  <\/p>\n\n  <figure>\n    <img decoding=\"async\" \n      src=\"https:\/\/www.samoobronapoznan.pl\/wp-content\/uploads\/2026\/07\/mlodziez_oborniki.jpg\" \n      alt=\"Samoobrona dla m\u0142odzie\u017cy Oborniki - praktyczne zaj\u0119cia dla nastolatk\u00f3w\"\n      style=\"width:100%; height:auto; border-radius:12px;\"\n    >\n    <figcaption>\n      Warsztaty samoobrony dla m\u0142odzie\u017cy w Obornikach \u2013 praktyczne zaj\u0119cia dla nastolatk\u00f3w 12\u201317 lat.\n    <\/figcaption>\n  <\/figure>\n\n  <h2>Kurs samoobrony Oborniki \u2013 czego uczy m\u0142odzie\u017c?<\/h2>\n\n  <p>\n    Dobry <strong>kurs samoobrony Oborniki<\/strong> powinien by\u0107 dopasowany do wieku i mo\u017cliwo\u015bci uczestnik\u00f3w. Nastolatkowie nie potrzebuj\u0105 skomplikowanych technik ani d\u0142ugiej teorii. Potrzebuj\u0105 prostych, zrozumia\u0142ych zasad, kt\u00f3re mo\u017cna zastosowa\u0107 w realnych sytuacjach: gdy kto\u015b szarpie za r\u0119k\u0119, \u0142apie za ubranie, blokuje przej\u015bcie, prowokuje, wy\u015bmiewa albo pr\u00f3buje wymusi\u0107 okre\u015blone zachowanie.\n  <\/p>\n\n  <p>\n    Podczas warsztat\u00f3w uczestnicy ucz\u0105 si\u0119 mi\u0119dzy innymi kontroli dystansu, ustawienia cia\u0142a, u\u017cywania g\u0142osu, stawiania granic i szybkiego oddalenia si\u0119 z miejsca zagro\u017cenia. Pojawiaj\u0105 si\u0119 r\u00f3wnie\u017c proste elementy techniczne, takie jak uwalnianie r\u0119ki z chwytu, reakcja na szarpanie czy podstawy ochrony w\u0142asnej przestrzeni.\n  <\/p>\n\n  <p>\n    Bardzo wa\u017cnym elementem zaj\u0119\u0107 jest te\u017c rozmowa o tym, \u017ce samoobrona nie oznacza szukania konfrontacji. W praktyce cz\u0119sto najlepsz\u0105 reakcj\u0105 jest wcze\u015bniejsze rozpoznanie zagro\u017cenia, spokojne postawienie granicy, odej\u015bcie i poszukanie pomocy. To szczeg\u00f3lnie istotne w pracy z m\u0142odzie\u017c\u0105, poniewa\u017c celem jest bezpiecze\u0144stwo, a nie eskalacja konfliktu.\n  <\/p>\n\n  <h2>Samoobrona dla m\u0142odzie\u017cy Oborniki \u2013 dla kogo s\u0105 te zaj\u0119cia?<\/h2>\n\n  <p>\n    <strong>Samoobrona dla m\u0142odzie\u017cy Oborniki<\/strong> to zaj\u0119cia dla dziewcz\u0105t i ch\u0142opc\u00f3w w wieku nastoletnim. Nie trzeba mie\u0107 wcze\u015bniejszego do\u015bwiadczenia w sportach walki, bardzo dobrej kondycji ani specjalnego przygotowania. Warsztaty s\u0105 prowadzone tak, aby osoby pocz\u0105tkuj\u0105ce czu\u0142y si\u0119 bezpiecznie i mog\u0142y \u0107wiczy\u0107 w swoim tempie.\n  <\/p>\n\n  <p>\n    Tego typu zaj\u0119cia mog\u0105 by\u0107 szczeg\u00f3lnie pomocne dla nastolatk\u00f3w, kt\u00f3rzy s\u0105 nie\u015bmiali, maj\u0105 trudno\u015b\u0107 ze stawianiem granic, do\u015bwiadczaj\u0105 zaczepek albo po prostu chc\u0105 poczu\u0107 si\u0119 pewniej w codziennych sytuacjach. Kurs mo\u017ce by\u0107 te\u017c warto\u015bciowy dla m\u0142odych os\u00f3b, kt\u00f3re s\u0105 aktywne, trenuj\u0105 sport, du\u017co podr\u00f3\u017cuj\u0105 albo cz\u0119sto samodzielnie poruszaj\u0105 si\u0119 po mie\u015bcie.\n  <\/p>\n\n  <p>\n    Warto podkre\u015bli\u0107, \u017ce <strong>samoobrona dla nastolatk\u00f3w Oborniki<\/strong> to nie tylko nauka ruchu i technik. To r\u00f3wnie\u017c budowanie \u015bwiadomo\u015bci, odpowiedzialno\u015bci i umiej\u0119tno\u015bci podejmowania decyzji pod presj\u0105. M\u0142oda osoba uczy si\u0119, \u017ce ma prawo powiedzie\u0107 \u201enie\u201d, odej\u015b\u0107, poprosi\u0107 o pomoc i zadba\u0107 o swoje bezpiecze\u0144stwo.\n  <\/p>\n\n  <h2>Dlaczego samoobrona dla nastolatk\u00f3w jest wa\u017cna?<\/h2>\n\n  <p>\n    Okres dorastania to czas, w kt\u00f3rym m\u0142odzi ludzie coraz cz\u0119\u015bciej funkcjonuj\u0105 samodzielnie. Wracaj\u0105 ze szko\u0142y, spotykaj\u0105 si\u0119 ze znajomymi, korzystaj\u0105 z komunikacji, wyje\u017cd\u017caj\u0105 na wakacje i podejmuj\u0105 w\u0142asne decyzje. Jednocze\u015bnie nie zawsze wiedz\u0105, jak reagowa\u0107, gdy pojawia si\u0119 presja grupy, zaczepka, prowokacja albo naruszenie granic.\n  <\/p>\n\n  <p>\n    <strong>Samoobrona dla nastolatk\u00f3w Oborniki<\/strong> pomaga uporz\u0105dkowa\u0107 te reakcje. Zamiast dzia\u0142a\u0107 chaotycznie, uczestnik uczy si\u0119 prostego schematu: zauwa\u017c sytuacj\u0119, zachowaj dystans, powiedz jasno, czego nie akceptujesz, wycofaj si\u0119, a gdy trzeba \u2014 szukaj pomocy. To praktyczne umiej\u0119tno\u015bci, kt\u00f3re mog\u0105 przyda\u0107 si\u0119 w szkole, na ulicy, w parku, na osiedlu czy podczas wakacyjnych wyjazd\u00f3w.\n  <\/p>\n\n  <p>\n    Takie warsztaty wzmacniaj\u0105 r\u00f3wnie\u017c pewno\u015b\u0107 siebie. Nastolatek, kt\u00f3ry wie, jak mo\u017ce zareagowa\u0107, cz\u0119sto czuje si\u0119 spokojniej i mniej bezradnie. Nie chodzi o to, aby czu\u0142 si\u0119 \u201eniepokonany\u201d, ale \u017ceby mia\u0142 wi\u0119cej narz\u0119dzi do rozs\u0105dnego dzia\u0142ania w trudnej sytuacji.\n  <\/p>\n\n  <h2>Co obejmuj\u0105 warsztaty samoobrony w Obornikach?<\/h2>\n\n  <p>\n    Program warsztat\u00f3w obejmuje praktyczne \u0107wiczenia dostosowane do m\u0142odzie\u017cy. Uczestnicy pracuj\u0105 nad postaw\u0105, dystansem, g\u0142osem, prostymi reakcjami obronnymi i zachowaniem w sytuacjach presji. Pojawiaj\u0105 si\u0119 te\u017c scenariusze dotycz\u0105ce zaczepek, szarpania, chwytania, pr\u00f3by zatrzymania oraz przekraczania granic osobistych.\n  <\/p>\n\n  <ul>\n    <li>proste techniki uwalniania si\u0119 z chwyt\u00f3w,<\/li>\n    <li>reakcja na szarpanie i przytrzymanie,<\/li>\n    <li>kontrola dystansu i ustawienie cia\u0142a,<\/li>\n    <li>u\u017cywanie g\u0142osu i jasne stawianie granic,<\/li>\n    <li>\u0107wiczenia asertywno\u015bci,<\/li>\n    <li>rozpoznawanie sygna\u0142\u00f3w ostrzegawczych,<\/li>\n    <li>unikanie eskalacji konfliktu,<\/li>\n    <li>bezpieczne oddalenie si\u0119 z miejsca zagro\u017cenia.<\/li>\n  <\/ul>\n\n  <p>\n    Zaj\u0119cia odbywaj\u0105 si\u0119 w formule aktywnej. To nie jest sama pogadanka o bezpiecze\u0144stwie. M\u0142odzie\u017c \u0107wiczy w parach, wykonuje zadania ruchowe i sprawdza w praktyce, jak dzia\u0142aj\u0105 poszczeg\u00f3lne reakcje.\n  <\/p>\n\n  <h2>Gdzie odbywa si\u0119 kurs samoobrony dla m\u0142odzie\u017cy w Obornikach?<\/h2>\n\n  <p>\n    Warsztaty odbywaj\u0105 si\u0119 w <a href=\"https:\/\/www.facebook.com\/FreaksArtStudio\" target=\"_blank\" rel=\"noopener\">FreaksArt Studio<\/a> przy ul. \u015aredniej 5 w Obornikach. To lokalizacja, kt\u00f3ra pozwala zorganizowa\u0107 praktyczne i komfortowe zaj\u0119cia dla m\u0142odzie\u017cy.\n  <\/p>\n\n  <p>\n    Je\u017celi interesuje Ci\u0119 <strong>kurs samoobrony w Obornikach<\/strong> dla nastolatka, warto sprawdzi\u0107 aktualny termin, cen\u0119 oraz formularz zapis\u00f3w na stronie wydarzenia.\n  <\/p>\n\n  <p style=\"text-align:center; margin:32px 0;\">\n    <a \n      href=\"https:\/\/www.samoobronapoznan.pl\/?page_id=2449\" \n      style=\"display:inline-block; padding:14px 22px; background:#ffb703; color:#111; font-weight:800; text-decoration:none; border-radius:10px;\"\n    >\n      Sprawd\u017a kurs samoobrony dla m\u0142odzie\u017cy w Obornikach\n    <\/a>\n  <\/p>\n\n  <h2>Samoobrona Oborniki \u2013 nie tylko dla m\u0142odzie\u017cy<\/h2>\n\n  <p>\n    Warto pami\u0119ta\u0107, \u017ce samoobrona mo\u017ce by\u0107 przydatna na r\u00f3\u017cnych etapach \u017cycia. M\u0142odzie\u017c potrzebuje innych metod pracy ni\u017c doro\u015bli, ale cel cz\u0119sto jest podobny: wi\u0119ksza pewno\u015b\u0107 siebie, lepsza \u015bwiadomo\u015b\u0107 otoczenia, umiej\u0119tno\u015b\u0107 stawiania granic i reagowania w trudnych sytuacjach.\n  <\/p>\n\n  <p>\n    Dla os\u00f3b doros\u0142ych organizowane s\u0105 r\u00f3wnie\u017c osobne <a href=\"https:\/\/www.samoobronapoznan.pl\/?page_id=1749\">kursy samoobrony dla kobiet<\/a>, kt\u00f3re koncentruj\u0105 si\u0119 na bezpiecze\u0144stwie osobistym, asertywno\u015bci i praktycznych reakcjach na zagro\u017cenia.\n  <\/p>\n\n  <h2>Podsumowanie<\/h2>\n\n  <p>\n    <strong>Samoobrona Oborniki<\/strong> to dobry wyb\u00f3r dla rodzic\u00f3w, kt\u00f3rzy szukaj\u0105 praktycznych, aktywnych i warto\u015bciowych zaj\u0119\u0107 dla nastolatka. Warsztaty pomagaj\u0105 m\u0142odzie\u017cy lepiej rozumie\u0107 w\u0142asne granice, pewniej reagowa\u0107 na zaczepki i spokojniej radzi\u0107 sobie w sytuacjach stresowych.\n  <\/p>\n\n  <p>\n    Je\u017celi szukasz frazy <strong>kurs samoobrony Oborniki<\/strong>, <strong>samoobrona dla m\u0142odzie\u017cy Oborniki<\/strong> albo <strong>samoobrona dla nastolatk\u00f3w Oborniki<\/strong>, sprawd\u017a aktualne informacje o najbli\u017cszych warsztatach i zapisz dziecko przez formularz na stronie kursu.\n  <\/p>\n\n  <p style=\"text-align:center; margin:32px 0 12px;\">\n    <a \n      href=\"https:\/\/www.samoobronapoznan.pl\/?page_id=2449\" \n      style=\"display:inline-block; padding:14px 22px; background:#ffb703; color:#111; font-weight:800; text-decoration:none; border-radius:10px;\"\n    >\n      Zobacz szczeg\u00f3\u0142y i zapisz dziecko na warsztaty\n    <\/a>\n  <\/p>\n\n<\/article>\n","protected":false},"excerpt":{"rendered":"<p>Samoobrona Oborniki \u2013 praktyczny kurs samoobrony dla m\u0142odzie\u017cy Samoobrona Oborniki to temat, kt\u00f3ry coraz cz\u0119\u015bciej interesuje rodzic\u00f3w nastolatk\u00f3w. M\u0142odzie\u017c funkcjonuje dzi\u015b w wielu r\u00f3\u017cnych \u015brodowiskach: w szkole, w grupie r\u00f3wie\u015bniczej, w komunikacji, na osiedlu, podczas wakacyjnych wyjazd\u00f3w czy powrot\u00f3w do domu. Dlatego praktyczne zaj\u0119cia z bezpiecze\u0144stwa osobistego mog\u0105 by\u0107 bardzo warto\u015bciowym wsparciem dla m\u0142odych os\u00f3b. W Obornikach organizujemy kurs samoobrony dla m\u0142odzie\u017cy, kt\u00f3ry \u0142\u0105czy proste techniki obronne, nauk\u0119 asertywno\u015bci, prac\u0119 nad pewno\u015bci\u0105 siebie oraz reagowanie na zaczepki i sytuacje stresowe. To nie s\u0105 zaj\u0119cia nastawione na agresj\u0119 ani sportow\u0105 rywalizacj\u0119. Celem warsztat\u00f3w jest nauczenie m\u0142odzie\u017cy, jak zachowa\u0107 si\u0119 rozs\u0105dnie, bezpiecznie&#8230; <\/p>\n","protected":false},"author":1,"featured_media":0,"comment_status":"open","ping_status":"open","sticky":false,"template":"","format":"standard","meta":{"ngg_post_thumbnail":0,"footnotes":""},"categories":[32],"tags":[],"class_list":["post-2452","post","type-post","status-publish","format-standard","hentry","category-bez-kategorii-pl"],"yoast_head":"<!-- This site is optimized with the Yoast SEO Premium plugin v26.6 (Yoast SEO v28.3) - https:\/\/yoast.com\/product\/yoast-seo-premium-wordpress\/ -->\n<title>Samoobrona Oborniki \u2013 praktyczny kurs samoobrony dla m\u0142odzie\u017cy - Samoobrona Pozna\u0144<\/title>\n<meta name=\"description\" content=\"Samoobrona Oborniki \u2013 praktyczny kurs samoobrony dla m\u0142odzie\u017cy - kurs samoobrony dla m\u0142odzie\u017cy w Obornikach - bez magicznych chwyt\u00f3w!\" \/>\n<meta name=\"robots\" content=\"index, follow, max-snippet:-1, max-image-preview:large, max-video-preview:-1\" \/>\n<link rel=\"canonical\" href=\"https:\/\/www.samoobronapoznan.pl\/?p=2452\" \/>\n<meta property=\"og:locale\" content=\"pl_PL\" \/>\n<meta property=\"og:type\" content=\"article\" \/>\n<meta property=\"og:title\" content=\"Samoobrona Oborniki \u2013 praktyczny kurs samoobrony dla m\u0142odzie\u017cy\" \/>\n<meta property=\"og:description\" content=\"Samoobrona Oborniki \u2013 praktyczny kurs samoobrony dla m\u0142odzie\u017cy - kurs samoobrony dla m\u0142odzie\u017cy w Obornikach - bez magicznych chwyt\u00f3w!\" \/>\n<meta property=\"og:url\" content=\"https:\/\/www.samoobronapoznan.pl\/?p=2452\" \/>\n<meta property=\"og:site_name\" content=\"Samoobrona Pozna\u0144\" \/>\n<meta property=\"article:publisher\" content=\"https:\/\/facebook.com\/samoobronapoznan\" \/>\n<meta property=\"article:published_time\" content=\"2026-07-02T16:30:44+00:00\" \/>\n<meta property=\"article:modified_time\" content=\"2026-07-02T16:30:46+00:00\" \/>\n<meta property=\"og:image\" content=\"https:\/\/www.samoobronapoznan.pl\/wp-content\/uploads\/2026\/07\/mlodziez_oborniki.jpg\" \/>\n<meta name=\"author\" content=\"admin\" \/>\n<meta name=\"twitter:card\" content=\"summary_large_image\" \/>\n<meta name=\"twitter:label1\" content=\"Napisane przez\" \/>\n\t<meta name=\"twitter:data1\" content=\"admin\" \/>\n\t<meta name=\"twitter:label2\" content=\"Szacowany czas czytania\" \/>\n\t<meta name=\"twitter:data2\" content=\"6 minut\" \/>\n<script type=\"application\/ld+json\" class=\"yoast-schema-graph\">{\"@context\":\"https:\\\/\\\/schema.org\",\"@graph\":[{\"@type\":\"Article\",\"@id\":\"https:\\\/\\\/www.samoobronapoznan.pl\\\/?p=2452#article\",\"isPartOf\":{\"@id\":\"https:\\\/\\\/www.samoobronapoznan.pl\\\/?p=2452\"},\"author\":{\"name\":\"admin\",\"@id\":\"https:\\\/\\\/www.samoobronapoznan.pl\\\/#\\\/schema\\\/person\\\/4295d11d32ead72538b58864473ec48a\"},\"headline\":\"Samoobrona Oborniki \u2013 praktyczny kurs samoobrony dla m\u0142odzie\u017cy\",\"datePublished\":\"2026-07-02T16:30:44+00:00\",\"dateModified\":\"2026-07-02T16:30:46+00:00\",\"mainEntityOfPage\":{\"@id\":\"https:\\\/\\\/www.samoobronapoznan.pl\\\/?p=2452\"},\"wordCount\":1037,\"commentCount\":0,\"publisher\":{\"@id\":\"https:\\\/\\\/www.samoobronapoznan.pl\\\/#organization\"},\"image\":{\"@id\":\"https:\\\/\\\/www.samoobronapoznan.pl\\\/?p=2452#primaryimage\"},\"thumbnailUrl\":\"https:\\\/\\\/www.samoobronapoznan.pl\\\/wp-content\\\/uploads\\\/2026\\\/07\\\/mlodziez_oborniki.jpg\",\"inLanguage\":\"pl-PL\",\"potentialAction\":[{\"@type\":\"CommentAction\",\"name\":\"Comment\",\"target\":[\"https:\\\/\\\/www.samoobronapoznan.pl\\\/?p=2452#respond\"]}]},{\"@type\":\"WebPage\",\"@id\":\"https:\\\/\\\/www.samoobronapoznan.pl\\\/?p=2452\",\"url\":\"https:\\\/\\\/www.samoobronapoznan.pl\\\/?p=2452\",\"name\":\"Samoobrona Oborniki \u2013 praktyczny kurs samoobrony dla m\u0142odzie\u017cy - Samoobrona Pozna\u0144\",\"isPartOf\":{\"@id\":\"https:\\\/\\\/www.samoobronapoznan.pl\\\/#website\"},\"primaryImageOfPage\":{\"@id\":\"https:\\\/\\\/www.samoobronapoznan.pl\\\/?p=2452#primaryimage\"},\"image\":{\"@id\":\"https:\\\/\\\/www.samoobronapoznan.pl\\\/?p=2452#primaryimage\"},\"thumbnailUrl\":\"https:\\\/\\\/www.samoobronapoznan.pl\\\/wp-content\\\/uploads\\\/2026\\\/07\\\/mlodziez_oborniki.jpg\",\"datePublished\":\"2026-07-02T16:30:44+00:00\",\"dateModified\":\"2026-07-02T16:30:46+00:00\",\"description\":\"Samoobrona Oborniki \u2013 praktyczny kurs samoobrony dla m\u0142odzie\u017cy - kurs samoobrony dla m\u0142odzie\u017cy w Obornikach - bez magicznych chwyt\u00f3w!\",\"breadcrumb\":{\"@id\":\"https:\\\/\\\/www.samoobronapoznan.pl\\\/?p=2452#breadcrumb\"},\"inLanguage\":\"pl-PL\",\"potentialAction\":[{\"@type\":\"ReadAction\",\"target\":[\"https:\\\/\\\/www.samoobronapoznan.pl\\\/?p=2452\"]}]},{\"@type\":\"ImageObject\",\"inLanguage\":\"pl-PL\",\"@id\":\"https:\\\/\\\/www.samoobronapoznan.pl\\\/?p=2452#primaryimage\",\"url\":\"https:\\\/\\\/www.samoobronapoznan.pl\\\/wp-content\\\/uploads\\\/2026\\\/07\\\/mlodziez_oborniki.jpg\",\"contentUrl\":\"https:\\\/\\\/www.samoobronapoznan.pl\\\/wp-content\\\/uploads\\\/2026\\\/07\\\/mlodziez_oborniki.jpg\",\"width\":1920,\"height\":1080,\"caption\":\"kurs samoobrony oborniki\"},{\"@type\":\"BreadcrumbList\",\"@id\":\"https:\\\/\\\/www.samoobronapoznan.pl\\\/?p=2452#breadcrumb\",\"itemListElement\":[{\"@type\":\"ListItem\",\"position\":1,\"name\":\"Strona g\u0142\u00f3wna\",\"item\":\"https:\\\/\\\/www.samoobronapoznan.pl\\\/\"},{\"@type\":\"ListItem\",\"position\":2,\"name\":\"Samoobrona Oborniki \u2013 praktyczny kurs samoobrony dla m\u0142odzie\u017cy\"}]},{\"@type\":\"WebSite\",\"@id\":\"https:\\\/\\\/www.samoobronapoznan.pl\\\/#website\",\"url\":\"https:\\\/\\\/www.samoobronapoznan.pl\\\/\",\"name\":\"Samoobrona Pozna\u0144\",\"description\":\"Wielkopolskie Centrum Samoobrony i Bezpiecze\u0144stwa\",\"publisher\":{\"@id\":\"https:\\\/\\\/www.samoobronapoznan.pl\\\/#organization\"},\"potentialAction\":[{\"@type\":\"SearchAction\",\"target\":{\"@type\":\"EntryPoint\",\"urlTemplate\":\"https:\\\/\\\/www.samoobronapoznan.pl\\\/?s={search_term_string}\"},\"query-input\":{\"@type\":\"PropertyValueSpecification\",\"valueRequired\":true,\"valueName\":\"search_term_string\"}}],\"inLanguage\":\"pl-PL\"},{\"@type\":\"Organization\",\"@id\":\"https:\\\/\\\/www.samoobronapoznan.pl\\\/#organization\",\"name\":\"Wielkopolskie Centrum Samoobrony i Bezpiecze\u0144stwa Pozna\u0144\",\"url\":\"https:\\\/\\\/www.samoobronapoznan.pl\\\/\",\"logo\":{\"@type\":\"ImageObject\",\"inLanguage\":\"pl-PL\",\"@id\":\"https:\\\/\\\/www.samoobronapoznan.pl\\\/#\\\/schema\\\/logo\\\/image\\\/\",\"url\":\"https:\\\/\\\/www.samoobronapoznan.pl\\\/wp-content\\\/uploads\\\/2022\\\/09\\\/WCSIB.jpg\",\"contentUrl\":\"https:\\\/\\\/www.samoobronapoznan.pl\\\/wp-content\\\/uploads\\\/2022\\\/09\\\/WCSIB.jpg\",\"width\":960,\"height\":956,\"caption\":\"Wielkopolskie Centrum Samoobrony i Bezpiecze\u0144stwa Pozna\u0144\"},\"image\":{\"@id\":\"https:\\\/\\\/www.samoobronapoznan.pl\\\/#\\\/schema\\\/logo\\\/image\\\/\"},\"sameAs\":[\"https:\\\/\\\/facebook.com\\\/samoobronapoznan\",\"https:\\\/\\\/www.instagram.com\\\/wcsib_poznan\"],\"email\":\"kontakt@samoobronapoznan.pl\",\"telephone\":\"+48 727 907 468\"},{\"@type\":\"Person\",\"@id\":\"https:\\\/\\\/www.samoobronapoznan.pl\\\/#\\\/schema\\\/person\\\/4295d11d32ead72538b58864473ec48a\",\"name\":\"admin\",\"image\":{\"@type\":\"ImageObject\",\"inLanguage\":\"pl-PL\",\"@id\":\"https:\\\/\\\/secure.gravatar.com\\\/avatar\\\/e40200dd69d1dc87a1ec24cf10423bb23d5e71333e5a5c3367457b193bf803f8?s=96&d=mm&r=g\",\"url\":\"https:\\\/\\\/secure.gravatar.com\\\/avatar\\\/e40200dd69d1dc87a1ec24cf10423bb23d5e71333e5a5c3367457b193bf803f8?s=96&d=mm&r=g\",\"contentUrl\":\"https:\\\/\\\/secure.gravatar.com\\\/avatar\\\/e40200dd69d1dc87a1ec24cf10423bb23d5e71333e5a5c3367457b193bf803f8?s=96&d=mm&r=g\",\"caption\":\"admin\"},\"sameAs\":[\"https:\\\/\\\/www.samoobronapoznan.pl\"],\"url\":\"https:\\\/\\\/www.samoobronapoznan.pl\\\/?author=1\"}]}<\/script>\n<!-- \/ Yoast SEO Premium plugin. -->","yoast_head_json":{"title":"Samoobrona Oborniki \u2013 praktyczny kurs samoobrony dla m\u0142odzie\u017cy - Samoobrona Pozna\u0144","description":"Samoobrona Oborniki \u2013 praktyczny kurs samoobrony dla m\u0142odzie\u017cy - kurs samoobrony dla m\u0142odzie\u017cy w Obornikach - bez magicznych chwyt\u00f3w!","robots":{"index":"index","follow":"follow","max-snippet":"max-snippet:-1","max-image-preview":"max-image-preview:large","max-video-preview":"max-video-preview:-1"},"canonical":"https:\/\/www.samoobronapoznan.pl\/?p=2452","og_locale":"pl_PL","og_type":"article","og_title":"Samoobrona Oborniki \u2013 praktyczny kurs samoobrony dla m\u0142odzie\u017cy","og_description":"Samoobrona Oborniki \u2013 praktyczny kurs samoobrony dla m\u0142odzie\u017cy - kurs samoobrony dla m\u0142odzie\u017cy w Obornikach - bez magicznych chwyt\u00f3w!","og_url":"https:\/\/www.samoobronapoznan.pl\/?p=2452","og_site_name":"Samoobrona Pozna\u0144","article_publisher":"https:\/\/facebook.com\/samoobronapoznan","article_published_time":"2026-07-02T16:30:44+00:00","article_modified_time":"2026-07-02T16:30:46+00:00","og_image":[{"url":"https:\/\/www.samoobronapoznan.pl\/wp-content\/uploads\/2026\/07\/mlodziez_oborniki.jpg","type":"","width":"","height":""}],"author":"admin","twitter_card":"summary_large_image","twitter_misc":{"Napisane przez":"admin","Szacowany czas czytania":"6 minut"},"schema":{"@context":"https:\/\/schema.org","@graph":[{"@type":"Article","@id":"https:\/\/www.samoobronapoznan.pl\/?p=2452#article","isPartOf":{"@id":"https:\/\/www.samoobronapoznan.pl\/?p=2452"},"author":{"name":"admin","@id":"https:\/\/www.samoobronapoznan.pl\/#\/schema\/person\/4295d11d32ead72538b58864473ec48a"},"headline":"Samoobrona Oborniki \u2013 praktyczny kurs samoobrony dla m\u0142odzie\u017cy","datePublished":"2026-07-02T16:30:44+00:00","dateModified":"2026-07-02T16:30:46+00:00","mainEntityOfPage":{"@id":"https:\/\/www.samoobronapoznan.pl\/?p=2452"},"wordCount":1037,"commentCount":0,"publisher":{"@id":"https:\/\/www.samoobronapoznan.pl\/#organization"},"image":{"@id":"https:\/\/www.samoobronapoznan.pl\/?p=2452#primaryimage"},"thumbnailUrl":"https:\/\/www.samoobronapoznan.pl\/wp-content\/uploads\/2026\/07\/mlodziez_oborniki.jpg","inLanguage":"pl-PL","potentialAction":[{"@type":"CommentAction","name":"Comment","target":["https:\/\/www.samoobronapoznan.pl\/?p=2452#respond"]}]},{"@type":"WebPage","@id":"https:\/\/www.samoobronapoznan.pl\/?p=2452","url":"https:\/\/www.samoobronapoznan.pl\/?p=2452","name":"Samoobrona Oborniki \u2013 praktyczny kurs samoobrony dla m\u0142odzie\u017cy - Samoobrona Pozna\u0144","isPartOf":{"@id":"https:\/\/www.samoobronapoznan.pl\/#website"},"primaryImageOfPage":{"@id":"https:\/\/www.samoobronapoznan.pl\/?p=2452#primaryimage"},"image":{"@id":"https:\/\/www.samoobronapoznan.pl\/?p=2452#primaryimage"},"thumbnailUrl":"https:\/\/www.samoobronapoznan.pl\/wp-content\/uploads\/2026\/07\/mlodziez_oborniki.jpg","datePublished":"2026-07-02T16:30:44+00:00","dateModified":"2026-07-02T16:30:46+00:00","description":"Samoobrona Oborniki \u2013 praktyczny kurs samoobrony dla m\u0142odzie\u017cy - kurs samoobrony dla m\u0142odzie\u017cy w Obornikach - bez magicznych chwyt\u00f3w!","breadcrumb":{"@id":"https:\/\/www.samoobronapoznan.pl\/?p=2452#breadcrumb"},"inLanguage":"pl-PL","potentialAction":[{"@type":"ReadAction","target":["https:\/\/www.samoobronapoznan.pl\/?p=2452"]}]},{"@type":"ImageObject","inLanguage":"pl-PL","@id":"https:\/\/www.samoobronapoznan.pl\/?p=2452#primaryimage","url":"https:\/\/www.samoobronapoznan.pl\/wp-content\/uploads\/2026\/07\/mlodziez_oborniki.jpg","contentUrl":"https:\/\/www.samoobronapoznan.pl\/wp-content\/uploads\/2026\/07\/mlodziez_oborniki.jpg","width":1920,"height":1080,"caption":"kurs samoobrony oborniki"},{"@type":"BreadcrumbList","@id":"https:\/\/www.samoobronapoznan.pl\/?p=2452#breadcrumb","itemListElement":[{"@type":"ListItem","position":1,"name":"Strona g\u0142\u00f3wna","item":"https:\/\/www.samoobronapoznan.pl\/"},{"@type":"ListItem","position":2,"name":"Samoobrona Oborniki \u2013 praktyczny kurs samoobrony dla m\u0142odzie\u017cy"}]},{"@type":"WebSite","@id":"https:\/\/www.samoobronapoznan.pl\/#website","url":"https:\/\/www.samoobronapoznan.pl\/","name":"Samoobrona Pozna\u0144","description":"Wielkopolskie Centrum Samoobrony i Bezpiecze\u0144stwa","publisher":{"@id":"https:\/\/www.samoobronapoznan.pl\/#organization"},"potentialAction":[{"@type":"SearchAction","target":{"@type":"EntryPoint","urlTemplate":"https:\/\/www.samoobronapoznan.pl\/?s={search_term_string}"},"query-input":{"@type":"PropertyValueSpecification","valueRequired":true,"valueName":"search_term_string"}}],"inLanguage":"pl-PL"},{"@type":"Organization","@id":"https:\/\/www.samoobronapoznan.pl\/#organization","name":"Wielkopolskie Centrum Samoobrony i Bezpiecze\u0144stwa Pozna\u0144","url":"https:\/\/www.samoobronapoznan.pl\/","logo":{"@type":"ImageObject","inLanguage":"pl-PL","@id":"https:\/\/www.samoobronapoznan.pl\/#\/schema\/logo\/image\/","url":"https:\/\/www.samoobronapoznan.pl\/wp-content\/uploads\/2022\/09\/WCSIB.jpg","contentUrl":"https:\/\/www.samoobronapoznan.pl\/wp-content\/uploads\/2022\/09\/WCSIB.jpg","width":960,"height":956,"caption":"Wielkopolskie Centrum Samoobrony i Bezpiecze\u0144stwa Pozna\u0144"},"image":{"@id":"https:\/\/www.samoobronapoznan.pl\/#\/schema\/logo\/image\/"},"sameAs":["https:\/\/facebook.com\/samoobronapoznan","https:\/\/www.instagram.com\/wcsib_poznan"],"email":"kontakt@samoobronapoznan.pl","telephone":"+48 727 907 468"},{"@type":"Person","@id":"https:\/\/www.samoobronapoznan.pl\/#\/schema\/person\/4295d11d32ead72538b58864473ec48a","name":"admin","image":{"@type":"ImageObject","inLanguage":"pl-PL","@id":"https:\/\/secure.gravatar.com\/avatar\/e40200dd69d1dc87a1ec24cf10423bb23d5e71333e5a5c3367457b193bf803f8?s=96&d=mm&r=g","url":"https:\/\/secure.gravatar.com\/avatar\/e40200dd69d1dc87a1ec24cf10423bb23d5e71333e5a5c3367457b193bf803f8?s=96&d=mm&r=g","contentUrl":"https:\/\/secure.gravatar.com\/avatar\/e40200dd69d1dc87a1ec24cf10423bb23d5e71333e5a5c3367457b193bf803f8?s=96&d=mm&r=g","caption":"admin"},"sameAs":["https:\/\/www.samoobronapoznan.pl"],"url":"https:\/\/www.samoobronapoznan.pl\/?author=1"}]}},"_links":{"self":[{"href":"https:\/\/www.samoobronapoznan.pl\/index.php?rest_route=\/wp\/v2\/posts\/2452","targetHints":{"allow":["GET"]}}],"collection":[{"href":"https:\/\/www.samoobronapoznan.pl\/index.php?rest_route=\/wp\/v2\/posts"}],"about":[{"href":"https:\/\/www.samoobronapoznan.pl\/index.php?rest_route=\/wp\/v2\/types\/post"}],"author":[{"embeddable":true,"href":"https:\/\/www.samoobronapoznan.pl\/index.php?rest_route=\/wp\/v2\/users\/1"}],"replies":[{"embeddable":true,"href":"https:\/\/www.samoobronapoznan.pl\/index.php?rest_route=%2Fwp%2Fv2%2Fcomments&post=2452"}],"version-history":[{"count":1,"href":"https:\/\/www.samoobronapoznan.pl\/index.php?rest_route=\/wp\/v2\/posts\/2452\/revisions"}],"predecessor-version":[{"id":2453,"href":"https:\/\/www.samoobronapoznan.pl\/index.php?rest_route=\/wp\/v2\/posts\/2452\/revisions\/2453"}],"wp:attachment":[{"href":"https:\/\/www.samoobronapoznan.pl\/index.php?rest_route=%2Fwp%2Fv2%2Fmedia&parent=2452"}],"wp:term":[{"taxonomy":"category","embeddable":true,"href":"https:\/\/www.samoobronapoznan.pl\/index.php?rest_route=%2Fwp%2Fv2%2Fcategories&post=2452"},{"taxonomy":"post_tag","embeddable":true,"href":"https:\/\/www.samoobronapoznan.pl\/index.php?rest_route=%2Fwp%2Fv2%2Ftags&post=2452"}],"curies":[{"name":"wp","href":"https:\/\/api.w.org\/{rel}","templated":true}]}}