{"id":2454,"date":"2026-07-02T16:35:11","date_gmt":"2026-07-02T16:35:11","guid":{"rendered":"https:\/\/www.samoobronapoznan.pl\/?p=2454"},"modified":"2026-07-02T16:35:12","modified_gmt":"2026-07-02T16:35:12","slug":"kurs-samoobrony-oborniki","status":"publish","type":"post","link":"https:\/\/www.samoobronapoznan.pl\/?p=2454","title":{"rendered":"Kurs samoobrony Oborniki \u2013 dlaczego warto zapisa\u0107 nastolatka?"},"content":{"rendered":"\n<article class=\"seo-article\">\n\n  <h1>Kurs samoobrony Oborniki \u2013 dlaczego warto zapisa\u0107 nastolatka?<\/h1>\n\n  <p>\n    Wielu rodzic\u00f3w zastanawia si\u0119, jakie zaj\u0119cia dodatkowe wybra\u0107 dla nastolatka, \u017ceby by\u0142y nie tylko ciekawe, ale te\u017c naprawd\u0119 przydatne. Sport, j\u0119zyki, korepetycje czy zaj\u0119cia kreatywne maj\u0105 du\u017c\u0105 warto\u015b\u0107, ale coraz cz\u0119\u015bciej pojawia si\u0119 r\u00f3wnie\u017c pytanie o bezpiecze\u0144stwo. W\u0142a\u015bnie dlatego <strong>kurs samoobrony Oborniki<\/strong> mo\u017ce by\u0107 bardzo dobrym wyborem dla m\u0142odej osoby.\n  <\/p>\n\n  <p>\n    Samoobrona dla m\u0142odzie\u017cy nie polega na zach\u0119caniu do agresji ani uczeniu \u201ebicia si\u0119\u201d. Dobrze poprowadzone zaj\u0119cia pokazuj\u0105 nastolatkom, jak rozpoznawa\u0107 niepokoj\u0105ce sytuacje, jak stawia\u0107 granice, jak u\u017cywa\u0107 g\u0142osu, jak zachowa\u0107 dystans i jak bezpiecznie wycofa\u0107 si\u0119 z konfliktu. To praktyczna wiedza, kt\u00f3ra mo\u017ce przyda\u0107 si\u0119 w szkole, na osiedlu, podczas powrotu do domu, na wakacjach albo w grupie r\u00f3wie\u015bniczej.\n  <\/p>\n\n  <figure>\n    <img decoding=\"async\" \n      src=\"https:\/\/www.samoobronapoznan.pl\/wp-content\/uploads\/2026\/07\/mlodziez_oborniki.jpg\" \n      alt=\"Kurs samoobrony Oborniki - zaj\u0119cia samoobrony dla m\u0142odzie\u017cy i nastolatk\u00f3w\"\n      style=\"width:100%; height:auto; border-radius:12px;\"\n    >\n    <figcaption>\n      Kurs samoobrony dla m\u0142odzie\u017cy w Obornikach \u2013 praktyczne zaj\u0119cia dla nastolatk\u00f3w.\n    <\/figcaption>\n  <\/figure>\n\n  <h2>Samoobrona dla nastolatk\u00f3w Oborniki \u2013 czego naprawd\u0119 uczy?<\/h2>\n\n  <p>\n    <strong>Samoobrona dla nastolatk\u00f3w Oborniki<\/strong> to zaj\u0119cia, kt\u00f3re \u0142\u0105cz\u0105 elementy ruchowe, techniczne i psychologiczne. M\u0142odzie\u017c uczy si\u0119 prostych reakcji na szarpanie, chwytanie, pr\u00f3by zatrzymania czy naruszanie przestrzeni osobistej. R\u00f3wnie wa\u017cna jest jednak praca nad komunikacj\u0105: jak powiedzie\u0107 \u201enie\u201d, jak nie da\u0107 si\u0119 sprowokowa\u0107 i jak nie eskalowa\u0107 sytuacji, kt\u00f3rej mo\u017cna unikn\u0105\u0107.\n  <\/p>\n\n  <p>\n    W praktyce wiele trudnych sytuacji nie zaczyna si\u0119 od ataku fizycznego. Cz\u0119sto najpierw pojawia si\u0119 zaczepka, presja grupy, wy\u015bmiewanie, pr\u00f3ba wymuszenia czego\u015b albo przekraczanie granic. Nastolatek, kt\u00f3ry wcze\u015bniej prze\u0107wiczy\u0142 reakcj\u0119, ma wi\u0119ksz\u0105 szans\u0119 zachowa\u0107 spok\u00f3j i podj\u0105\u0107 lepsz\u0105 decyzj\u0119.\n  <\/p>\n\n  <p>\n    Dlatego na warsztatach wa\u017cne s\u0105 nie tylko techniki, ale te\u017c proste schematy dzia\u0142ania: zauwa\u017c sytuacj\u0119, zadbaj o dystans, jasno zakomunikuj granic\u0119, odejd\u017a, a je\u015bli trzeba \u2014 popro\u015b o pomoc doros\u0142ego. To podej\u015bcie jest szczeg\u00f3lnie wa\u017cne w pracy z m\u0142odzie\u017c\u0105, bo wzmacnia odpowiedzialno\u015b\u0107, a nie impulsywno\u015b\u0107.\n  <\/p>\n\n  <h2>Dlaczego rodzice szukaj\u0105 kursu samoobrony w Obornikach?<\/h2>\n\n  <p>\n    Rodzice coraz cz\u0119\u015bciej chc\u0105, aby ich dzieci by\u0142y bardziej samodzielne, pewne siebie i \u015bwiadome zagro\u017ce\u0144. Jednocze\u015bnie nikt rozs\u0105dny nie chce straszy\u0107 m\u0142odzie\u017cy ani budowa\u0107 w niej przekonania, \u017ce \u015bwiat jest wy\u0142\u0105cznie niebezpieczny. Dobry <strong>kurs samoobrony w Obornikach<\/strong> powinien znale\u017a\u0107 r\u00f3wnowag\u0119: pokaza\u0107 realne sytuacje, ale w spokojny, praktyczny i bezpieczny spos\u00f3b.\n  <\/p>\n\n  <p>\n    Nastolatkowie cz\u0119sto poruszaj\u0105 si\u0119 samodzielnie po mie\u015bcie, wracaj\u0105 ze szko\u0142y, spotykaj\u0105 si\u0119 ze znajomymi, chodz\u0105 na treningi albo wyje\u017cd\u017caj\u0105 na wakacje. W takich codziennych sytuacjach przydaje si\u0119 umiej\u0119tno\u015b\u0107 oceny otoczenia, zachowania dystansu i reagowania na przekraczanie granic.\n  <\/p>\n\n  <p>\n    Warto te\u017c przeczyta\u0107 pierwszy artyku\u0142 z tej serii: <a href=\"https:\/\/www.samoobronapoznan.pl\/?page_id=802\">Samoobrona Oborniki \u2013 praktyczny kurs samoobrony dla m\u0142odzie\u017cy<\/a>. Opisujemy tam szerzej, na czym polegaj\u0105 warsztaty i jakie umiej\u0119tno\u015bci rozwija m\u0142odzie\u017c podczas zaj\u0119\u0107.\n  <\/p>\n\n  <h2>Samoobrona dla m\u0142odzie\u017cy Oborniki a pewno\u015b\u0107 siebie<\/h2>\n\n  <p>\n    Jedn\u0105 z najwi\u0119kszych korzy\u015bci, jakie daje <strong>samoobrona dla m\u0142odzie\u017cy Oborniki<\/strong>, jest wzrost pewno\u015bci siebie. Nie chodzi o sztuczn\u0105 odwag\u0119 ani poczucie, \u017ce mo\u017cna poradzi\u0107 sobie z ka\u017cdym problemem si\u0142\u0105. Chodzi o co\u015b znacznie wa\u017cniejszego: m\u0142oda osoba zaczyna rozumie\u0107, \u017ce ma prawo stawia\u0107 granice i mo\u017ce reagowa\u0107, gdy kto\u015b te granice narusza.\n  <\/p>\n\n  <p>\n    Pewno\u015b\u0107 siebie buduje si\u0119 przez do\u015bwiadczenie. Kiedy nastolatek prze\u0107wiczy proste reakcje w bezpiecznych warunkach, \u0142atwiej mu p\u00f3\u017aniej odtworzy\u0107 je w sytuacji stresu. Wie, jak ustawi\u0107 cia\u0142o, jak odsun\u0105\u0107 si\u0119 o krok, jak u\u017cy\u0107 g\u0142osu, jak uwolni\u0107 r\u0119k\u0119 z chwytu i kiedy przerwa\u0107 kontakt z osob\u0105, kt\u00f3ra zachowuje si\u0119 agresywnie lub natarczywie.\n  <\/p>\n\n  <p>\n    Takie zaj\u0119cia mog\u0105 by\u0107 szczeg\u00f3lnie pomocne dla os\u00f3b nie\u015bmia\u0142ych, wycofanych albo takich, kt\u00f3re maj\u0105 trudno\u015b\u0107 z m\u00f3wieniem \u201enie\u201d. Mog\u0105 te\u017c dobrze dzia\u0142a\u0107 na m\u0142odzie\u017c bardzo energiczn\u0105, poniewa\u017c ucz\u0105 kontroli, odpowiedzialno\u015bci i tego, \u017ce samoobrona nie jest pretekstem do konfrontacji.\n  <\/p>\n\n  <h2>Co powinien zawiera\u0107 dobry kurs samoobrony dla nastolatk\u00f3w?<\/h2>\n\n  <p>\n    Zaj\u0119cia dla m\u0142odzie\u017cy powinny by\u0107 proste, praktyczne i prowadzone w odpowiedniej atmosferze. Nastolatkowie szybko wyczuwaj\u0105 sztuczno\u015b\u0107, dlatego zbyt du\u017co teorii albo zbyt skomplikowane techniki nie sprawdzaj\u0105 si\u0119 najlepiej. Wa\u017cne jest, aby uczestnicy mogli \u0107wiczy\u0107, zadawa\u0107 pytania i stopniowo oswaja\u0107 si\u0119 z sytuacjami stresowymi.\n  <\/p>\n\n  <ul>\n    <li>\u0107wiczenia z dystansu i ustawienia cia\u0142a,<\/li>\n    <li>nauk\u0119 jasnego stawiania granic,<\/li>\n    <li>proste reakcje na chwytanie i szarpanie,<\/li>\n    <li>prac\u0119 z g\u0142osem i postaw\u0105,<\/li>\n    <li>scenariusze dotycz\u0105ce zaczepek i presji grupy,<\/li>\n    <li>zasady unikania eskalacji,<\/li>\n    <li>bezpieczne wycofanie si\u0119 z sytuacji,<\/li>\n    <li>rozmow\u0119 o odpowiedzialno\u015bci i szukaniu pomocy.<\/li>\n  <\/ul>\n\n  <p>\n    W\u0142a\u015bnie dlatego warsztaty samoobrony s\u0105 czym\u015b wi\u0119cej ni\u017c zwyk\u0142ym treningiem ruchowym. To po\u0142\u0105czenie aktywno\u015bci fizycznej, edukacji o bezpiecze\u0144stwie i pracy nad pewno\u015bci\u0105 siebie.\n  <\/p>\n\n  <h2>Gdzie odbywaj\u0105 si\u0119 zaj\u0119cia samoobrony w Obornikach?<\/h2>\n\n  <p>\n    Warsztaty odbywaj\u0105 si\u0119 w <a href=\"https:\/\/www.facebook.com\/FreaksArtStudio\" target=\"_blank\" rel=\"noopener\">FreaksArt Studio<\/a> przy ul. \u015aredniej 5 w Obornikach. To miejsce, w kt\u00f3rym mo\u017cna zorganizowa\u0107 aktywne, praktyczne zaj\u0119cia dla m\u0142odzie\u017cy w kameralnej i bezpiecznej formule.\n  <\/p>\n\n  <p>\n    Aktualne informacje o terminie, godzinach, cenie i zapisach znajduj\u0105 si\u0119 na stronie kursu. Je\u017celi interesuje Ci\u0119 <strong>samoobrona dla nastolatk\u00f3w w Obornikach<\/strong>, warto sprawdzi\u0107 szczeg\u00f3\u0142y i zarezerwowa\u0107 miejsce wcze\u015bniej, poniewa\u017c liczba uczestnik\u00f3w jest ograniczona.\n  <\/p>\n\n  <p style=\"text-align:center; margin:32px 0;\">\n    <a \n      href=\"https:\/\/www.samoobronapoznan.pl\/?page_id=2449\" \n      style=\"display:inline-block; padding:14px 22px; background:#ffb703; color:#111; font-weight:800; text-decoration:none; border-radius:10px;\"\n    >\n      Sprawd\u017a kurs samoobrony dla m\u0142odzie\u017cy w Obornikach\n    <\/a>\n  <\/p>\n\n  <h2>Czy samoobrona jest tylko dla m\u0142odzie\u017cy?<\/h2>\n\n  <p>\n    Nie. Samoobrona mo\u017ce by\u0107 warto\u015bciowa na ka\u017cdym etapie \u017cycia, ale program powinien by\u0107 dopasowany do grupy. M\u0142odzie\u017c potrzebuje innego j\u0119zyka, innych scenariuszy i innego poziomu intensywno\u015bci ni\u017c osoby doros\u0142e. Dlatego warsztaty dla nastolatk\u00f3w koncentruj\u0105 si\u0119 na sytuacjach typowych dla wieku szkolnego i codziennego funkcjonowania m\u0142odych os\u00f3b.\n  <\/p>\n\n  <p>\n    Dla doros\u0142ych kobiet organizujemy osobne <a href=\"https:\/\/www.samoobronapoznan.pl\/?page_id=1749\">kursy samoobrony dla kobiet<\/a>, kt\u00f3re skupiaj\u0105 si\u0119 na bezpiecze\u0144stwie osobistym, asertywno\u015bci, reagowaniu na zagro\u017cenia i praktycznych technikach dostosowanych do realnych sytuacji.\n  <\/p>\n\n  <h2>Kurs samoobrony Oborniki \u2013 podsumowanie dla rodzic\u00f3w<\/h2>\n\n  <p>\n    <strong>Kurs samoobrony Oborniki<\/strong> to dobry wyb\u00f3r dla rodzic\u00f3w, kt\u00f3rzy chc\u0105 da\u0107 nastolatkowi praktyczne narz\u0119dzia do radzenia sobie w trudnych sytuacjach. To zaj\u0119cia, kt\u00f3re wzmacniaj\u0105 pewno\u015b\u0107 siebie, ucz\u0105 stawiania granic i pokazuj\u0105, \u017ce bezpiecze\u0144stwo zaczyna si\u0119 od \u015bwiadomo\u015bci, komunikacji i rozs\u0105dnych decyzji.\n  <\/p>\n\n  <p>\n    Je\u017celi szukasz zaj\u0119\u0107 takich jak <strong>samoobrona dla m\u0142odzie\u017cy Oborniki<\/strong>, <strong>samoobrona dla nastolatk\u00f3w Oborniki<\/strong> albo praktyczny kurs bezpiecze\u0144stwa dla m\u0142odej osoby, sprawd\u017a aktualny termin warsztat\u00f3w i zapisz dziecko przez formularz na stronie wydarzenia.\n  <\/p>\n\n  <p style=\"text-align:center; margin:32px 0 12px;\">\n    <a \n      href=\"https:\/\/www.samoobronapoznan.pl\/?page_id=2449\" \n      style=\"display:inline-block; padding:14px 22px; background:#ffb703; color:#111; font-weight:800; text-decoration:none; border-radius:10px;\"\n    >\n      Zobacz szczeg\u00f3\u0142y i zapisz dziecko na warsztaty\n    <\/a>\n  <\/p>\n\n<\/article>\n","protected":false},"excerpt":{"rendered":"<p>Kurs samoobrony Oborniki \u2013 dlaczego warto zapisa\u0107 nastolatka? Wielu rodzic\u00f3w zastanawia si\u0119, jakie zaj\u0119cia dodatkowe wybra\u0107 dla nastolatka, \u017ceby by\u0142y nie tylko ciekawe, ale te\u017c naprawd\u0119 przydatne. Sport, j\u0119zyki, korepetycje czy zaj\u0119cia kreatywne maj\u0105 du\u017c\u0105 warto\u015b\u0107, ale coraz cz\u0119\u015bciej pojawia si\u0119 r\u00f3wnie\u017c pytanie o bezpiecze\u0144stwo. W\u0142a\u015bnie dlatego kurs samoobrony Oborniki mo\u017ce by\u0107 bardzo dobrym wyborem dla m\u0142odej osoby. Samoobrona dla m\u0142odzie\u017cy nie polega na zach\u0119caniu do agresji ani uczeniu \u201ebicia si\u0119\u201d. Dobrze poprowadzone zaj\u0119cia pokazuj\u0105 nastolatkom, jak rozpoznawa\u0107 niepokoj\u0105ce sytuacje, jak stawia\u0107 granice, jak u\u017cywa\u0107 g\u0142osu, jak zachowa\u0107 dystans i jak bezpiecznie wycofa\u0107 si\u0119 z konfliktu. To praktyczna wiedza, kt\u00f3ra&#8230; <\/p>\n","protected":false},"author":1,"featured_media":0,"comment_status":"open","ping_status":"open","sticky":false,"template":"","format":"standard","meta":{"ngg_post_thumbnail":0,"footnotes":""},"categories":[32],"tags":[],"class_list":["post-2454","post","type-post","status-publish","format-standard","hentry","category-bez-kategorii-pl"],"yoast_head":"<!-- This site is optimized with the Yoast SEO Premium plugin v26.6 (Yoast SEO v28.3) - https:\/\/yoast.com\/product\/yoast-seo-premium-wordpress\/ -->\n<title>Kurs samoobrony Oborniki \u2013 dlaczego warto zapisa\u0107 nastolatka? - Samoobrona Pozna\u0144<\/title>\n<meta name=\"description\" content=\"Kurs samoobrony Oborniki \u2013 dlaczego warto zapisa\u0107 nastolatka? - Kursy samoobrony w Obornikach - kursy realnej samoobrony\" \/>\n<meta name=\"robots\" content=\"index, follow, max-snippet:-1, max-image-preview:large, max-video-preview:-1\" \/>\n<link rel=\"canonical\" href=\"https:\/\/www.samoobronapoznan.pl\/?p=2454\" \/>\n<meta property=\"og:locale\" content=\"pl_PL\" \/>\n<meta property=\"og:type\" content=\"article\" \/>\n<meta property=\"og:title\" content=\"Kurs samoobrony Oborniki \u2013 dlaczego warto zapisa\u0107 nastolatka?\" \/>\n<meta property=\"og:description\" content=\"Kurs samoobrony Oborniki \u2013 dlaczego warto zapisa\u0107 nastolatka? - Kursy samoobrony w Obornikach - kursy realnej samoobrony\" \/>\n<meta property=\"og:url\" content=\"https:\/\/www.samoobronapoznan.pl\/?p=2454\" \/>\n<meta property=\"og:site_name\" content=\"Samoobrona Pozna\u0144\" \/>\n<meta property=\"article:publisher\" content=\"https:\/\/facebook.com\/samoobronapoznan\" \/>\n<meta property=\"article:published_time\" content=\"2026-07-02T16:35:11+00:00\" \/>\n<meta property=\"article:modified_time\" content=\"2026-07-02T16:35:12+00:00\" \/>\n<meta property=\"og:image\" content=\"https:\/\/www.samoobronapoznan.pl\/wp-content\/uploads\/2026\/07\/mlodziez_oborniki.jpg\" \/>\n<meta name=\"author\" content=\"admin\" \/>\n<meta name=\"twitter:card\" content=\"summary_large_image\" \/>\n<meta name=\"twitter:label1\" content=\"Napisane przez\" \/>\n\t<meta name=\"twitter:data1\" content=\"admin\" \/>\n\t<meta name=\"twitter:label2\" content=\"Szacowany czas czytania\" \/>\n\t<meta name=\"twitter:data2\" content=\"6 minut\" \/>\n<script type=\"application\/ld+json\" class=\"yoast-schema-graph\">{\"@context\":\"https:\\\/\\\/schema.org\",\"@graph\":[{\"@type\":\"Article\",\"@id\":\"https:\\\/\\\/www.samoobronapoznan.pl\\\/?p=2454#article\",\"isPartOf\":{\"@id\":\"https:\\\/\\\/www.samoobronapoznan.pl\\\/?p=2454\"},\"author\":{\"name\":\"admin\",\"@id\":\"https:\\\/\\\/www.samoobronapoznan.pl\\\/#\\\/schema\\\/person\\\/4295d11d32ead72538b58864473ec48a\"},\"headline\":\"Kurs samoobrony Oborniki \u2013 dlaczego warto zapisa\u0107 nastolatka?\",\"datePublished\":\"2026-07-02T16:35:11+00:00\",\"dateModified\":\"2026-07-02T16:35:12+00:00\",\"mainEntityOfPage\":{\"@id\":\"https:\\\/\\\/www.samoobronapoznan.pl\\\/?p=2454\"},\"wordCount\":1067,\"commentCount\":0,\"publisher\":{\"@id\":\"https:\\\/\\\/www.samoobronapoznan.pl\\\/#organization\"},\"image\":{\"@id\":\"https:\\\/\\\/www.samoobronapoznan.pl\\\/?p=2454#primaryimage\"},\"thumbnailUrl\":\"https:\\\/\\\/www.samoobronapoznan.pl\\\/wp-content\\\/uploads\\\/2026\\\/07\\\/mlodziez_oborniki.jpg\",\"inLanguage\":\"pl-PL\",\"potentialAction\":[{\"@type\":\"CommentAction\",\"name\":\"Comment\",\"target\":[\"https:\\\/\\\/www.samoobronapoznan.pl\\\/?p=2454#respond\"]}]},{\"@type\":\"WebPage\",\"@id\":\"https:\\\/\\\/www.samoobronapoznan.pl\\\/?p=2454\",\"url\":\"https:\\\/\\\/www.samoobronapoznan.pl\\\/?p=2454\",\"name\":\"Kurs samoobrony Oborniki \u2013 dlaczego warto zapisa\u0107 nastolatka? - Samoobrona Pozna\u0144\",\"isPartOf\":{\"@id\":\"https:\\\/\\\/www.samoobronapoznan.pl\\\/#website\"},\"primaryImageOfPage\":{\"@id\":\"https:\\\/\\\/www.samoobronapoznan.pl\\\/?p=2454#primaryimage\"},\"image\":{\"@id\":\"https:\\\/\\\/www.samoobronapoznan.pl\\\/?p=2454#primaryimage\"},\"thumbnailUrl\":\"https:\\\/\\\/www.samoobronapoznan.pl\\\/wp-content\\\/uploads\\\/2026\\\/07\\\/mlodziez_oborniki.jpg\",\"datePublished\":\"2026-07-02T16:35:11+00:00\",\"dateModified\":\"2026-07-02T16:35:12+00:00\",\"description\":\"Kurs samoobrony Oborniki \u2013 dlaczego warto zapisa\u0107 nastolatka? - Kursy samoobrony w Obornikach - kursy realnej samoobrony\",\"breadcrumb\":{\"@id\":\"https:\\\/\\\/www.samoobronapoznan.pl\\\/?p=2454#breadcrumb\"},\"inLanguage\":\"pl-PL\",\"potentialAction\":[{\"@type\":\"ReadAction\",\"target\":[\"https:\\\/\\\/www.samoobronapoznan.pl\\\/?p=2454\"]}]},{\"@type\":\"ImageObject\",\"inLanguage\":\"pl-PL\",\"@id\":\"https:\\\/\\\/www.samoobronapoznan.pl\\\/?p=2454#primaryimage\",\"url\":\"https:\\\/\\\/www.samoobronapoznan.pl\\\/wp-content\\\/uploads\\\/2026\\\/07\\\/mlodziez_oborniki.jpg\",\"contentUrl\":\"https:\\\/\\\/www.samoobronapoznan.pl\\\/wp-content\\\/uploads\\\/2026\\\/07\\\/mlodziez_oborniki.jpg\",\"width\":1920,\"height\":1080,\"caption\":\"kurs samoobrony oborniki\"},{\"@type\":\"BreadcrumbList\",\"@id\":\"https:\\\/\\\/www.samoobronapoznan.pl\\\/?p=2454#breadcrumb\",\"itemListElement\":[{\"@type\":\"ListItem\",\"position\":1,\"name\":\"Strona g\u0142\u00f3wna\",\"item\":\"https:\\\/\\\/www.samoobronapoznan.pl\\\/\"},{\"@type\":\"ListItem\",\"position\":2,\"name\":\"Kurs samoobrony Oborniki \u2013 dlaczego warto zapisa\u0107 nastolatka?\"}]},{\"@type\":\"WebSite\",\"@id\":\"https:\\\/\\\/www.samoobronapoznan.pl\\\/#website\",\"url\":\"https:\\\/\\\/www.samoobronapoznan.pl\\\/\",\"name\":\"Samoobrona Pozna\u0144\",\"description\":\"Wielkopolskie Centrum Samoobrony i Bezpiecze\u0144stwa\",\"publisher\":{\"@id\":\"https:\\\/\\\/www.samoobronapoznan.pl\\\/#organization\"},\"potentialAction\":[{\"@type\":\"SearchAction\",\"target\":{\"@type\":\"EntryPoint\",\"urlTemplate\":\"https:\\\/\\\/www.samoobronapoznan.pl\\\/?s={search_term_string}\"},\"query-input\":{\"@type\":\"PropertyValueSpecification\",\"valueRequired\":true,\"valueName\":\"search_term_string\"}}],\"inLanguage\":\"pl-PL\"},{\"@type\":\"Organization\",\"@id\":\"https:\\\/\\\/www.samoobronapoznan.pl\\\/#organization\",\"name\":\"Wielkopolskie Centrum Samoobrony i Bezpiecze\u0144stwa Pozna\u0144\",\"url\":\"https:\\\/\\\/www.samoobronapoznan.pl\\\/\",\"logo\":{\"@type\":\"ImageObject\",\"inLanguage\":\"pl-PL\",\"@id\":\"https:\\\/\\\/www.samoobronapoznan.pl\\\/#\\\/schema\\\/logo\\\/image\\\/\",\"url\":\"https:\\\/\\\/www.samoobronapoznan.pl\\\/wp-content\\\/uploads\\\/2022\\\/09\\\/WCSIB.jpg\",\"contentUrl\":\"https:\\\/\\\/www.samoobronapoznan.pl\\\/wp-content\\\/uploads\\\/2022\\\/09\\\/WCSIB.jpg\",\"width\":960,\"height\":956,\"caption\":\"Wielkopolskie Centrum Samoobrony i Bezpiecze\u0144stwa Pozna\u0144\"},\"image\":{\"@id\":\"https:\\\/\\\/www.samoobronapoznan.pl\\\/#\\\/schema\\\/logo\\\/image\\\/\"},\"sameAs\":[\"https:\\\/\\\/facebook.com\\\/samoobronapoznan\",\"https:\\\/\\\/www.instagram.com\\\/wcsib_poznan\"],\"email\":\"kontakt@samoobronapoznan.pl\",\"telephone\":\"+48 727 907 468\"},{\"@type\":\"Person\",\"@id\":\"https:\\\/\\\/www.samoobronapoznan.pl\\\/#\\\/schema\\\/person\\\/4295d11d32ead72538b58864473ec48a\",\"name\":\"admin\",\"image\":{\"@type\":\"ImageObject\",\"inLanguage\":\"pl-PL\",\"@id\":\"https:\\\/\\\/secure.gravatar.com\\\/avatar\\\/e40200dd69d1dc87a1ec24cf10423bb23d5e71333e5a5c3367457b193bf803f8?s=96&d=mm&r=g\",\"url\":\"https:\\\/\\\/secure.gravatar.com\\\/avatar\\\/e40200dd69d1dc87a1ec24cf10423bb23d5e71333e5a5c3367457b193bf803f8?s=96&d=mm&r=g\",\"contentUrl\":\"https:\\\/\\\/secure.gravatar.com\\\/avatar\\\/e40200dd69d1dc87a1ec24cf10423bb23d5e71333e5a5c3367457b193bf803f8?s=96&d=mm&r=g\",\"caption\":\"admin\"},\"sameAs\":[\"https:\\\/\\\/www.samoobronapoznan.pl\"],\"url\":\"https:\\\/\\\/www.samoobronapoznan.pl\\\/?author=1\"}]}<\/script>\n<!-- \/ Yoast SEO Premium plugin. -->","yoast_head_json":{"title":"Kurs samoobrony Oborniki \u2013 dlaczego warto zapisa\u0107 nastolatka? - Samoobrona Pozna\u0144","description":"Kurs samoobrony Oborniki \u2013 dlaczego warto zapisa\u0107 nastolatka? - Kursy samoobrony w Obornikach - kursy realnej samoobrony","robots":{"index":"index","follow":"follow","max-snippet":"max-snippet:-1","max-image-preview":"max-image-preview:large","max-video-preview":"max-video-preview:-1"},"canonical":"https:\/\/www.samoobronapoznan.pl\/?p=2454","og_locale":"pl_PL","og_type":"article","og_title":"Kurs samoobrony Oborniki \u2013 dlaczego warto zapisa\u0107 nastolatka?","og_description":"Kurs samoobrony Oborniki \u2013 dlaczego warto zapisa\u0107 nastolatka? - Kursy samoobrony w Obornikach - kursy realnej samoobrony","og_url":"https:\/\/www.samoobronapoznan.pl\/?p=2454","og_site_name":"Samoobrona Pozna\u0144","article_publisher":"https:\/\/facebook.com\/samoobronapoznan","article_published_time":"2026-07-02T16:35:11+00:00","article_modified_time":"2026-07-02T16:35:12+00:00","og_image":[{"url":"https:\/\/www.samoobronapoznan.pl\/wp-content\/uploads\/2026\/07\/mlodziez_oborniki.jpg","type":"","width":"","height":""}],"author":"admin","twitter_card":"summary_large_image","twitter_misc":{"Napisane przez":"admin","Szacowany czas czytania":"6 minut"},"schema":{"@context":"https:\/\/schema.org","@graph":[{"@type":"Article","@id":"https:\/\/www.samoobronapoznan.pl\/?p=2454#article","isPartOf":{"@id":"https:\/\/www.samoobronapoznan.pl\/?p=2454"},"author":{"name":"admin","@id":"https:\/\/www.samoobronapoznan.pl\/#\/schema\/person\/4295d11d32ead72538b58864473ec48a"},"headline":"Kurs samoobrony Oborniki \u2013 dlaczego warto zapisa\u0107 nastolatka?","datePublished":"2026-07-02T16:35:11+00:00","dateModified":"2026-07-02T16:35:12+00:00","mainEntityOfPage":{"@id":"https:\/\/www.samoobronapoznan.pl\/?p=2454"},"wordCount":1067,"commentCount":0,"publisher":{"@id":"https:\/\/www.samoobronapoznan.pl\/#organization"},"image":{"@id":"https:\/\/www.samoobronapoznan.pl\/?p=2454#primaryimage"},"thumbnailUrl":"https:\/\/www.samoobronapoznan.pl\/wp-content\/uploads\/2026\/07\/mlodziez_oborniki.jpg","inLanguage":"pl-PL","potentialAction":[{"@type":"CommentAction","name":"Comment","target":["https:\/\/www.samoobronapoznan.pl\/?p=2454#respond"]}]},{"@type":"WebPage","@id":"https:\/\/www.samoobronapoznan.pl\/?p=2454","url":"https:\/\/www.samoobronapoznan.pl\/?p=2454","name":"Kurs samoobrony Oborniki \u2013 dlaczego warto zapisa\u0107 nastolatka? - Samoobrona Pozna\u0144","isPartOf":{"@id":"https:\/\/www.samoobronapoznan.pl\/#website"},"primaryImageOfPage":{"@id":"https:\/\/www.samoobronapoznan.pl\/?p=2454#primaryimage"},"image":{"@id":"https:\/\/www.samoobronapoznan.pl\/?p=2454#primaryimage"},"thumbnailUrl":"https:\/\/www.samoobronapoznan.pl\/wp-content\/uploads\/2026\/07\/mlodziez_oborniki.jpg","datePublished":"2026-07-02T16:35:11+00:00","dateModified":"2026-07-02T16:35:12+00:00","description":"Kurs samoobrony Oborniki \u2013 dlaczego warto zapisa\u0107 nastolatka? - Kursy samoobrony w Obornikach - kursy realnej samoobrony","breadcrumb":{"@id":"https:\/\/www.samoobronapoznan.pl\/?p=2454#breadcrumb"},"inLanguage":"pl-PL","potentialAction":[{"@type":"ReadAction","target":["https:\/\/www.samoobronapoznan.pl\/?p=2454"]}]},{"@type":"ImageObject","inLanguage":"pl-PL","@id":"https:\/\/www.samoobronapoznan.pl\/?p=2454#primaryimage","url":"https:\/\/www.samoobronapoznan.pl\/wp-content\/uploads\/2026\/07\/mlodziez_oborniki.jpg","contentUrl":"https:\/\/www.samoobronapoznan.pl\/wp-content\/uploads\/2026\/07\/mlodziez_oborniki.jpg","width":1920,"height":1080,"caption":"kurs samoobrony oborniki"},{"@type":"BreadcrumbList","@id":"https:\/\/www.samoobronapoznan.pl\/?p=2454#breadcrumb","itemListElement":[{"@type":"ListItem","position":1,"name":"Strona g\u0142\u00f3wna","item":"https:\/\/www.samoobronapoznan.pl\/"},{"@type":"ListItem","position":2,"name":"Kurs samoobrony Oborniki \u2013 dlaczego warto zapisa\u0107 nastolatka?"}]},{"@type":"WebSite","@id":"https:\/\/www.samoobronapoznan.pl\/#website","url":"https:\/\/www.samoobronapoznan.pl\/","name":"Samoobrona Pozna\u0144","description":"Wielkopolskie Centrum Samoobrony i Bezpiecze\u0144stwa","publisher":{"@id":"https:\/\/www.samoobronapoznan.pl\/#organization"},"potentialAction":[{"@type":"SearchAction","target":{"@type":"EntryPoint","urlTemplate":"https:\/\/www.samoobronapoznan.pl\/?s={search_term_string}"},"query-input":{"@type":"PropertyValueSpecification","valueRequired":true,"valueName":"search_term_string"}}],"inLanguage":"pl-PL"},{"@type":"Organization","@id":"https:\/\/www.samoobronapoznan.pl\/#organization","name":"Wielkopolskie Centrum Samoobrony i Bezpiecze\u0144stwa Pozna\u0144","url":"https:\/\/www.samoobronapoznan.pl\/","logo":{"@type":"ImageObject","inLanguage":"pl-PL","@id":"https:\/\/www.samoobronapoznan.pl\/#\/schema\/logo\/image\/","url":"https:\/\/www.samoobronapoznan.pl\/wp-content\/uploads\/2022\/09\/WCSIB.jpg","contentUrl":"https:\/\/www.samoobronapoznan.pl\/wp-content\/uploads\/2022\/09\/WCSIB.jpg","width":960,"height":956,"caption":"Wielkopolskie Centrum Samoobrony i Bezpiecze\u0144stwa Pozna\u0144"},"image":{"@id":"https:\/\/www.samoobronapoznan.pl\/#\/schema\/logo\/image\/"},"sameAs":["https:\/\/facebook.com\/samoobronapoznan","https:\/\/www.instagram.com\/wcsib_poznan"],"email":"kontakt@samoobronapoznan.pl","telephone":"+48 727 907 468"},{"@type":"Person","@id":"https:\/\/www.samoobronapoznan.pl\/#\/schema\/person\/4295d11d32ead72538b58864473ec48a","name":"admin","image":{"@type":"ImageObject","inLanguage":"pl-PL","@id":"https:\/\/secure.gravatar.com\/avatar\/e40200dd69d1dc87a1ec24cf10423bb23d5e71333e5a5c3367457b193bf803f8?s=96&d=mm&r=g","url":"https:\/\/secure.gravatar.com\/avatar\/e40200dd69d1dc87a1ec24cf10423bb23d5e71333e5a5c3367457b193bf803f8?s=96&d=mm&r=g","contentUrl":"https:\/\/secure.gravatar.com\/avatar\/e40200dd69d1dc87a1ec24cf10423bb23d5e71333e5a5c3367457b193bf803f8?s=96&d=mm&r=g","caption":"admin"},"sameAs":["https:\/\/www.samoobronapoznan.pl"],"url":"https:\/\/www.samoobronapoznan.pl\/?author=1"}]}},"_links":{"self":[{"href":"https:\/\/www.samoobronapoznan.pl\/index.php?rest_route=\/wp\/v2\/posts\/2454","targetHints":{"allow":["GET"]}}],"collection":[{"href":"https:\/\/www.samoobronapoznan.pl\/index.php?rest_route=\/wp\/v2\/posts"}],"about":[{"href":"https:\/\/www.samoobronapoznan.pl\/index.php?rest_route=\/wp\/v2\/types\/post"}],"author":[{"embeddable":true,"href":"https:\/\/www.samoobronapoznan.pl\/index.php?rest_route=\/wp\/v2\/users\/1"}],"replies":[{"embeddable":true,"href":"https:\/\/www.samoobronapoznan.pl\/index.php?rest_route=%2Fwp%2Fv2%2Fcomments&post=2454"}],"version-history":[{"count":1,"href":"https:\/\/www.samoobronapoznan.pl\/index.php?rest_route=\/wp\/v2\/posts\/2454\/revisions"}],"predecessor-version":[{"id":2455,"href":"https:\/\/www.samoobronapoznan.pl\/index.php?rest_route=\/wp\/v2\/posts\/2454\/revisions\/2455"}],"wp:attachment":[{"href":"https:\/\/www.samoobronapoznan.pl\/index.php?rest_route=%2Fwp%2Fv2%2Fmedia&parent=2454"}],"wp:term":[{"taxonomy":"category","embeddable":true,"href":"https:\/\/www.samoobronapoznan.pl\/index.php?rest_route=%2Fwp%2Fv2%2Fcategories&post=2454"},{"taxonomy":"post_tag","embeddable":true,"href":"https:\/\/www.samoobronapoznan.pl\/index.php?rest_route=%2Fwp%2Fv2%2Ftags&post=2454"}],"curies":[{"name":"wp","href":"https:\/\/api.w.org\/{rel}","templated":true}]}}