{"id":2502,"date":"2026-07-25T19:10:45","date_gmt":"2026-07-25T19:10:45","guid":{"rendered":"https:\/\/www.samoobronapoznan.pl\/?p=2502"},"modified":"2026-07-25T19:10:46","modified_gmt":"2026-07-25T19:10:46","slug":"indywidualny-trening-krav-maga-poznan","status":"publish","type":"post","link":"https:\/\/www.samoobronapoznan.pl\/?p=2502","title":{"rendered":"Indywidualny trening Krav Maga czy zaj\u0119cia grupowe \u2013 co wybra\u0107 na pocz\u0105tek w Poznaniu?"},"content":{"rendered":"\n\n<article>\n\n<h1>Indywidualny trening Krav Maga czy zaj\u0119cia grupowe \u2013 co wybra\u0107 na pocz\u0105tek w Poznaniu?<\/h1>\n\n<p>Chcesz nauczy\u0107 si\u0119 skutecznej samoobrony, ale nie wiesz, czy lepszym rozwi\u0105zaniem b\u0119dzie <strong>indywidualny trening Krav Maga w Poznaniu<\/strong>, czy regularne zaj\u0119cia w grupie? Obie formy treningu mog\u0105 dobrze przygotowa\u0107 Ci\u0119 do reagowania w niebezpiecznych sytuacjach. R\u00f3\u017cni\u0105 si\u0119 jednak tempem nauki, sposobem prowadzenia zaj\u0119\u0107 i mo\u017cliwo\u015bciami dopasowania programu.<\/p>\n\n<p>Wyb\u00f3r powinien zale\u017ce\u0107 przede wszystkim od Twojego do\u015bwiadczenia, celu treningowego, dost\u0119pno\u015bci czasowej oraz tego, w jakich warunkach czujesz si\u0119 najbardziej komfortowo. Poni\u017csze por\u00f3wnanie pomo\u017ce Ci zdecydowa\u0107, kt\u00f3ra forma treningu b\u0119dzie dla Ciebie odpowiednia.<\/p>\n\n<figure style=\"margin: 30px 0;\">\n    <img \n        src=\"https:\/\/www.samoobronapoznan.pl\/wp-content\/uploads\/2022\/09\/szymek.jpg\"\n        alt=\"Indywidualny trening Krav Maga w Poznaniu z instruktorem samoobrony\"\n        title=\"Indywidualny trening Krav Maga w Poznaniu\"\n        loading=\"lazy\"\n        decoding=\"async\"\n        style=\"display:block; max-width:100%; height:auto; margin:0 auto;\"\n    >\n    <figcaption style=\"margin-top:8px; text-align:center;\">\n        Trening Krav Maga w Poznaniu mo\u017ce odbywa\u0107 si\u0119 indywidualnie albo w grupie.\n    <\/figcaption>\n<\/figure>\n\n<h2>Na czym polega indywidualny trening Krav Maga?<\/h2>\n\n<p>Podczas treningu indywidualnego instruktor pracuje z jedn\u0105 osob\u0105 lub niewielk\u0105, wcze\u015bniej um\u00f3wion\u0105 grup\u0105. Dzi\u0119ki temu ca\u0142y program mo\u017ce zosta\u0107 dopasowany do konkretnych potrzeb uczestnika.<\/p>\n\n<p>Na pocz\u0105tku instruktor mo\u017ce oceni\u0107 Twoj\u0105 kondycj\u0119, koordynacj\u0119, dotychczasowe do\u015bwiadczenie i sytuacje, do kt\u00f3rych chcesz si\u0119 przygotowa\u0107. Inaczej mo\u017ce wygl\u0105da\u0107 trening osoby rozpoczynaj\u0105cej nauk\u0119 samoobrony, inaczej przygotowanie pracownika maj\u0105cego kontakt z agresywnymi klientami, a jeszcze inaczej zaj\u0119cia dla kogo\u015b, kto chce poprawi\u0107 ju\u017c poznane techniki.<\/p>\n\n<p>Wi\u0119cej informacji o tej formie zaj\u0119\u0107 znajdziesz na stronie po\u015bwi\u0119conej \n<a href=\"https:\/\/www.samoobronapoznan.pl\/?page_id=13\" title=\"Indywidualne treningi Krav Maga i samoobrony w Poznaniu\"><strong>indywidualnym treningom samoobrony i Krav Maga w Poznaniu<\/strong><\/a>.\n<\/p>\n\n<h2>Najwa\u017cniejsze zalety treningu indywidualnego<\/h2>\n\n<h3>Program dopasowany do uczestnika<\/h3>\n\n<p>Instruktor mo\u017ce skoncentrowa\u0107 si\u0119 na sytuacjach, kt\u00f3re s\u0105 dla Ciebie szczeg\u00f3lnie wa\u017cne. Mog\u0105 to by\u0107 mi\u0119dzy innymi reakcje na chwyt, uderzenie, duszenie, pr\u00f3b\u0119 przewr\u00f3cenia lub zagro\u017cenie pojawiaj\u0105ce si\u0119 w miejscu pracy.<\/p>\n\n<h3>Wi\u0119cej czasu na poprawianie szczeg\u00f3\u0142\u00f3w<\/h3>\n\n<p>Podczas indywidualnych zaj\u0119\u0107 prowadz\u0105cy przez ca\u0142y czas obserwuje Twoje ruchy. Mo\u017ce od razu poprawi\u0107 ustawienie cia\u0142a, prac\u0119 r\u0105k, dystans lub spos\u00f3b przemieszczania si\u0119. Jest to szczeg\u00f3lnie pomocne na pocz\u0105tku, kiedy poprawne nawyki dopiero si\u0119 kszta\u0142tuj\u0105.<\/p>\n\n<h3>Tempo dostosowane do Twoich mo\u017cliwo\u015bci<\/h3>\n\n<p>Nie musisz por\u00f3wnywa\u0107 si\u0119 z pozosta\u0142ymi uczestnikami. Je\u017celi okre\u015blony element wymaga wi\u0119kszej liczby powt\u00f3rze\u0144, mo\u017cna po\u015bwi\u0119ci\u0107 mu wi\u0119cej czasu. Gdy opanujesz go szybciej, trening przechodzi do kolejnych zagadnie\u0144.<\/p>\n\n<h3>Wi\u0119ksza elastyczno\u015b\u0107 organizacyjna<\/h3>\n\n<p>Termin treningu indywidualnego \u0142atwiej dopasowa\u0107 do pracy, obowi\u0105zk\u00f3w rodzinnych lub nieregularnego grafiku. To dobre rozwi\u0105zanie dla os\u00f3b, kt\u00f3re nie mog\u0105 systematycznie uczestniczy\u0107 w zaj\u0119ciach grupowych odbywaj\u0105cych si\u0119 o sta\u0142ych godzinach.<\/p>\n\n<h2>Dla kogo dobry b\u0119dzie indywidualny trening Krav Maga?<\/h2>\n\n<p>Zaj\u0119cia indywidualne warto rozwa\u017cy\u0107, je\u017celi:<\/p>\n\n<ul>\n    <li>nie masz wcze\u015bniejszego do\u015bwiadczenia i chcesz spokojnie pozna\u0107 podstawy,<\/li>\n    <li>nie czujesz si\u0119 komfortowo podczas pierwszych trening\u00f3w w wi\u0119kszej grupie,<\/li>\n    <li>masz konkretny cel lub chcesz przygotowa\u0107 si\u0119 do okre\u015blonych zagro\u017ce\u0144,<\/li>\n    <li>pracujesz w zawodzie, w kt\u00f3rym mog\u0105 pojawi\u0107 si\u0119 osoby agresywne,<\/li>\n    <li>chcesz poprawi\u0107 wybrane techniki poznane podczas innych zaj\u0119\u0107,<\/li>\n    <li>potrzebujesz elastycznych termin\u00f3w trening\u00f3w,<\/li>\n    <li>wracasz do aktywno\u015bci po d\u0142u\u017cszej przerwie.<\/li>\n<\/ul>\n\n<p>Trening indywidualny nie jest przeznaczony wy\u0142\u0105cznie dla os\u00f3b zaawansowanych. Mo\u017ce by\u0107 r\u00f3wnie\u017c bardzo dobrym sposobem na rozpocz\u0119cie nauki Krav Maga i przygotowanie si\u0119 do p\u00f3\u017aniejszego do\u0142\u0105czenia do grupy.<\/p>\n\n<h2>Jak wygl\u0105daj\u0105 grupowe zaj\u0119cia Krav Maga?<\/h2>\n\n<p>Zaj\u0119cia grupowe odbywaj\u0105 si\u0119 wed\u0142ug ustalonego harmonogramu i programu. Uczestnicy ucz\u0105 si\u0119 technik samoobrony, wykonuj\u0105 \u0107wiczenia w parach oraz trenuj\u0105 reakcje na r\u00f3\u017cne zachowania partner\u00f3w.<\/p>\n\n<p>Zmiana partner\u00f3w jest wa\u017cnym elementem nauki. Ka\u017cda osoba porusza si\u0119 troch\u0119 inaczej, ma inny wzrost, si\u0142\u0119, tempo i zasi\u0119g ramion. Dzi\u0119ki temu uczestnik stopniowo uczy si\u0119 dopasowywa\u0107 swoje reakcje do zmieniaj\u0105cych si\u0119 warunk\u00f3w.<\/p>\n\n<p>Je\u017celi dopiero zaczynasz, przeczytaj r\u00f3wnie\u017c, \n<a href=\"https:\/\/www.samoobronapoznan.pl\/?p=2359\" title=\"Krav Maga Pozna\u0144 dla pocz\u0105tkuj\u0105cych\">jak mo\u017ce wygl\u0105da\u0107 rozpocz\u0119cie trening\u00f3w Krav Maga w Poznaniu<\/a>. Aktualne informacje dotycz\u0105ce prowadzonych zaj\u0119\u0107 znajdziesz natomiast w artykule o \n<a href=\"https:\/\/www.samoobronapoznan.pl\/?p=2361\" title=\"Zaj\u0119cia Krav Maga w Poznaniu\">zaj\u0119ciach Krav Maga w Poznaniu<\/a>.\n<\/p>\n\n<h2>Najwa\u017cniejsze zalety zaj\u0119\u0107 grupowych<\/h2>\n\n<h3>Trening z r\u00f3\u017cnymi partnerami<\/h3>\n\n<p>Na zaj\u0119ciach grupowych mo\u017cesz \u0107wiczy\u0107 z osobami r\u00f3\u017cni\u0105cymi si\u0119 budow\u0105 cia\u0142a i sposobem poruszania. Pozwala to sprawdzi\u0107, czy poznana reakcja dzia\u0142a nie tylko podczas treningu z jednym, dobrze znanym partnerem.<\/p>\n\n<h3>Regularno\u015b\u0107<\/h3>\n\n<p>Sta\u0142e dni i godziny zaj\u0119\u0107 pomagaj\u0105 utrzyma\u0107 systematyczno\u015b\u0107. Regularny trening jest bardzo wa\u017cny, poniewa\u017c skuteczne reakcje wymagaj\u0105 wielu powt\u00f3rze\u0144 i stopniowego budowania w\u0142a\u015bciwych nawyk\u00f3w.<\/p>\n\n<h3>\u0106wiczenia w bardziej zmiennych warunkach<\/h3>\n\n<p>Obecno\u015b\u0107 innych uczestnik\u00f3w pozwala wprowadza\u0107 zadania wymagaj\u0105ce obserwowania otoczenia, pracy w ograniczonej przestrzeni oraz reagowania na kilka bod\u017ac\u00f3w. Trening nadal odbywa si\u0119 w kontrolowanych warunkach, ale mo\u017ce stopniowo stawa\u0107 si\u0119 bardziej wymagaj\u0105cy.<\/p>\n\n<h3>Motywacja grupy<\/h3>\n\n<p>Wsp\u00f3lny trening cz\u0119sto pomaga zachowa\u0107 motywacj\u0119. Uczestnicy widz\u0105 w\u0142asne post\u0119py, poznaj\u0105 osoby o podobnych celach i wzajemnie zach\u0119caj\u0105 si\u0119 do regularnego udzia\u0142u w zaj\u0119ciach.<\/p>\n\n<h2>Trening indywidualny czy grupowy \u2013 por\u00f3wnanie<\/h2>\n\n<div style=\"overflow-x:auto; margin:25px 0;\">\n<table style=\"width:100%; border-collapse:collapse;\">\n    <thead>\n        <tr>\n            <th style=\"border:1px solid #cccccc; padding:10px; text-align:left;\">Obszar<\/th>\n            <th style=\"border:1px solid #cccccc; padding:10px; text-align:left;\">Trening indywidualny<\/th>\n            <th style=\"border:1px solid #cccccc; padding:10px; text-align:left;\">Zaj\u0119cia grupowe<\/th>\n        <\/tr>\n    <\/thead>\n    <tbody>\n        <tr>\n            <td style=\"border:1px solid #cccccc; padding:10px;\"><strong>Program<\/strong><\/td>\n            <td style=\"border:1px solid #cccccc; padding:10px;\">Dopasowany do potrzeb uczestnika<\/td>\n            <td style=\"border:1px solid #cccccc; padding:10px;\">Realizowany wed\u0142ug programu grupy<\/td>\n        <\/tr>\n        <tr>\n            <td style=\"border:1px solid #cccccc; padding:10px;\"><strong>Tempo nauki<\/strong><\/td>\n            <td style=\"border:1px solid #cccccc; padding:10px;\">Dostosowane do jednej osoby<\/td>\n            <td style=\"border:1px solid #cccccc; padding:10px;\">Dostosowane do poziomu grupy<\/td>\n        <\/tr>\n        <tr>\n            <td style=\"border:1px solid #cccccc; padding:10px;\"><strong>Partnerzy treningowi<\/strong><\/td>\n            <td style=\"border:1px solid #cccccc; padding:10px;\">Najcz\u0119\u015bciej instruktor lub um\u00f3wiona osoba<\/td>\n            <td style=\"border:1px solid #cccccc; padding:10px;\">Mo\u017cliwo\u015b\u0107 \u0107wiczenia z r\u00f3\u017cnymi osobami<\/td>\n        <\/tr>\n        <tr>\n            <td style=\"border:1px solid #cccccc; padding:10px;\"><strong>Terminy<\/strong><\/td>\n            <td style=\"border:1px solid #cccccc; padding:10px;\">Ustalane indywidualnie<\/td>\n            <td style=\"border:1px solid #cccccc; padding:10px;\">Sta\u0142y harmonogram<\/td>\n        <\/tr>\n        <tr>\n            <td style=\"border:1px solid #cccccc; padding:10px;\"><strong>Uwagi instruktora<\/strong><\/td>\n            <td style=\"border:1px solid #cccccc; padding:10px;\">Pe\u0142na koncentracja na uczestniku<\/td>\n            <td style=\"border:1px solid #cccccc; padding:10px;\">Instruktor dzieli uwag\u0119 mi\u0119dzy uczestnik\u00f3w<\/td>\n        <\/tr>\n        <tr>\n            <td style=\"border:1px solid #cccccc; padding:10px;\"><strong>Atmosfera<\/strong><\/td>\n            <td style=\"border:1px solid #cccccc; padding:10px;\">Spokojna i bardziej prywatna<\/td>\n            <td style=\"border:1px solid #cccccc; padding:10px;\">Wi\u0119ksza dynamika i motywacja grupowa<\/td>\n        <\/tr>\n    <\/tbody>\n<\/table>\n<\/div>\n\n<h2>Czy mo\u017cna po\u0142\u0105czy\u0107 obie formy treningu?<\/h2>\n\n<p>Tak. W wielu przypadkach po\u0142\u0105czenie obu form daje bardzo dobre rezultaty. Zaj\u0119cia grupowe zapewniaj\u0105 regularno\u015b\u0107 i mo\u017cliwo\u015b\u0107 pracy z r\u00f3\u017cnymi partnerami, natomiast trening indywidualny pozwala dok\u0142adniej poprawi\u0107 elementy, kt\u00f3re sprawiaj\u0105 trudno\u015b\u0107.<\/p>\n\n<p>Mo\u017cesz na przyk\u0142ad regularnie trenowa\u0107 w grupie, a raz na pewien czas skorzysta\u0107 z indywidualnej konsultacji. Innym rozwi\u0105zaniem jest rozpocz\u0119cie od kilku spotka\u0144 z instruktorem i p\u00f3\u017aniejsze do\u0142\u0105czenie do zaj\u0119\u0107 grupowych.<\/p>\n\n<p>Treningi w Poznaniu mog\u0105 odbywa\u0107 si\u0119 mi\u0119dzy innymi w \n<a href=\"https:\/\/www.halkownia.pl\/\" target=\"_blank\" rel=\"noopener noreferrer\" title=\"Centrum Sportowe Halkownia w Poznaniu\">Centrum Sportowym Halkownia<\/a>. Dok\u0142adne miejsce oraz termin zaj\u0119\u0107 indywidualnych s\u0105 ustalane przed rozpocz\u0119ciem trening\u00f3w.\n<\/p>\n\n<h2>Co wybra\u0107 na pocz\u0105tek?<\/h2>\n\n<p>Je\u017celi cenisz prywatno\u015b\u0107, masz konkretny problem do przepracowania albo potrzebujesz elastycznych godzin, dobrym wyborem b\u0119dzie <strong>indywidualny trening Krav Maga<\/strong>. Je\u015bli zale\u017cy Ci na regularnych spotkaniach, \u0107wiczeniu z r\u00f3\u017cnymi osobami i energii wynikaj\u0105cej z pracy w grupie, warto rozpocz\u0105\u0107 od zaj\u0119\u0107 grupowych.<\/p>\n\n<p>Nie musisz te\u017c podejmowa\u0107 ostatecznej decyzji przed pierwszym treningiem. Wybran\u0105 form\u0119 mo\u017cna p\u00f3\u017aniej zmieni\u0107 lub uzupe\u0142ni\u0107 o drugi rodzaj zaj\u0119\u0107. Najwa\u017cniejsze jest rozpocz\u0119cie regularnej nauki i stopniowe rozwijanie umiej\u0119tno\u015bci.<\/p>\n\n<h2>Indywidualny trening Krav Maga w Poznaniu<\/h2>\n\n<p>Chcesz rozpocz\u0105\u0107 nauk\u0119 samoobrony pod bezpo\u015bredni\u0105 opiek\u0105 instruktora? Sprawd\u017a \n<a href=\"https:\/\/www.samoobronapoznan.pl\/?page_id=13\" title=\"Zaj\u0119cia indywidualne Krav Maga Pozna\u0144\"><strong>ofert\u0119 indywidualnych zaj\u0119\u0107 Krav Maga w Poznaniu<\/strong><\/a> i ustal zakres oraz termin pierwszego treningu.\n<\/p>\n\n<\/article>\n&#8222;`\n\n","protected":false},"excerpt":{"rendered":"<p>Indywidualny trening Krav Maga czy zaj\u0119cia grupowe \u2013 co wybra\u0107 na pocz\u0105tek w Poznaniu? Chcesz nauczy\u0107 si\u0119 skutecznej samoobrony, ale nie wiesz, czy lepszym rozwi\u0105zaniem b\u0119dzie indywidualny trening Krav Maga w Poznaniu, czy regularne zaj\u0119cia w grupie? Obie formy treningu mog\u0105 dobrze przygotowa\u0107 Ci\u0119 do reagowania w niebezpiecznych sytuacjach. R\u00f3\u017cni\u0105 si\u0119 jednak tempem nauki, sposobem prowadzenia zaj\u0119\u0107 i mo\u017cliwo\u015bciami dopasowania programu. Wyb\u00f3r powinien zale\u017ce\u0107 przede wszystkim od Twojego do\u015bwiadczenia, celu treningowego, dost\u0119pno\u015bci czasowej oraz tego, w jakich warunkach czujesz si\u0119 najbardziej komfortowo. Poni\u017csze por\u00f3wnanie pomo\u017ce Ci zdecydowa\u0107, kt\u00f3ra forma treningu b\u0119dzie dla Ciebie odpowiednia. Trening Krav Maga w Poznaniu mo\u017ce&#8230; <\/p>\n","protected":false},"author":1,"featured_media":0,"comment_status":"open","ping_status":"open","sticky":false,"template":"","format":"standard","meta":{"ngg_post_thumbnail":0,"footnotes":""},"categories":[32],"tags":[],"class_list":["post-2502","post","type-post","status-publish","format-standard","hentry","category-bez-kategorii-pl"],"yoast_head":"<!-- This site is optimized with the Yoast SEO Premium plugin v26.6 (Yoast SEO v28.3) - https:\/\/yoast.com\/product\/yoast-seo-premium-wordpress\/ -->\n<title>Indywidualny trening Krav Maga Pozna\u0144<\/title>\n<meta name=\"description\" content=\"Indywidualny trening Krav Maga czy zaj\u0119cia grupowe \u2013 co wybra\u0107 na pocz\u0105tek w Poznaniu? Krav Maga Pozna\u0144 Treningi\" \/>\n<meta name=\"robots\" content=\"index, follow, max-snippet:-1, max-image-preview:large, max-video-preview:-1\" \/>\n<link rel=\"canonical\" href=\"https:\/\/www.samoobronapoznan.pl\/?p=2502\" \/>\n<meta property=\"og:locale\" content=\"pl_PL\" \/>\n<meta property=\"og:type\" content=\"article\" \/>\n<meta property=\"og:title\" content=\"Indywidualny trening Krav Maga czy zaj\u0119cia grupowe \u2013 co wybra\u0107 na pocz\u0105tek w Poznaniu?\" \/>\n<meta property=\"og:description\" content=\"Indywidualny trening Krav Maga czy zaj\u0119cia grupowe \u2013 co wybra\u0107 na pocz\u0105tek w Poznaniu? Krav Maga Pozna\u0144 Treningi\" \/>\n<meta property=\"og:url\" content=\"https:\/\/www.samoobronapoznan.pl\/?p=2502\" \/>\n<meta property=\"og:site_name\" content=\"Samoobrona Pozna\u0144\" \/>\n<meta property=\"article:publisher\" content=\"https:\/\/facebook.com\/samoobronapoznan\" \/>\n<meta property=\"article:published_time\" content=\"2026-07-25T19:10:45+00:00\" \/>\n<meta property=\"article:modified_time\" content=\"2026-07-25T19:10:46+00:00\" \/>\n<meta property=\"og:image\" content=\"https:\/\/www.samoobronapoznan.pl\/wp-content\/uploads\/2022\/09\/szymek.jpg\" \/>\n<meta name=\"author\" content=\"admin\" \/>\n<meta name=\"twitter:card\" content=\"summary_large_image\" \/>\n<meta name=\"twitter:label1\" content=\"Napisane przez\" \/>\n\t<meta name=\"twitter:data1\" content=\"admin\" \/>\n\t<meta name=\"twitter:label2\" content=\"Szacowany czas czytania\" \/>\n\t<meta name=\"twitter:data2\" content=\"6 minut\" \/>\n<script type=\"application\/ld+json\" class=\"yoast-schema-graph\">{\"@context\":\"https:\\\/\\\/schema.org\",\"@graph\":[{\"@type\":\"Article\",\"@id\":\"https:\\\/\\\/www.samoobronapoznan.pl\\\/?p=2502#article\",\"isPartOf\":{\"@id\":\"https:\\\/\\\/www.samoobronapoznan.pl\\\/?p=2502\"},\"author\":{\"name\":\"admin\",\"@id\":\"https:\\\/\\\/www.samoobronapoznan.pl\\\/#\\\/schema\\\/person\\\/4295d11d32ead72538b58864473ec48a\"},\"headline\":\"Indywidualny trening Krav Maga czy zaj\u0119cia grupowe \u2013 co wybra\u0107 na pocz\u0105tek w Poznaniu?\",\"datePublished\":\"2026-07-25T19:10:45+00:00\",\"dateModified\":\"2026-07-25T19:10:46+00:00\",\"mainEntityOfPage\":{\"@id\":\"https:\\\/\\\/www.samoobronapoznan.pl\\\/?p=2502\"},\"wordCount\":1131,\"commentCount\":0,\"publisher\":{\"@id\":\"https:\\\/\\\/www.samoobronapoznan.pl\\\/#organization\"},\"image\":{\"@id\":\"https:\\\/\\\/www.samoobronapoznan.pl\\\/?p=2502#primaryimage\"},\"thumbnailUrl\":\"https:\\\/\\\/www.samoobronapoznan.pl\\\/wp-content\\\/uploads\\\/2022\\\/09\\\/szymek.jpg\",\"inLanguage\":\"pl-PL\",\"potentialAction\":[{\"@type\":\"CommentAction\",\"name\":\"Comment\",\"target\":[\"https:\\\/\\\/www.samoobronapoznan.pl\\\/?p=2502#respond\"]}]},{\"@type\":\"WebPage\",\"@id\":\"https:\\\/\\\/www.samoobronapoznan.pl\\\/?p=2502\",\"url\":\"https:\\\/\\\/www.samoobronapoznan.pl\\\/?p=2502\",\"name\":\"Indywidualny trening Krav Maga Pozna\u0144\",\"isPartOf\":{\"@id\":\"https:\\\/\\\/www.samoobronapoznan.pl\\\/#website\"},\"primaryImageOfPage\":{\"@id\":\"https:\\\/\\\/www.samoobronapoznan.pl\\\/?p=2502#primaryimage\"},\"image\":{\"@id\":\"https:\\\/\\\/www.samoobronapoznan.pl\\\/?p=2502#primaryimage\"},\"thumbnailUrl\":\"https:\\\/\\\/www.samoobronapoznan.pl\\\/wp-content\\\/uploads\\\/2022\\\/09\\\/szymek.jpg\",\"datePublished\":\"2026-07-25T19:10:45+00:00\",\"dateModified\":\"2026-07-25T19:10:46+00:00\",\"description\":\"Indywidualny trening Krav Maga czy zaj\u0119cia grupowe \u2013 co wybra\u0107 na pocz\u0105tek w Poznaniu? Krav Maga Pozna\u0144 Treningi\",\"breadcrumb\":{\"@id\":\"https:\\\/\\\/www.samoobronapoznan.pl\\\/?p=2502#breadcrumb\"},\"inLanguage\":\"pl-PL\",\"potentialAction\":[{\"@type\":\"ReadAction\",\"target\":[\"https:\\\/\\\/www.samoobronapoznan.pl\\\/?p=2502\"]}]},{\"@type\":\"ImageObject\",\"inLanguage\":\"pl-PL\",\"@id\":\"https:\\\/\\\/www.samoobronapoznan.pl\\\/?p=2502#primaryimage\",\"url\":\"https:\\\/\\\/www.samoobronapoznan.pl\\\/wp-content\\\/uploads\\\/2022\\\/09\\\/szymek.jpg\",\"contentUrl\":\"https:\\\/\\\/www.samoobronapoznan.pl\\\/wp-content\\\/uploads\\\/2022\\\/09\\\/szymek.jpg\",\"width\":640,\"height\":480,\"caption\":\"treningi indywidualne poznan\"},{\"@type\":\"BreadcrumbList\",\"@id\":\"https:\\\/\\\/www.samoobronapoznan.pl\\\/?p=2502#breadcrumb\",\"itemListElement\":[{\"@type\":\"ListItem\",\"position\":1,\"name\":\"Strona g\u0142\u00f3wna\",\"item\":\"https:\\\/\\\/www.samoobronapoznan.pl\\\/\"},{\"@type\":\"ListItem\",\"position\":2,\"name\":\"Indywidualny trening Krav Maga czy zaj\u0119cia grupowe \u2013 co wybra\u0107 na pocz\u0105tek w Poznaniu?\"}]},{\"@type\":\"WebSite\",\"@id\":\"https:\\\/\\\/www.samoobronapoznan.pl\\\/#website\",\"url\":\"https:\\\/\\\/www.samoobronapoznan.pl\\\/\",\"name\":\"Samoobrona Pozna\u0144\",\"description\":\"Wielkopolskie Centrum Samoobrony i Bezpiecze\u0144stwa\",\"publisher\":{\"@id\":\"https:\\\/\\\/www.samoobronapoznan.pl\\\/#organization\"},\"potentialAction\":[{\"@type\":\"SearchAction\",\"target\":{\"@type\":\"EntryPoint\",\"urlTemplate\":\"https:\\\/\\\/www.samoobronapoznan.pl\\\/?s={search_term_string}\"},\"query-input\":{\"@type\":\"PropertyValueSpecification\",\"valueRequired\":true,\"valueName\":\"search_term_string\"}}],\"inLanguage\":\"pl-PL\"},{\"@type\":\"Organization\",\"@id\":\"https:\\\/\\\/www.samoobronapoznan.pl\\\/#organization\",\"name\":\"Wielkopolskie Centrum Samoobrony i Bezpiecze\u0144stwa Pozna\u0144\",\"url\":\"https:\\\/\\\/www.samoobronapoznan.pl\\\/\",\"logo\":{\"@type\":\"ImageObject\",\"inLanguage\":\"pl-PL\",\"@id\":\"https:\\\/\\\/www.samoobronapoznan.pl\\\/#\\\/schema\\\/logo\\\/image\\\/\",\"url\":\"https:\\\/\\\/www.samoobronapoznan.pl\\\/wp-content\\\/uploads\\\/2022\\\/09\\\/WCSIB.jpg\",\"contentUrl\":\"https:\\\/\\\/www.samoobronapoznan.pl\\\/wp-content\\\/uploads\\\/2022\\\/09\\\/WCSIB.jpg\",\"width\":960,\"height\":956,\"caption\":\"Wielkopolskie Centrum Samoobrony i Bezpiecze\u0144stwa Pozna\u0144\"},\"image\":{\"@id\":\"https:\\\/\\\/www.samoobronapoznan.pl\\\/#\\\/schema\\\/logo\\\/image\\\/\"},\"sameAs\":[\"https:\\\/\\\/facebook.com\\\/samoobronapoznan\",\"https:\\\/\\\/www.instagram.com\\\/wcsib_poznan\"],\"email\":\"kontakt@samoobronapoznan.pl\",\"telephone\":\"+48 727 907 468\"},{\"@type\":\"Person\",\"@id\":\"https:\\\/\\\/www.samoobronapoznan.pl\\\/#\\\/schema\\\/person\\\/4295d11d32ead72538b58864473ec48a\",\"name\":\"admin\",\"image\":{\"@type\":\"ImageObject\",\"inLanguage\":\"pl-PL\",\"@id\":\"https:\\\/\\\/secure.gravatar.com\\\/avatar\\\/e40200dd69d1dc87a1ec24cf10423bb23d5e71333e5a5c3367457b193bf803f8?s=96&d=mm&r=g\",\"url\":\"https:\\\/\\\/secure.gravatar.com\\\/avatar\\\/e40200dd69d1dc87a1ec24cf10423bb23d5e71333e5a5c3367457b193bf803f8?s=96&d=mm&r=g\",\"contentUrl\":\"https:\\\/\\\/secure.gravatar.com\\\/avatar\\\/e40200dd69d1dc87a1ec24cf10423bb23d5e71333e5a5c3367457b193bf803f8?s=96&d=mm&r=g\",\"caption\":\"admin\"},\"sameAs\":[\"https:\\\/\\\/www.samoobronapoznan.pl\"],\"url\":\"https:\\\/\\\/www.samoobronapoznan.pl\\\/?author=1\"}]}<\/script>\n<!-- \/ Yoast SEO Premium plugin. -->","yoast_head_json":{"title":"Indywidualny trening Krav Maga Pozna\u0144","description":"Indywidualny trening Krav Maga czy zaj\u0119cia grupowe \u2013 co wybra\u0107 na pocz\u0105tek w Poznaniu? Krav Maga Pozna\u0144 Treningi","robots":{"index":"index","follow":"follow","max-snippet":"max-snippet:-1","max-image-preview":"max-image-preview:large","max-video-preview":"max-video-preview:-1"},"canonical":"https:\/\/www.samoobronapoznan.pl\/?p=2502","og_locale":"pl_PL","og_type":"article","og_title":"Indywidualny trening Krav Maga czy zaj\u0119cia grupowe \u2013 co wybra\u0107 na pocz\u0105tek w Poznaniu?","og_description":"Indywidualny trening Krav Maga czy zaj\u0119cia grupowe \u2013 co wybra\u0107 na pocz\u0105tek w Poznaniu? Krav Maga Pozna\u0144 Treningi","og_url":"https:\/\/www.samoobronapoznan.pl\/?p=2502","og_site_name":"Samoobrona Pozna\u0144","article_publisher":"https:\/\/facebook.com\/samoobronapoznan","article_published_time":"2026-07-25T19:10:45+00:00","article_modified_time":"2026-07-25T19:10:46+00:00","og_image":[{"url":"https:\/\/www.samoobronapoznan.pl\/wp-content\/uploads\/2022\/09\/szymek.jpg","type":"","width":"","height":""}],"author":"admin","twitter_card":"summary_large_image","twitter_misc":{"Napisane przez":"admin","Szacowany czas czytania":"6 minut"},"schema":{"@context":"https:\/\/schema.org","@graph":[{"@type":"Article","@id":"https:\/\/www.samoobronapoznan.pl\/?p=2502#article","isPartOf":{"@id":"https:\/\/www.samoobronapoznan.pl\/?p=2502"},"author":{"name":"admin","@id":"https:\/\/www.samoobronapoznan.pl\/#\/schema\/person\/4295d11d32ead72538b58864473ec48a"},"headline":"Indywidualny trening Krav Maga czy zaj\u0119cia grupowe \u2013 co wybra\u0107 na pocz\u0105tek w Poznaniu?","datePublished":"2026-07-25T19:10:45+00:00","dateModified":"2026-07-25T19:10:46+00:00","mainEntityOfPage":{"@id":"https:\/\/www.samoobronapoznan.pl\/?p=2502"},"wordCount":1131,"commentCount":0,"publisher":{"@id":"https:\/\/www.samoobronapoznan.pl\/#organization"},"image":{"@id":"https:\/\/www.samoobronapoznan.pl\/?p=2502#primaryimage"},"thumbnailUrl":"https:\/\/www.samoobronapoznan.pl\/wp-content\/uploads\/2022\/09\/szymek.jpg","inLanguage":"pl-PL","potentialAction":[{"@type":"CommentAction","name":"Comment","target":["https:\/\/www.samoobronapoznan.pl\/?p=2502#respond"]}]},{"@type":"WebPage","@id":"https:\/\/www.samoobronapoznan.pl\/?p=2502","url":"https:\/\/www.samoobronapoznan.pl\/?p=2502","name":"Indywidualny trening Krav Maga Pozna\u0144","isPartOf":{"@id":"https:\/\/www.samoobronapoznan.pl\/#website"},"primaryImageOfPage":{"@id":"https:\/\/www.samoobronapoznan.pl\/?p=2502#primaryimage"},"image":{"@id":"https:\/\/www.samoobronapoznan.pl\/?p=2502#primaryimage"},"thumbnailUrl":"https:\/\/www.samoobronapoznan.pl\/wp-content\/uploads\/2022\/09\/szymek.jpg","datePublished":"2026-07-25T19:10:45+00:00","dateModified":"2026-07-25T19:10:46+00:00","description":"Indywidualny trening Krav Maga czy zaj\u0119cia grupowe \u2013 co wybra\u0107 na pocz\u0105tek w Poznaniu? Krav Maga Pozna\u0144 Treningi","breadcrumb":{"@id":"https:\/\/www.samoobronapoznan.pl\/?p=2502#breadcrumb"},"inLanguage":"pl-PL","potentialAction":[{"@type":"ReadAction","target":["https:\/\/www.samoobronapoznan.pl\/?p=2502"]}]},{"@type":"ImageObject","inLanguage":"pl-PL","@id":"https:\/\/www.samoobronapoznan.pl\/?p=2502#primaryimage","url":"https:\/\/www.samoobronapoznan.pl\/wp-content\/uploads\/2022\/09\/szymek.jpg","contentUrl":"https:\/\/www.samoobronapoznan.pl\/wp-content\/uploads\/2022\/09\/szymek.jpg","width":640,"height":480,"caption":"treningi indywidualne poznan"},{"@type":"BreadcrumbList","@id":"https:\/\/www.samoobronapoznan.pl\/?p=2502#breadcrumb","itemListElement":[{"@type":"ListItem","position":1,"name":"Strona g\u0142\u00f3wna","item":"https:\/\/www.samoobronapoznan.pl\/"},{"@type":"ListItem","position":2,"name":"Indywidualny trening Krav Maga czy zaj\u0119cia grupowe \u2013 co wybra\u0107 na pocz\u0105tek w Poznaniu?"}]},{"@type":"WebSite","@id":"https:\/\/www.samoobronapoznan.pl\/#website","url":"https:\/\/www.samoobronapoznan.pl\/","name":"Samoobrona Pozna\u0144","description":"Wielkopolskie Centrum Samoobrony i Bezpiecze\u0144stwa","publisher":{"@id":"https:\/\/www.samoobronapoznan.pl\/#organization"},"potentialAction":[{"@type":"SearchAction","target":{"@type":"EntryPoint","urlTemplate":"https:\/\/www.samoobronapoznan.pl\/?s={search_term_string}"},"query-input":{"@type":"PropertyValueSpecification","valueRequired":true,"valueName":"search_term_string"}}],"inLanguage":"pl-PL"},{"@type":"Organization","@id":"https:\/\/www.samoobronapoznan.pl\/#organization","name":"Wielkopolskie Centrum Samoobrony i Bezpiecze\u0144stwa Pozna\u0144","url":"https:\/\/www.samoobronapoznan.pl\/","logo":{"@type":"ImageObject","inLanguage":"pl-PL","@id":"https:\/\/www.samoobronapoznan.pl\/#\/schema\/logo\/image\/","url":"https:\/\/www.samoobronapoznan.pl\/wp-content\/uploads\/2022\/09\/WCSIB.jpg","contentUrl":"https:\/\/www.samoobronapoznan.pl\/wp-content\/uploads\/2022\/09\/WCSIB.jpg","width":960,"height":956,"caption":"Wielkopolskie Centrum Samoobrony i Bezpiecze\u0144stwa Pozna\u0144"},"image":{"@id":"https:\/\/www.samoobronapoznan.pl\/#\/schema\/logo\/image\/"},"sameAs":["https:\/\/facebook.com\/samoobronapoznan","https:\/\/www.instagram.com\/wcsib_poznan"],"email":"kontakt@samoobronapoznan.pl","telephone":"+48 727 907 468"},{"@type":"Person","@id":"https:\/\/www.samoobronapoznan.pl\/#\/schema\/person\/4295d11d32ead72538b58864473ec48a","name":"admin","image":{"@type":"ImageObject","inLanguage":"pl-PL","@id":"https:\/\/secure.gravatar.com\/avatar\/e40200dd69d1dc87a1ec24cf10423bb23d5e71333e5a5c3367457b193bf803f8?s=96&d=mm&r=g","url":"https:\/\/secure.gravatar.com\/avatar\/e40200dd69d1dc87a1ec24cf10423bb23d5e71333e5a5c3367457b193bf803f8?s=96&d=mm&r=g","contentUrl":"https:\/\/secure.gravatar.com\/avatar\/e40200dd69d1dc87a1ec24cf10423bb23d5e71333e5a5c3367457b193bf803f8?s=96&d=mm&r=g","caption":"admin"},"sameAs":["https:\/\/www.samoobronapoznan.pl"],"url":"https:\/\/www.samoobronapoznan.pl\/?author=1"}]}},"_links":{"self":[{"href":"https:\/\/www.samoobronapoznan.pl\/index.php?rest_route=\/wp\/v2\/posts\/2502","targetHints":{"allow":["GET"]}}],"collection":[{"href":"https:\/\/www.samoobronapoznan.pl\/index.php?rest_route=\/wp\/v2\/posts"}],"about":[{"href":"https:\/\/www.samoobronapoznan.pl\/index.php?rest_route=\/wp\/v2\/types\/post"}],"author":[{"embeddable":true,"href":"https:\/\/www.samoobronapoznan.pl\/index.php?rest_route=\/wp\/v2\/users\/1"}],"replies":[{"embeddable":true,"href":"https:\/\/www.samoobronapoznan.pl\/index.php?rest_route=%2Fwp%2Fv2%2Fcomments&post=2502"}],"version-history":[{"count":1,"href":"https:\/\/www.samoobronapoznan.pl\/index.php?rest_route=\/wp\/v2\/posts\/2502\/revisions"}],"predecessor-version":[{"id":2503,"href":"https:\/\/www.samoobronapoznan.pl\/index.php?rest_route=\/wp\/v2\/posts\/2502\/revisions\/2503"}],"wp:attachment":[{"href":"https:\/\/www.samoobronapoznan.pl\/index.php?rest_route=%2Fwp%2Fv2%2Fmedia&parent=2502"}],"wp:term":[{"taxonomy":"category","embeddable":true,"href":"https:\/\/www.samoobronapoznan.pl\/index.php?rest_route=%2Fwp%2Fv2%2Fcategories&post=2502"},{"taxonomy":"post_tag","embeddable":true,"href":"https:\/\/www.samoobronapoznan.pl\/index.php?rest_route=%2Fwp%2Fv2%2Ftags&post=2502"}],"curies":[{"name":"wp","href":"https:\/\/api.w.org\/{rel}","templated":true}]}}