{"id":2506,"date":"2026-07-25T19:20:42","date_gmt":"2026-07-25T19:20:42","guid":{"rendered":"https:\/\/www.samoobronapoznan.pl\/?p=2506"},"modified":"2026-07-25T19:20:43","modified_gmt":"2026-07-25T19:20:43","slug":"warsztaty-samoobrony-event-firmowy-poznan","status":"publish","type":"post","link":"https:\/\/www.samoobronapoznan.pl\/?p=2506","title":{"rendered":"Jak zaplanowa\u0107 warsztaty samoobrony na event firmowy w Poznaniu?"},"content":{"rendered":"\n\n<article>\n\n<h1>Jak zaplanowa\u0107 warsztaty samoobrony na event firmowy w Poznaniu?<\/h1>\n\n<p>Organizacja wydarzenia firmowego zwykle zaczyna si\u0119 od podobnych pyta\u0144: jak zaanga\u017cowa\u0107 pracownik\u00f3w, ile czasu przeznaczy\u0107 na atrakcj\u0119, jakiej przestrzeni potrzebujemy i czy wybrana aktywno\u015b\u0107 b\u0119dzie odpowiednia dla ca\u0142ego zespo\u0142u?<\/p>\n\n<p><strong>Warsztaty samoobrony na event firmowy w Poznaniu<\/strong> mog\u0105 po\u0142\u0105czy\u0107 integracj\u0119, aktywno\u015b\u0107 i zdobywanie praktycznych umiej\u0119tno\u015bci. Aby jednak wydarzenie dobrze spe\u0142ni\u0142o swoj\u0105 funkcj\u0119, program powinien zosta\u0107 dopasowany do uczestnik\u00f3w, miejsca, dost\u0119pnego czasu oraz celu organizatora.<\/p>\n\n<p>Poni\u017cej przedstawiamy praktyczny przewodnik dla dzia\u0142\u00f3w HR, BHP, administracji, agencji eventowych oraz os\u00f3b odpowiedzialnych za organizacj\u0119 firmowych spotka\u0144.<\/p>\n\n<figure style=\"margin:30px 0;\">\n    <img\n        src=\"https:\/\/www.samoobronapoznan.pl\/wp-content\/uploads\/2026\/01\/eventy_dla_firm2.jpg\"\n        alt=\"Warsztaty samoobrony na event firmowy w Poznaniu \u2013 praktyczne \u0107wiczenia dla pracownik\u00f3w\"\n        title=\"Warsztaty samoobrony na event firmowy w Poznaniu\"\n        loading=\"lazy\"\n        decoding=\"async\"\n        style=\"display:block; max-width:100%; height:auto; margin:0 auto;\"\n    >\n    <figcaption style=\"margin-top:8px; text-align:center;\">\n        Warsztaty samoobrony mog\u0105 by\u0107 samodzielnym wydarzeniem lub jednym z modu\u0142\u00f3w wi\u0119kszego eventu firmowego.\n    <\/figcaption>\n<\/figure>\n\n<h2>Najpierw okre\u015bl cel firmowego wydarzenia<\/h2>\n\n<p>Ten sam rodzaj zaj\u0119\u0107 mo\u017ce pe\u0142ni\u0107 r\u00f3\u017cne funkcje. Dla jednej firmy b\u0119dzie to lekka i aktywna atrakcja integracyjna, dla innej element dnia BHP, a dla kolejnej praktyczne szkolenie dotycz\u0105ce bezpiecze\u0144stwa pracownik\u00f3w.<\/p>\n\n<p>Przed przygotowaniem programu warto odpowiedzie\u0107 na podstawowe pytanie: jaki ma by\u0107 najwa\u017cniejszy rezultat wydarzenia?<\/p>\n\n<ul>\n    <li><strong>Integracja zespo\u0142u<\/strong> \u2013 wsp\u00f3lna aktywno\u015b\u0107, \u0107wiczenia w parach i lekkie zadania scenariuszowe.<\/li>\n    <li><strong>Praktyczna edukacja<\/strong> \u2013 nauka rozpoznawania zagro\u017ce\u0144, zachowania dystansu i prostych reakcji obronnych.<\/li>\n    <li><strong>Dzie\u0144 bezpiecze\u0144stwa lub BHP<\/strong> \u2013 samoobrona po\u0142\u0105czona z pierwsz\u0105 pomoc\u0105, deeskalacj\u0105 albo innymi stanowiskami.<\/li>\n    <li><strong>Wellbeing pracownik\u00f3w<\/strong> \u2013 pewno\u015b\u0107 siebie, granice, bezpiecze\u0144stwo osobiste i radzenie sobie ze stresem.<\/li>\n    <li><strong>Wydarzenie dla kobiet<\/strong> \u2013 bezpiecze\u0144stwo w przestrzeni publicznej, natarczywe zachowania i bezpieczny powr\u00f3t do domu.<\/li>\n    <li><strong>Teambuilding<\/strong> \u2013 zadania wymagaj\u0105ce wsp\u00f3\u0142pracy, komunikacji i podejmowania decyzji.<\/li>\n<\/ul>\n\n<p>Jasno okre\u015blony cel pozwala dobra\u0107 odpowiedni czas, poziom intensywno\u015bci i charakter \u0107wicze\u0144. Dzi\u0119ki temu warsztaty nie staj\u0105 si\u0119 przypadkow\u0105 atrakcj\u0105 oderwan\u0105 od pozosta\u0142ej cz\u0119\u015bci wydarzenia.<\/p>\n\n<h2>Ile powinny trwa\u0107 warsztaty samoobrony dla firmy?<\/h2>\n\n<p>Program mo\u017cna dopasowa\u0107 zar\u00f3wno do kr\u00f3tkiego spotkania integracyjnego, jak i wi\u0119kszego wydarzenia dla ca\u0142ej firmy.<\/p>\n\n<div style=\"overflow-x:auto; margin:25px 0;\">\n<table style=\"width:100%; border-collapse:collapse;\">\n    <thead>\n        <tr>\n            <th style=\"border:1px solid #cccccc; padding:10px; text-align:left;\">Czas<\/th>\n            <th style=\"border:1px solid #cccccc; padding:10px; text-align:left;\">Rekomendowana forma<\/th>\n            <th style=\"border:1px solid #cccccc; padding:10px; text-align:left;\">Zastosowanie<\/th>\n        <\/tr>\n    <\/thead>\n    <tbody>\n        <tr>\n            <td style=\"border:1px solid #cccccc; padding:10px;\"><strong>30\u201345 minut<\/strong><\/td>\n            <td style=\"border:1px solid #cccccc; padding:10px;\">Pokaz po\u0142\u0105czony z kr\u00f3tkim \u0107wiczeniem<\/td>\n            <td style=\"border:1px solid #cccccc; padding:10px;\">Du\u017cy event, piknik lub konferencja<\/td>\n        <\/tr>\n        <tr>\n            <td style=\"border:1px solid #cccccc; padding:10px;\"><strong>60\u201390 minut<\/strong><\/td>\n            <td style=\"border:1px solid #cccccc; padding:10px;\">Dynamiczny modu\u0142 praktyczny<\/td>\n            <td style=\"border:1px solid #cccccc; padding:10px;\">Atrakcja na event firmowy<\/td>\n        <\/tr>\n        <tr>\n            <td style=\"border:1px solid #cccccc; padding:10px;\"><strong>2\u20133 godziny<\/strong><\/td>\n            <td style=\"border:1px solid #cccccc; padding:10px;\">Rozbudowane warsztaty<\/td>\n            <td style=\"border:1px solid #cccccc; padding:10px;\">Integracja, wellbeing lub szkolenie pracownik\u00f3w<\/td>\n        <\/tr>\n        <tr>\n            <td style=\"border:1px solid #cccccc; padding:10px;\"><strong>4\u20136 godzin<\/strong><\/td>\n            <td style=\"border:1px solid #cccccc; padding:10px;\">Kilka modu\u0142\u00f3w i \u0107wiczenia scenariuszowe<\/td>\n            <td style=\"border:1px solid #cccccc; padding:10px;\">Szkolenie bezpiecze\u0144stwa albo dzie\u0144 BHP<\/td>\n        <\/tr>\n        <tr>\n            <td style=\"border:1px solid #cccccc; padding:10px;\"><strong>Ca\u0142y dzie\u0144<\/strong><\/td>\n            <td style=\"border:1px solid #cccccc; padding:10px;\">Stacje rotacyjne<\/td>\n            <td style=\"border:1px solid #cccccc; padding:10px;\">Du\u017ce wydarzenie dla wielu pracownik\u00f3w<\/td>\n        <\/tr>\n    <\/tbody>\n<\/table>\n<\/div>\n\n<p>Kr\u00f3tki modu\u0142 powinien skupia\u0107 si\u0119 na kilku anga\u017cuj\u0105cych \u0107wiczeniach. Przy d\u0142u\u017cszym czasie mo\u017cna dok\u0142adniej om\u00f3wi\u0107 profilaktyk\u0119, komunikacj\u0119, techniki obronne i zachowanie w r\u00f3\u017cnych sytuacjach zagro\u017cenia.<\/p>\n\n<h2>Jakie informacje powinny znale\u017a\u0107 si\u0119 w briefie?<\/h2>\n\n<p>Aby prowadz\u0105cy m\u00f3g\u0142 zaproponowa\u0107 odpowiedni program, organizator powinien przekaza\u0107 kilka podstawowych informacji. Nie trzeba od razu przygotowywa\u0107 rozbudowanego dokumentu. Wystarczy kr\u00f3tki brief zawieraj\u0105cy:<\/p>\n\n<ul>\n    <li>planowan\u0105 dat\u0119 wydarzenia,<\/li>\n    <li>miasto i dok\u0142adn\u0105 lokalizacj\u0119,<\/li>\n    <li>przewidywan\u0105 liczb\u0119 uczestnik\u00f3w,<\/li>\n    <li>czas dost\u0119pny na warsztaty,<\/li>\n    <li>charakter grupy,<\/li>\n    <li>g\u0142\u00f3wny cel wydarzenia,<\/li>\n    <li>informacj\u0119, czy zaj\u0119cia odb\u0119d\u0105 si\u0119 w sali czy w plenerze,<\/li>\n    <li>dost\u0119pn\u0105 powierzchni\u0119,<\/li>\n    <li>preferowany j\u0119zyk prowadzenia,<\/li>\n    <li>inne atrakcje zaplanowane tego samego dnia.<\/li>\n<\/ul>\n\n<p>Warto r\u00f3wnie\u017c napisa\u0107, czy ma to by\u0107 lekka integracja, praktyczne szkolenie, cz\u0119\u015b\u0107 konferencji, Dzie\u0144 Kobiet, dzie\u0144 bezpiecze\u0144stwa czy wydarzenie zwi\u0105zane z wellbeingiem.<\/p>\n\n<p>Na podstawie takich informacji mo\u017cna dobra\u0107 liczb\u0119 instruktor\u00f3w, zaplanowa\u0107 podzia\u0142 grupy oraz zaproponowa\u0107 optymalny wariant czasowy.<\/p>\n\n<h2>Ilu uczestnik\u00f3w mo\u017ce wzi\u0105\u0107 udzia\u0142?<\/h2>\n\n<p>Warsztaty mo\u017cna zorganizowa\u0107 zar\u00f3wno dla ma\u0142ego zespo\u0142u, jak i dla wi\u0119kszej liczby pracownik\u00f3w. R\u00f3\u017cnica polega przede wszystkim na sposobie prowadzenia wydarzenia.<\/p>\n\n<p>W niewielkiej grupie wszyscy mog\u0105 przez wi\u0119kszo\u015b\u0107 czasu \u0107wiczy\u0107 wsp\u00f3lnie. Przy wi\u0119kszej liczbie os\u00f3b mo\u017cna zastosowa\u0107:<\/p>\n\n<ul>\n    <li>podzia\u0142 na mniejsze grupy,<\/li>\n    <li>kilka tur tego samego warsztatu,<\/li>\n    <li>r\u00f3wnoleg\u0142e stanowiska tematyczne,<\/li>\n    <li>rotacj\u0119 uczestnik\u00f3w pomi\u0119dzy modu\u0142ami,<\/li>\n    <li>po\u0142\u0105czenie pokazu z wybranymi \u0107wiczeniami praktycznymi.<\/li>\n<\/ul>\n\n<p>W przypadku du\u017cego eventu samoobrona mo\u017ce by\u0107 jednym ze stanowisk obok pierwszej pomocy, ASG, \u0107wicze\u0144 z wykorzystaniem gazu treningowego albo zada\u0144 teambuildingowych.<\/p>\n\n<p>Przyk\u0142adowe modu\u0142y i mo\u017cliwo\u015bci organizacyjne przedstawia strona \n<a href=\"https:\/\/www.samoobronapoznan.pl\/dla-firm\/index.php\" title=\"Eventy firmowe i warsztaty bezpiecze\u0144stwa\"><strong>event\u00f3w firmowych i szkole\u0144 bezpiecze\u0144stwa WCSiB<\/strong><\/a>.\n<\/p>\n\n<h2>Jakiej przestrzeni potrzebuj\u0105 warsztaty?<\/h2>\n\n<p>Zaj\u0119cia mog\u0105 odby\u0107 si\u0119 w siedzibie firmy, sali konferencyjnej, hali, przestrzeni eventowej, hotelu albo w plenerze. Nie zawsze potrzebna jest profesjonalna sala sportowa.<\/p>\n\n<p>Najwa\u017cniejsze jest zapewnienie uczestnikom przestrzeni umo\u017cliwiaj\u0105cej swobodne poruszanie si\u0119 i bezpieczne wykonywanie \u0107wicze\u0144. Z miejsca nale\u017cy usun\u0105\u0107 krzes\u0142a, sto\u0142y, przewody, szklane elementy i inne przedmioty, kt\u00f3re mog\u0142yby przeszkadza\u0107 podczas zaj\u0119\u0107.<\/p>\n\n<p>Przy wyborze lokalizacji warto uwzgl\u0119dni\u0107:<\/p>\n\n<ul>\n    <li>powierzchni\u0119 dostosowan\u0105 do liczby uczestnik\u00f3w,<\/li>\n    <li>r\u00f3wn\u0105 i bezpieczn\u0105 pod\u0142og\u0119,<\/li>\n    <li>mo\u017cliwo\u015b\u0107 przesuni\u0119cia mebli,<\/li>\n    <li>dost\u0119p do wody i zaplecza sanitarnego,<\/li>\n    <li>miejsce na sprz\u0119t instruktor\u00f3w,<\/li>\n    <li>ochron\u0119 przed deszczem w przypadku wydarzenia plenerowego.<\/li>\n<\/ul>\n\n<p>Je\u017celi dost\u0119pna przestrze\u0144 jest niewielka, program mo\u017ce zosta\u0107 oparty na komunikacji, dystansie, pracy g\u0142osem, obserwacji otoczenia i prostych \u0107wiczeniach niewymagaj\u0105cych du\u017cej powierzchni.<\/p>\n\n<h2>Jak uczestnicy powinni si\u0119 ubra\u0107?<\/h2>\n\n<p>Najwygodniejszym rozwi\u0105zaniem jest lu\u017any str\u00f3j sportowy oraz obuwie odpowiednie do miejsca wydarzenia. Nie zawsze jednak firma chce, aby pracownicy przebierali si\u0119 podczas konferencji albo spotkania integracyjnego.<\/p>\n\n<p>Program mo\u017cna dostosowa\u0107 tak\u017ce do os\u00f3b ubranych w codzienny str\u00f3j. W takim przypadku wybiera si\u0119 \u0107wiczenia, kt\u00f3re mo\u017cna bezpiecznie wykona\u0107 bez intensywnego wysi\u0142ku, kl\u0119kania lub kontaktu z pod\u0142o\u017cem.<\/p>\n\n<p>W komunikacie przed wydarzeniem warto poinformowa\u0107 pracownik\u00f3w, \u017ce:<\/p>\n\n<ul>\n    <li>nie musz\u0105 mie\u0107 do\u015bwiadczenia w sportach walki,<\/li>\n    <li>nie b\u0119d\u0105 oceniani pod wzgl\u0119dem kondycji,<\/li>\n    <li>zaj\u0119cia nie maj\u0105 formy zawod\u00f3w,<\/li>\n    <li>intensywno\u015b\u0107 \u0107wicze\u0144 zostanie dostosowana do grupy,<\/li>\n    <li>wygodny str\u00f3j u\u0142atwi aktywny udzia\u0142.<\/li>\n<\/ul>\n\n<h2>Co mo\u017ce obejmowa\u0107 program?<\/h2>\n\n<p>Zakres warsztat\u00f3w zale\u017cy od celu wydarzenia, bran\u017cy i czasu. Przyk\u0142adowy program mo\u017ce obejmowa\u0107:<\/p>\n\n<ul>\n    <li>rozpoznawanie niepokoj\u0105cych zachowa\u0144,<\/li>\n    <li>\u015bwiadomo\u015b\u0107 otoczenia,<\/li>\n    <li>utrzymywanie bezpiecznego dystansu,<\/li>\n    <li>stawianie granic g\u0142osem i postaw\u0105,<\/li>\n    <li>reakcje na natarczywe zachowanie,<\/li>\n    <li>unikanie niepotrzebnej eskalacji,<\/li>\n    <li>proste uwolnienia z chwyt\u00f3w,<\/li>\n    <li>ochron\u0119 g\u0142owy i najwa\u017cniejszych cz\u0119\u015bci cia\u0142a,<\/li>\n    <li>wykorzystanie przedmiot\u00f3w codziennego u\u017cytku,<\/li>\n    <li>bezpieczne wycofanie si\u0119 z zagro\u017conego miejsca,<\/li>\n    <li>kr\u00f3tkie \u0107wiczenia scenariuszowe.<\/li>\n<\/ul>\n\n<p>Program dla pracownik\u00f3w biurowych mo\u017ce dotyczy\u0107 bezpiecze\u0144stwa w drodze do pracy i podczas powrotu do domu. Dla zespo\u0142\u00f3w terenowych wi\u0119ksze znaczenie mog\u0105 mie\u0107 ocena otoczenia, zachowanie podczas trudnej wizyty i bezpieczne opuszczenie miejsca spotkania.<\/p>\n\n<h2>Warsztaty dla kobiet czy ca\u0142ego zespo\u0142u?<\/h2>\n\n<p>Warsztaty mog\u0105 zosta\u0107 przygotowane zar\u00f3wno dla grup mieszanych, jak i wy\u0142\u0105cznie dla kobiet. Nie ma jednego wariantu w\u0142a\u015bciwego dla ka\u017cdej firmy.<\/p>\n\n<p>Podczas wydarzenia dla kobiet mo\u017cna mocniej skoncentrowa\u0107 si\u0119 na natarczywym zachowaniu, bezpiecze\u0144stwie w przestrzeni publicznej, powrocie po zmroku, ochronie granic i reagowaniu na pr\u00f3b\u0119 przytrzymania.<\/p>\n\n<p>W grupie mieszanej dobrze sprawdzaj\u0105 si\u0119 uniwersalne zagadnienia: komunikacja, dystans, obserwacja otoczenia, proste reakcje obronne oraz wsp\u00f3\u0142praca w sytuacji stresowej.<\/p>\n\n<p>Wi\u0119cej o tym, jak taka aktywno\u015b\u0107 mo\u017ce dzia\u0142a\u0107 jako element wydarzenia, przeczytasz w artykule \n<a href=\"https:\/\/www.samoobronapoznan.pl\/?p=2428\" title=\"Bezpieczny event firmowy \u2013 warsztaty bezpiecze\u0144stwa\"><strong>bezpieczny event firmowy \u2013 warsztaty bezpiecze\u0144stwa dla pracownik\u00f3w<\/strong><\/a>.\n<\/p>\n\n<h2>Nietypowy wariant: samoobrona w pozna\u0144skim tramwaju<\/h2>\n\n<p>Firma, kt\u00f3ra szuka naprawd\u0119 nietypowej integracji, mo\u017ce wybra\u0107 warsztaty realizowane w przestrzeni komunikacji miejskiej. Trening w tramwaju pozwala pracowa\u0107 z ograniczonym miejscem, siedzeniami, przej\u015bciami i sytuacjami przypominaj\u0105cymi codzienne przejazdy.<\/p>\n\n<p>To propozycja dla zespo\u0142\u00f3w, kt\u00f3re zamiast kolejnego standardowego spotkania w sali chc\u0105 otrzyma\u0107 aktywne i zapami\u0119tywalne do\u015bwiadczenie.<\/p>\n\n<p>Szczeg\u00f3\u0142y tego formatu opisujemy w artykule \n<a href=\"https:\/\/www.samoobronapoznan.pl\/?p=2300\" title=\"Pomys\u0142 na event firmowy w Poznaniu \u2013 samoobrona w tramwaju\"><strong>pomys\u0142 na event firmowy w Poznaniu: trening samoobrony w tramwaju<\/strong><\/a>.\n<\/p>\n\n<h2>Jak zakomunikowa\u0107 warsztaty pracownikom?<\/h2>\n\n<p>Spos\u00f3b przedstawienia wydarzenia ma du\u017cy wp\u0142yw na zainteresowanie zespo\u0142u. Has\u0142o \u201etrening walki\u201d mo\u017ce wzbudzi\u0107 obaw\u0119 u os\u00f3b, kt\u00f3re nie trenuj\u0105 sportu albo nie czuj\u0105 si\u0119 komfortowo podczas rywalizacji.<\/p>\n\n<p>W zaproszeniu lepiej podkre\u015bli\u0107, \u017ce b\u0119d\u0105 to praktyczne i dost\u0119pne warsztaty bezpiecze\u0144stwa osobistego. Warto zaznaczy\u0107, \u017ce:<\/p>\n\n<ul>\n    <li>nie jest wymagana wysoka kondycja,<\/li>\n    <li>\u0107wiczenia zostan\u0105 dostosowane do uczestnik\u00f3w,<\/li>\n    <li>najwa\u017cniejsze s\u0105 profilaktyka i bezpieczne decyzje,<\/li>\n    <li>celem nie jest zach\u0119canie do konfrontacji,<\/li>\n    <li>zaj\u0119cia \u0142\u0105cz\u0105 nauk\u0119 ze wsp\u00f3ln\u0105 aktywno\u015bci\u0105.<\/li>\n<\/ul>\n\n<p>Taki opis zmniejsza op\u00f3r i pokazuje, \u017ce wydarzenie zosta\u0142o przygotowane dla ca\u0142ego zespo\u0142u, a nie wy\u0142\u0105cznie dla os\u00f3b zainteresowanych sportami walki.<\/p>\n\n<h2>Checklista organizatora eventu<\/h2>\n\n<p>Przed potwierdzeniem warsztat\u00f3w warto sprawdzi\u0107:<\/p>\n\n<ul>\n    <li>czy ustalono cel i charakter wydarzenia,<\/li>\n    <li>czy znana jest przewidywana liczba uczestnik\u00f3w,<\/li>\n    <li>czy program zosta\u0142 dopasowany do czasu,<\/li>\n    <li>czy sala zapewnia odpowiedni\u0105 przestrze\u0144,<\/li>\n    <li>czy pracownicy otrzymali informacj\u0119 o stroju,<\/li>\n    <li>czy organizator przekaza\u0142 informacje o ograniczeniach grupy,<\/li>\n    <li>czy uwzgl\u0119dniono czas na wej\u015bcie, instrukta\u017c i zako\u0144czenie,<\/li>\n    <li>czy warsztaty pasuj\u0105 do pozosta\u0142ych punkt\u00f3w wydarzenia,<\/li>\n    <li>czy ustalono j\u0119zyk prowadzenia zaj\u0119\u0107,<\/li>\n    <li>czy wyznaczono osob\u0119 kontaktow\u0105 na miejscu.<\/li>\n<\/ul>\n\n<h2>Warsztaty na event firmowy w Poznaniu \u2013 popro\u015b o propozycj\u0119 programu<\/h2>\n\n<p>Wielkopolskie Centrum Samoobrony i Bezpiecze\u0144stwa przygotowuje warsztaty na podstawie celu wydarzenia, liczby uczestnik\u00f3w, dost\u0119pnego czasu oraz warunk\u00f3w lokalowych. Zaj\u0119cia mog\u0105 by\u0107 kr\u00f3tk\u0105 atrakcj\u0105, samodzielnym szkoleniem albo cz\u0119\u015bci\u0105 wi\u0119kszego dnia bezpiecze\u0144stwa.<\/p>\n\n<p>Mo\u017cliwe jest prowadzenie zaj\u0119\u0107 w j\u0119zyku polskim, angielskim, niemieckim lub hiszpa\u0144skim, dzi\u0119ki czemu w wydarzeniu mog\u0105 uczestniczy\u0107 r\u00f3wnie\u017c zespo\u0142y mi\u0119dzynarodowe.<\/p>\n\n<p style=\"margin:25px 0; text-align:center;\">\n    <a\n        href=\"https:\/\/www.samoobronapoznan.pl\/dla-firm\/index.php#kontakt\"\n        title=\"Warsztaty samoobrony na event firmowy w Poznaniu \u2013 popro\u015b o ofert\u0119\"\n        style=\"display:inline-block; padding:14px 24px; background-color:#d71920; color:#ffffff; text-decoration:none; font-weight:bold; border-radius:4px;\"\n    >\n        Wy\u015blij brief i popro\u015b o propozycj\u0119 eventu\n    <\/a>\n<\/p>\n\n<p>Je\u017celi szukasz <strong>atrakcji na event firmowy w Poznaniu<\/strong>, kt\u00f3ra anga\u017cuje uczestnik\u00f3w i jednocze\u015bnie przekazuje praktyczn\u0105 wiedz\u0119, warsztaty samoobrony mog\u0105 zosta\u0107 dopasowane do niemal ka\u017cdego formatu wydarzenia. Najwa\u017cniejsze jest wcze\u015bniejsze okre\u015blenie celu i przekazanie kr\u00f3tkiego briefu \u2013 reszt\u0119 programu mo\u017cna zbudowa\u0107 wok\u00f3\u0142 potrzeb konkretnego zespo\u0142u.<\/p>\n\n<\/article>\n\n\n","protected":false},"excerpt":{"rendered":"<p>Jak zaplanowa\u0107 warsztaty samoobrony na event firmowy w Poznaniu? Organizacja wydarzenia firmowego zwykle zaczyna si\u0119 od podobnych pyta\u0144: jak zaanga\u017cowa\u0107 pracownik\u00f3w, ile czasu przeznaczy\u0107 na atrakcj\u0119, jakiej przestrzeni potrzebujemy i czy wybrana aktywno\u015b\u0107 b\u0119dzie odpowiednia dla ca\u0142ego zespo\u0142u? Warsztaty samoobrony na event firmowy w Poznaniu mog\u0105 po\u0142\u0105czy\u0107 integracj\u0119, aktywno\u015b\u0107 i zdobywanie praktycznych umiej\u0119tno\u015bci. Aby jednak wydarzenie dobrze spe\u0142ni\u0142o swoj\u0105 funkcj\u0119, program powinien zosta\u0107 dopasowany do uczestnik\u00f3w, miejsca, dost\u0119pnego czasu oraz celu organizatora. Poni\u017cej przedstawiamy praktyczny przewodnik dla dzia\u0142\u00f3w HR, BHP, administracji, agencji eventowych oraz os\u00f3b odpowiedzialnych za organizacj\u0119 firmowych spotka\u0144. Warsztaty samoobrony mog\u0105 by\u0107 samodzielnym wydarzeniem lub jednym z modu\u0142\u00f3w&#8230; <\/p>\n","protected":false},"author":1,"featured_media":0,"comment_status":"open","ping_status":"open","sticky":false,"template":"","format":"standard","meta":{"ngg_post_thumbnail":0,"footnotes":""},"categories":[32],"tags":[],"class_list":["post-2506","post","type-post","status-publish","format-standard","hentry","category-bez-kategorii-pl"],"yoast_head":"<!-- This site is optimized with the Yoast SEO Premium plugin v26.6 (Yoast SEO v28.3) - https:\/\/yoast.com\/product\/yoast-seo-premium-wordpress\/ -->\n<title>Warsztaty samoobrony na event firmowy w Poznaniu<\/title>\n<meta name=\"description\" content=\"Jak zaplanowa\u0107 warsztaty samoobrony na event firmowy w Poznaniu? Warsztaty na event firmowy Pozna\u0144 - Event firmowy Pozna\u0144\" \/>\n<meta name=\"robots\" content=\"index, follow, max-snippet:-1, max-image-preview:large, max-video-preview:-1\" \/>\n<link rel=\"canonical\" href=\"https:\/\/www.samoobronapoznan.pl\/?p=2506\" \/>\n<meta property=\"og:locale\" content=\"pl_PL\" \/>\n<meta property=\"og:type\" content=\"article\" \/>\n<meta property=\"og:title\" content=\"Jak zaplanowa\u0107 warsztaty samoobrony na event firmowy w Poznaniu?\" \/>\n<meta property=\"og:description\" content=\"Jak zaplanowa\u0107 warsztaty samoobrony na event firmowy w Poznaniu? Warsztaty na event firmowy Pozna\u0144 - Event firmowy Pozna\u0144\" \/>\n<meta property=\"og:url\" content=\"https:\/\/www.samoobronapoznan.pl\/?p=2506\" \/>\n<meta property=\"og:site_name\" content=\"Samoobrona Pozna\u0144\" \/>\n<meta property=\"article:publisher\" content=\"https:\/\/facebook.com\/samoobronapoznan\" \/>\n<meta property=\"article:published_time\" content=\"2026-07-25T19:20:42+00:00\" \/>\n<meta property=\"article:modified_time\" content=\"2026-07-25T19:20:43+00:00\" \/>\n<meta name=\"author\" content=\"admin\" \/>\n<meta name=\"twitter:card\" content=\"summary_large_image\" \/>\n<meta name=\"twitter:label1\" content=\"Napisane przez\" \/>\n\t<meta name=\"twitter:data1\" content=\"admin\" \/>\n\t<meta name=\"twitter:label2\" content=\"Szacowany czas czytania\" \/>\n\t<meta name=\"twitter:data2\" content=\"9 minut\" \/>\n<script type=\"application\/ld+json\" class=\"yoast-schema-graph\">{\"@context\":\"https:\\\/\\\/schema.org\",\"@graph\":[{\"@type\":\"Article\",\"@id\":\"https:\\\/\\\/www.samoobronapoznan.pl\\\/?p=2506#article\",\"isPartOf\":{\"@id\":\"https:\\\/\\\/www.samoobronapoznan.pl\\\/?p=2506\"},\"author\":{\"name\":\"admin\",\"@id\":\"https:\\\/\\\/www.samoobronapoznan.pl\\\/#\\\/schema\\\/person\\\/4295d11d32ead72538b58864473ec48a\"},\"headline\":\"Jak zaplanowa\u0107 warsztaty samoobrony na event firmowy w Poznaniu?\",\"datePublished\":\"2026-07-25T19:20:42+00:00\",\"dateModified\":\"2026-07-25T19:20:43+00:00\",\"mainEntityOfPage\":{\"@id\":\"https:\\\/\\\/www.samoobronapoznan.pl\\\/?p=2506\"},\"wordCount\":1567,\"commentCount\":0,\"publisher\":{\"@id\":\"https:\\\/\\\/www.samoobronapoznan.pl\\\/#organization\"},\"inLanguage\":\"pl-PL\",\"potentialAction\":[{\"@type\":\"CommentAction\",\"name\":\"Comment\",\"target\":[\"https:\\\/\\\/www.samoobronapoznan.pl\\\/?p=2506#respond\"]}]},{\"@type\":\"WebPage\",\"@id\":\"https:\\\/\\\/www.samoobronapoznan.pl\\\/?p=2506\",\"url\":\"https:\\\/\\\/www.samoobronapoznan.pl\\\/?p=2506\",\"name\":\"Warsztaty samoobrony na event firmowy w Poznaniu\",\"isPartOf\":{\"@id\":\"https:\\\/\\\/www.samoobronapoznan.pl\\\/#website\"},\"datePublished\":\"2026-07-25T19:20:42+00:00\",\"dateModified\":\"2026-07-25T19:20:43+00:00\",\"description\":\"Jak zaplanowa\u0107 warsztaty samoobrony na event firmowy w Poznaniu? Warsztaty na event firmowy Pozna\u0144 - Event firmowy Pozna\u0144\",\"breadcrumb\":{\"@id\":\"https:\\\/\\\/www.samoobronapoznan.pl\\\/?p=2506#breadcrumb\"},\"inLanguage\":\"pl-PL\",\"potentialAction\":[{\"@type\":\"ReadAction\",\"target\":[\"https:\\\/\\\/www.samoobronapoznan.pl\\\/?p=2506\"]}]},{\"@type\":\"BreadcrumbList\",\"@id\":\"https:\\\/\\\/www.samoobronapoznan.pl\\\/?p=2506#breadcrumb\",\"itemListElement\":[{\"@type\":\"ListItem\",\"position\":1,\"name\":\"Strona g\u0142\u00f3wna\",\"item\":\"https:\\\/\\\/www.samoobronapoznan.pl\\\/\"},{\"@type\":\"ListItem\",\"position\":2,\"name\":\"Jak zaplanowa\u0107 warsztaty samoobrony na event firmowy w Poznaniu?\"}]},{\"@type\":\"WebSite\",\"@id\":\"https:\\\/\\\/www.samoobronapoznan.pl\\\/#website\",\"url\":\"https:\\\/\\\/www.samoobronapoznan.pl\\\/\",\"name\":\"Samoobrona Pozna\u0144\",\"description\":\"Wielkopolskie Centrum Samoobrony i Bezpiecze\u0144stwa\",\"publisher\":{\"@id\":\"https:\\\/\\\/www.samoobronapoznan.pl\\\/#organization\"},\"potentialAction\":[{\"@type\":\"SearchAction\",\"target\":{\"@type\":\"EntryPoint\",\"urlTemplate\":\"https:\\\/\\\/www.samoobronapoznan.pl\\\/?s={search_term_string}\"},\"query-input\":{\"@type\":\"PropertyValueSpecification\",\"valueRequired\":true,\"valueName\":\"search_term_string\"}}],\"inLanguage\":\"pl-PL\"},{\"@type\":\"Organization\",\"@id\":\"https:\\\/\\\/www.samoobronapoznan.pl\\\/#organization\",\"name\":\"Wielkopolskie Centrum Samoobrony i Bezpiecze\u0144stwa Pozna\u0144\",\"url\":\"https:\\\/\\\/www.samoobronapoznan.pl\\\/\",\"logo\":{\"@type\":\"ImageObject\",\"inLanguage\":\"pl-PL\",\"@id\":\"https:\\\/\\\/www.samoobronapoznan.pl\\\/#\\\/schema\\\/logo\\\/image\\\/\",\"url\":\"https:\\\/\\\/www.samoobronapoznan.pl\\\/wp-content\\\/uploads\\\/2022\\\/09\\\/WCSIB.jpg\",\"contentUrl\":\"https:\\\/\\\/www.samoobronapoznan.pl\\\/wp-content\\\/uploads\\\/2022\\\/09\\\/WCSIB.jpg\",\"width\":960,\"height\":956,\"caption\":\"Wielkopolskie Centrum Samoobrony i Bezpiecze\u0144stwa Pozna\u0144\"},\"image\":{\"@id\":\"https:\\\/\\\/www.samoobronapoznan.pl\\\/#\\\/schema\\\/logo\\\/image\\\/\"},\"sameAs\":[\"https:\\\/\\\/facebook.com\\\/samoobronapoznan\",\"https:\\\/\\\/www.instagram.com\\\/wcsib_poznan\"],\"email\":\"kontakt@samoobronapoznan.pl\",\"telephone\":\"+48 727 907 468\"},{\"@type\":\"Person\",\"@id\":\"https:\\\/\\\/www.samoobronapoznan.pl\\\/#\\\/schema\\\/person\\\/4295d11d32ead72538b58864473ec48a\",\"name\":\"admin\",\"image\":{\"@type\":\"ImageObject\",\"inLanguage\":\"pl-PL\",\"@id\":\"https:\\\/\\\/secure.gravatar.com\\\/avatar\\\/e40200dd69d1dc87a1ec24cf10423bb23d5e71333e5a5c3367457b193bf803f8?s=96&d=mm&r=g\",\"url\":\"https:\\\/\\\/secure.gravatar.com\\\/avatar\\\/e40200dd69d1dc87a1ec24cf10423bb23d5e71333e5a5c3367457b193bf803f8?s=96&d=mm&r=g\",\"contentUrl\":\"https:\\\/\\\/secure.gravatar.com\\\/avatar\\\/e40200dd69d1dc87a1ec24cf10423bb23d5e71333e5a5c3367457b193bf803f8?s=96&d=mm&r=g\",\"caption\":\"admin\"},\"sameAs\":[\"https:\\\/\\\/www.samoobronapoznan.pl\"],\"url\":\"https:\\\/\\\/www.samoobronapoznan.pl\\\/?author=1\"}]}<\/script>\n<!-- \/ Yoast SEO Premium plugin. -->","yoast_head_json":{"title":"Warsztaty samoobrony na event firmowy w Poznaniu","description":"Jak zaplanowa\u0107 warsztaty samoobrony na event firmowy w Poznaniu? Warsztaty na event firmowy Pozna\u0144 - Event firmowy Pozna\u0144","robots":{"index":"index","follow":"follow","max-snippet":"max-snippet:-1","max-image-preview":"max-image-preview:large","max-video-preview":"max-video-preview:-1"},"canonical":"https:\/\/www.samoobronapoznan.pl\/?p=2506","og_locale":"pl_PL","og_type":"article","og_title":"Jak zaplanowa\u0107 warsztaty samoobrony na event firmowy w Poznaniu?","og_description":"Jak zaplanowa\u0107 warsztaty samoobrony na event firmowy w Poznaniu? Warsztaty na event firmowy Pozna\u0144 - Event firmowy Pozna\u0144","og_url":"https:\/\/www.samoobronapoznan.pl\/?p=2506","og_site_name":"Samoobrona Pozna\u0144","article_publisher":"https:\/\/facebook.com\/samoobronapoznan","article_published_time":"2026-07-25T19:20:42+00:00","article_modified_time":"2026-07-25T19:20:43+00:00","author":"admin","twitter_card":"summary_large_image","twitter_misc":{"Napisane przez":"admin","Szacowany czas czytania":"9 minut"},"schema":{"@context":"https:\/\/schema.org","@graph":[{"@type":"Article","@id":"https:\/\/www.samoobronapoznan.pl\/?p=2506#article","isPartOf":{"@id":"https:\/\/www.samoobronapoznan.pl\/?p=2506"},"author":{"name":"admin","@id":"https:\/\/www.samoobronapoznan.pl\/#\/schema\/person\/4295d11d32ead72538b58864473ec48a"},"headline":"Jak zaplanowa\u0107 warsztaty samoobrony na event firmowy w Poznaniu?","datePublished":"2026-07-25T19:20:42+00:00","dateModified":"2026-07-25T19:20:43+00:00","mainEntityOfPage":{"@id":"https:\/\/www.samoobronapoznan.pl\/?p=2506"},"wordCount":1567,"commentCount":0,"publisher":{"@id":"https:\/\/www.samoobronapoznan.pl\/#organization"},"inLanguage":"pl-PL","potentialAction":[{"@type":"CommentAction","name":"Comment","target":["https:\/\/www.samoobronapoznan.pl\/?p=2506#respond"]}]},{"@type":"WebPage","@id":"https:\/\/www.samoobronapoznan.pl\/?p=2506","url":"https:\/\/www.samoobronapoznan.pl\/?p=2506","name":"Warsztaty samoobrony na event firmowy w Poznaniu","isPartOf":{"@id":"https:\/\/www.samoobronapoznan.pl\/#website"},"datePublished":"2026-07-25T19:20:42+00:00","dateModified":"2026-07-25T19:20:43+00:00","description":"Jak zaplanowa\u0107 warsztaty samoobrony na event firmowy w Poznaniu? Warsztaty na event firmowy Pozna\u0144 - Event firmowy Pozna\u0144","breadcrumb":{"@id":"https:\/\/www.samoobronapoznan.pl\/?p=2506#breadcrumb"},"inLanguage":"pl-PL","potentialAction":[{"@type":"ReadAction","target":["https:\/\/www.samoobronapoznan.pl\/?p=2506"]}]},{"@type":"BreadcrumbList","@id":"https:\/\/www.samoobronapoznan.pl\/?p=2506#breadcrumb","itemListElement":[{"@type":"ListItem","position":1,"name":"Strona g\u0142\u00f3wna","item":"https:\/\/www.samoobronapoznan.pl\/"},{"@type":"ListItem","position":2,"name":"Jak zaplanowa\u0107 warsztaty samoobrony na event firmowy w Poznaniu?"}]},{"@type":"WebSite","@id":"https:\/\/www.samoobronapoznan.pl\/#website","url":"https:\/\/www.samoobronapoznan.pl\/","name":"Samoobrona Pozna\u0144","description":"Wielkopolskie Centrum Samoobrony i Bezpiecze\u0144stwa","publisher":{"@id":"https:\/\/www.samoobronapoznan.pl\/#organization"},"potentialAction":[{"@type":"SearchAction","target":{"@type":"EntryPoint","urlTemplate":"https:\/\/www.samoobronapoznan.pl\/?s={search_term_string}"},"query-input":{"@type":"PropertyValueSpecification","valueRequired":true,"valueName":"search_term_string"}}],"inLanguage":"pl-PL"},{"@type":"Organization","@id":"https:\/\/www.samoobronapoznan.pl\/#organization","name":"Wielkopolskie Centrum Samoobrony i Bezpiecze\u0144stwa Pozna\u0144","url":"https:\/\/www.samoobronapoznan.pl\/","logo":{"@type":"ImageObject","inLanguage":"pl-PL","@id":"https:\/\/www.samoobronapoznan.pl\/#\/schema\/logo\/image\/","url":"https:\/\/www.samoobronapoznan.pl\/wp-content\/uploads\/2022\/09\/WCSIB.jpg","contentUrl":"https:\/\/www.samoobronapoznan.pl\/wp-content\/uploads\/2022\/09\/WCSIB.jpg","width":960,"height":956,"caption":"Wielkopolskie Centrum Samoobrony i Bezpiecze\u0144stwa Pozna\u0144"},"image":{"@id":"https:\/\/www.samoobronapoznan.pl\/#\/schema\/logo\/image\/"},"sameAs":["https:\/\/facebook.com\/samoobronapoznan","https:\/\/www.instagram.com\/wcsib_poznan"],"email":"kontakt@samoobronapoznan.pl","telephone":"+48 727 907 468"},{"@type":"Person","@id":"https:\/\/www.samoobronapoznan.pl\/#\/schema\/person\/4295d11d32ead72538b58864473ec48a","name":"admin","image":{"@type":"ImageObject","inLanguage":"pl-PL","@id":"https:\/\/secure.gravatar.com\/avatar\/e40200dd69d1dc87a1ec24cf10423bb23d5e71333e5a5c3367457b193bf803f8?s=96&d=mm&r=g","url":"https:\/\/secure.gravatar.com\/avatar\/e40200dd69d1dc87a1ec24cf10423bb23d5e71333e5a5c3367457b193bf803f8?s=96&d=mm&r=g","contentUrl":"https:\/\/secure.gravatar.com\/avatar\/e40200dd69d1dc87a1ec24cf10423bb23d5e71333e5a5c3367457b193bf803f8?s=96&d=mm&r=g","caption":"admin"},"sameAs":["https:\/\/www.samoobronapoznan.pl"],"url":"https:\/\/www.samoobronapoznan.pl\/?author=1"}]}},"_links":{"self":[{"href":"https:\/\/www.samoobronapoznan.pl\/index.php?rest_route=\/wp\/v2\/posts\/2506","targetHints":{"allow":["GET"]}}],"collection":[{"href":"https:\/\/www.samoobronapoznan.pl\/index.php?rest_route=\/wp\/v2\/posts"}],"about":[{"href":"https:\/\/www.samoobronapoznan.pl\/index.php?rest_route=\/wp\/v2\/types\/post"}],"author":[{"embeddable":true,"href":"https:\/\/www.samoobronapoznan.pl\/index.php?rest_route=\/wp\/v2\/users\/1"}],"replies":[{"embeddable":true,"href":"https:\/\/www.samoobronapoznan.pl\/index.php?rest_route=%2Fwp%2Fv2%2Fcomments&post=2506"}],"version-history":[{"count":1,"href":"https:\/\/www.samoobronapoznan.pl\/index.php?rest_route=\/wp\/v2\/posts\/2506\/revisions"}],"predecessor-version":[{"id":2507,"href":"https:\/\/www.samoobronapoznan.pl\/index.php?rest_route=\/wp\/v2\/posts\/2506\/revisions\/2507"}],"wp:attachment":[{"href":"https:\/\/www.samoobronapoznan.pl\/index.php?rest_route=%2Fwp%2Fv2%2Fmedia&parent=2506"}],"wp:term":[{"taxonomy":"category","embeddable":true,"href":"https:\/\/www.samoobronapoznan.pl\/index.php?rest_route=%2Fwp%2Fv2%2Fcategories&post=2506"},{"taxonomy":"post_tag","embeddable":true,"href":"https:\/\/www.samoobronapoznan.pl\/index.php?rest_route=%2Fwp%2Fv2%2Ftags&post=2506"}],"curies":[{"name":"wp","href":"https:\/\/api.w.org\/{rel}","templated":true}]}}