{"id":2532,"date":"2026-07-31T11:47:46","date_gmt":"2026-07-31T11:47:46","guid":{"rendered":"https:\/\/www.samoobronapoznan.pl\/?p=2532"},"modified":"2026-07-31T11:47:48","modified_gmt":"2026-07-31T11:47:48","slug":"samoobrona-poznan-warszawa-szczecin","status":"publish","type":"post","link":"https:\/\/www.samoobronapoznan.pl\/?p=2532","title":{"rendered":"Indywidualne zaj\u0119cia samoobrony w Poznaniu, Warszawie i Szczecinie"},"content":{"rendered":"\n<!-- Artyku\u0142 blogowy WCSiB: indywidualne zaj\u0119cia samoobrony -->\n<article id=\"wcsib-blog-indywidualne-samoobrona\">\n  <style>\n    #wcsib-blog-indywidualne-samoobrona,\n    #wcsib-blog-indywidualne-samoobrona * {\n      box-sizing: border-box;\n    }\n\n    #wcsib-blog-indywidualne-samoobrona {\n      --bg:#ffffff;\n      --soft:#f6f7fb;\n      --text:#20242c;\n      --muted:#626b78;\n      --accent:#8a2f2f;\n      --accent-2:#b74c4c;\n      --line:#e3e6eb;\n      --shadow:0 16px 40px rgba(0,0,0,.08);\n\n      max-width:1120px;\n      margin:0 auto;\n      padding:24px;\n      color:var(--text);\n      background:var(--bg);\n      font-family:Arial,Helvetica,sans-serif;\n      font-size:17px;\n      line-height:1.75;\n    }\n\n    #wcsib-blog-indywidualne-samoobrona .hero {\n      display:grid;\n      grid-template-columns:1.05fr .95fr;\n      gap:28px;\n      align-items:center;\n      margin-bottom:34px;\n      padding:30px;\n      background:linear-gradient(135deg,#f7f7f8,#eef0f4);\n      border:1px solid var(--line);\n      border-radius:24px;\n      box-shadow:var(--shadow);\n    }\n\n    #wcsib-blog-indywidualne-samoobrona .eyebrow {\n      margin-bottom:10px;\n      color:var(--accent);\n      font-size:13px;\n      font-weight:800;\n      letter-spacing:.08em;\n      text-transform:uppercase;\n    }\n\n    #wcsib-blog-indywidualne-samoobrona h1 {\n      margin:0 0 18px;\n      font-size:clamp(36px,5vw,58px);\n      line-height:1.08;\n      letter-spacing:-.03em;\n    }\n\n    #wcsib-blog-indywidualne-samoobrona h2 {\n      margin:34px 0 14px;\n      font-size:clamp(28px,3vw,38px);\n      line-height:1.2;\n    }\n\n    #wcsib-blog-indywidualne-samoobrona h3 {\n      margin:24px 0 10px;\n      font-size:24px;\n      line-height:1.3;\n    }\n\n    #wcsib-blog-indywidualne-samoobrona p {\n      margin:0 0 16px;\n    }\n\n    #wcsib-blog-indywidualne-samoobrona .lead {\n      color:var(--muted);\n      font-size:19px;\n    }\n\n    #wcsib-blog-indywidualne-samoobrona img {\n      display:block;\n      width:100%;\n      height:auto;\n      border-radius:18px;\n    }\n\n    #wcsib-blog-indywidualne-samoobrona .section {\n      margin-top:24px;\n      padding:26px;\n      background:#fff;\n      border:1px solid var(--line);\n      border-radius:20px;\n      box-shadow:0 10px 28px rgba(0,0,0,.05);\n    }\n\n    #wcsib-blog-indywidualne-samoobrona .city-grid {\n      display:grid;\n      grid-template-columns:repeat(3,minmax(0,1fr));\n      gap:18px;\n      margin-top:18px;\n    }\n\n    #wcsib-blog-indywidualne-samoobrona .city-card {\n      display:flex;\n      flex-direction:column;\n      min-height:100%;\n      padding:22px;\n      background:var(--soft);\n      border:1px solid var(--line);\n      border-radius:18px;\n    }\n\n    #wcsib-blog-indywidualne-samoobrona .city-card h3 {\n      margin-top:0;\n    }\n\n    #wcsib-blog-indywidualne-samoobrona .city-card .btn {\n      margin-top:auto;\n    }\n\n    #wcsib-blog-indywidualne-samoobrona ul {\n      margin:14px 0 0;\n      padding-left:22px;\n    }\n\n    #wcsib-blog-indywidualne-samoobrona li {\n      margin-bottom:10px;\n    }\n\n    #wcsib-blog-indywidualne-samoobrona a {\n      color:var(--accent);\n      font-weight:700;\n      text-decoration:underline;\n      text-underline-offset:3px;\n    }\n\n    #wcsib-blog-indywidualne-samoobrona .btn {\n      display:inline-flex;\n      align-items:center;\n      justify-content:center;\n      margin-top:12px;\n      padding:12px 16px;\n      color:#fff;\n      background:linear-gradient(135deg,var(--accent),var(--accent-2));\n      border-radius:999px;\n      text-decoration:none;\n    }\n\n    #wcsib-blog-indywidualne-samoobrona .highlight {\n      margin-top:28px;\n      padding:24px;\n      color:#fff;\n      background:linear-gradient(135deg,#652323,#a23d3d);\n      border-radius:20px;\n    }\n\n    #wcsib-blog-indywidualne-samoobrona .faq details {\n      margin-bottom:12px;\n      padding:16px 18px;\n      background:var(--soft);\n      border:1px solid var(--line);\n      border-radius:14px;\n    }\n\n    #wcsib-blog-indywidualne-samoobrona .faq summary {\n      cursor:pointer;\n      font-weight:800;\n    }\n\n    #wcsib-blog-indywidualne-samoobrona .faq p {\n      margin-top:12px;\n    }\n\n    @media (max-width:900px) {\n      #wcsib-blog-indywidualne-samoobrona .hero,\n      #wcsib-blog-indywidualne-samoobrona .city-grid {\n        grid-template-columns:1fr;\n      }\n    }\n\n    @media (max-width:600px) {\n      #wcsib-blog-indywidualne-samoobrona {\n        padding:10px;\n      }\n\n      #wcsib-blog-indywidualne-samoobrona .hero,\n      #wcsib-blog-indywidualne-samoobrona .section {\n        padding:18px;\n      }\n    }\n  <\/style>\n\n  <section class=\"hero\">\n    <div>\n      <div class=\"eyebrow\">Indywidualna samoobrona 1:1<\/div>\n      <h1>Indywidualne zaj\u0119cia samoobrony w Poznaniu, Warszawie i Szczecinie<\/h1>\n      <p class=\"lead\">\n        Szukasz prywatnego szkolenia samoobrony, treningu personalnego 1:1 albo zamkni\u0119tych zaj\u0119\u0107\n        dla pary, rodziny lub ma\u0142ej grupy? Sprawd\u017a, jak wygl\u0105daj\u0105 indywidualne treningi samoobrony\n        i wybierz miasto, kt\u00f3re najbardziej Ci odpowiada.\n      <\/p>\n    <\/div>\n\n    <div>\n      <img decoding=\"async\" src=\"https:\/\/www.samoobronapoznan.pl\/wp-content\/uploads\/2025\/09\/IMG-20250824-WA0047.jpg\"\n           alt=\"Indywidualne zaj\u0119cia samoobrony i trening personalny 1 na 1\">\n    <\/div>\n  <\/section>\n\n  <section class=\"section\">\n    <h2>Na czym polegaj\u0105 indywidualne zaj\u0119cia samoobrony?<\/h2>\n\n    <p>\n      Indywidualne zaj\u0119cia samoobrony to trening dopasowany do konkretnej osoby, jej potrzeb,\n      do\u015bwiadczenia i sytuacji \u017cyciowej. W przeciwie\u0144stwie do du\u017cych zaj\u0119\u0107 grupowych instruktor\n      mo\u017ce po\u015bwi\u0119ci\u0107 ca\u0142\u0105 uwag\u0119 jednej osobie, parze albo niewielkiej grupie.\n    <\/p>\n\n    <p>\n      Taki trening personalny samoobrony sprawdzi si\u0119 zar\u00f3wno dla os\u00f3b pocz\u0105tkuj\u0105cych, jak i dla tych,\n      kt\u00f3re chc\u0105 przygotowa\u0107 si\u0119 do konkretnych zagro\u017ce\u0144: samotnych powrot\u00f3w wieczorem, pracy w terenie,\n      podr\u00f3\u017cy s\u0142u\u017cbowych, agresywnych zachowa\u0144 w przestrzeni publicznej czy ochrony w\u0142asnych granic.\n    <\/p>\n\n    <p>\n      Zaj\u0119cia samoobrony 1:1 mog\u0105 obejmowa\u0107 m.in. prac\u0119 nad dystansem, reakcj\u0119 na chwyty i duszenia,\n      podstawy uderze\u0144 i kopni\u0119\u0107, zachowanie pod presj\u0105, bezpieczne u\u017cycie gazu pieprzowego\n      oraz scenariusze dostosowane do codziennych sytuacji uczestnika.\n    <\/p>\n  <\/section>\n\n  <section class=\"section\">\n    <h2>Dla kogo jest prywatne szkolenie samoobrony?<\/h2>\n\n    <ul>\n      <li>dla kobiet, kt\u00f3re chc\u0105 zwi\u0119kszy\u0107 pewno\u015b\u0107 siebie i poczucie bezpiecze\u0144stwa,<\/li>\n      <li>dla os\u00f3b szukaj\u0105cych treningu personalnego samoobrony 1:1,<\/li>\n      <li>dla par, rodzin i rodzic\u00f3w chc\u0105cych trenowa\u0107 razem z dzie\u0107mi,<\/li>\n      <li>dla m\u0142odzie\u017cy od 12. roku \u017cycia,<\/li>\n      <li>dla os\u00f3b przygotowuj\u0105cych si\u0119 do podr\u00f3\u017cy lub pracy w trudnym \u015brodowisku,<\/li>\n      <li>dla ma\u0142ych grup, kt\u00f3re wol\u0105 zamkni\u0119te zaj\u0119cia bez udzia\u0142u przypadkowych os\u00f3b.<\/li>\n    <\/ul>\n  <\/section>\n\n  <section class=\"section\">\n    <h2>Indywidualna samoobrona w trzech miastach<\/h2>\n\n    <div class=\"city-grid\">\n      <div class=\"city-card\">\n        <h3>Indywidualne zaj\u0119cia samoobrony w Poznaniu<\/h3>\n        <p>\n          Pozna\u0144 to g\u0142\u00f3wna lokalizacja Wielkopolskiego Centrum Samoobrony i Bezpiecze\u0144stwa.\n          Dost\u0119pne s\u0105 treningi personalne samoobrony, zaj\u0119cia 1:1, szkolenia dla par\n          oraz ma\u0142ych grup.\n        <\/p>\n        <p>\n          To dobry wyb\u00f3r dla os\u00f3b szukaj\u0105cych regularnej pracy nad technik\u0105,\n          bezpiecze\u0144stwem osobistym i reakcj\u0105 w sytuacjach zagro\u017cenia.\n        <\/p>\n        <a class=\"btn\" href=\"https:\/\/www.samoobronapoznan.pl\/?page_id=13\">\n          Zobacz zaj\u0119cia indywidualne w Poznaniu\n        <\/a>\n      <\/div>\n\n      <div class=\"city-card\">\n        <h3>Indywidualne szkolenie samoobrony w Warszawie<\/h3>\n        <p>\n          W Warszawie dost\u0119pne s\u0105 prywatne szkolenia samoobrony dla jednej osoby,\n          pary lub ma\u0142ej grupy. Program mo\u017ce zosta\u0107 dopasowany do kobiet, rodzin,\n          m\u0142odzie\u017cy, os\u00f3b podr\u00f3\u017cuj\u0105cych i pracownik\u00f3w wykonuj\u0105cych obowi\u0105zki w terenie.\n        <\/p>\n        <p>\n          Zaj\u0119cia mog\u0105 by\u0107 prowadzone po polsku, angielsku, niemiecku lub hiszpa\u0144sku.\n        <\/p>\n        <a class=\"btn\" href=\"https:\/\/www.samoobrona-warszawa.pl\/index.php\/indywidualne-szkolenie-samoobrony-warszawa\/\">\n          Zobacz prywatne szkolenie w Warszawie\n        <\/a>\n      <\/div>\n\n      <div class=\"city-card\">\n        <h3>Indywidualne zaj\u0119cia samoobrony w Szczecinie<\/h3>\n        <p>\n          W Szczecinie mo\u017cesz um\u00f3wi\u0107 zamkni\u0119ty trening samoobrony dla jednej osoby,\n          pary, rodziny albo ma\u0142ej grupy. To propozycja dla os\u00f3b, kt\u00f3re chc\u0105 uczy\u0107 si\u0119\n          we w\u0142asnym tempie i skupi\u0107 na konkretnych sytuacjach.\n        <\/p>\n        <p>\n          Dost\u0119pne s\u0105 pakiety 2-, 3- i 4-godzinne oraz program dopasowany\n          do wieku, do\u015bwiadczenia i potrzeb uczestnik\u00f3w.\n        <\/p>\n        <a class=\"btn\" href=\"https:\/\/www.samoobronapoznan.pl\/?page_id=2530\">\n          Zobacz trening indywidualny w Szczecinie\n        <\/a>\n      <\/div>\n    <\/div>\n  <\/section>\n\n  <section class=\"section\">\n    <h2>Dlaczego warto wybra\u0107 trening samoobrony 1:1?<\/h2>\n\n    <p>\n      Najwi\u0119ksz\u0105 zalet\u0105 zaj\u0119\u0107 indywidualnych jest mo\u017cliwo\u015b\u0107 skoncentrowania si\u0119 na tym,\n      czego naprawd\u0119 potrzebuje uczestnik. Jedna osoba mo\u017ce chcie\u0107 nauczy\u0107 si\u0119 reagowania\n      na agresywne zaczepki, inna przygotowa\u0107 do podr\u00f3\u017cy, a jeszcze inna prze\u0107wiczy\u0107\n      obron\u0119 przed chwytem lub atakiem w ograniczonej przestrzeni.\n    <\/p>\n\n    <p>\n      Trening personalny samoobrony pozwala te\u017c szybciej wychwyci\u0107 b\u0142\u0119dy, dopracowa\u0107 technik\u0119\n      i wielokrotnie powt\u00f3rzy\u0107 najwa\u017cniejsze reakcje. Tempo zaj\u0119\u0107 jest ustalane indywidualnie,\n      bez presji zwi\u0105zanej z poziomem pozosta\u0142ych uczestnik\u00f3w.\n    <\/p>\n\n    <div class=\"highlight\">\n      <h3>Nie musisz mie\u0107 wcze\u015bniejszego do\u015bwiadczenia<\/h3>\n      <p>\n        Indywidualne szkolenia samoobrony s\u0105 odpowiednie tak\u017ce dla os\u00f3b, kt\u00f3re nigdy wcze\u015bniej\n        nie trenowa\u0142y sztuk walki. Program rozpoczyna si\u0119 od prostych, praktycznych reakcji\n        i jest stopniowo rozwijany zgodnie z mo\u017cliwo\u015bciami uczestnika.\n      <\/p>\n    <\/div>\n  <\/section>\n\n  <section class=\"section\">\n    <h2>Jak wybra\u0107 odpowiedni pakiet?<\/h2>\n\n    <p>\n      Kr\u00f3tsze, dwugodzinne szkolenie jest dobrym wyborem dla os\u00f3b chc\u0105cych pozna\u0107 podstawy\n      i prze\u0107wiczy\u0107 najwa\u017cniejsze reakcje. Pakiet trzygodzinny daje wi\u0119cej czasu na technik\u0119,\n      poprawki i scenariusze. Cztery godziny sprawdz\u0105 si\u0119 przy rozszerzonym programie,\n      treningu rodzinnym albo zaj\u0119ciach dla ma\u0142ej grupy.\n    <\/p>\n\n    <p>\n      Przed ustaleniem terminu warto wskaza\u0107, czego oczekujesz od szkolenia,\n      ile os\u00f3b b\u0119dzie uczestniczy\u0107 i czy interesuje Ci\u0119 konkretny temat, np. samoobrona kobiet,\n      przygotowanie do podr\u00f3\u017cy, zaj\u0119cia dla m\u0142odzie\u017cy lub bezpieczne u\u017cycie gazu pieprzowego.\n    <\/p>\n  <\/section>\n\n  <section class=\"section faq\">\n    <h2>Najcz\u0119stsze pytania<\/h2>\n\n    <details>\n      <summary>Czy mo\u017cna zapisa\u0107 si\u0119 na trening samoobrony tylko dla jednej osoby?<\/summary>\n      <p>Tak. Zaj\u0119cia indywidualne mog\u0105 odbywa\u0107 si\u0119 w formule 1:1.<\/p>\n    <\/details>\n\n    <details>\n      <summary>Czy mo\u017cna przyj\u015b\u0107 na zaj\u0119cia z partnerem lub cz\u0142onkiem rodziny?<\/summary>\n      <p>Tak. Trening mo\u017ce zosta\u0107 przygotowany dla pary, rodziny albo ma\u0142ej grupy.<\/p>\n    <\/details>\n\n    <details>\n      <summary>Czy indywidualna samoobrona jest odpowiednia dla pocz\u0105tkuj\u0105cych?<\/summary>\n      <p>Tak. Program jest dopasowywany do poziomu uczestnika i mo\u017ce rozpocz\u0105\u0107 si\u0119 od zupe\u0142nych podstaw.<\/p>\n    <\/details>\n\n    <details>\n      <summary>W jakich miastach dost\u0119pne s\u0105 prywatne zaj\u0119cia samoobrony?<\/summary>\n      <p>\n        Aktualnie dost\u0119pne s\u0105 indywidualne szkolenia samoobrony w Poznaniu, Warszawie i Szczecinie.\n      <\/p>\n    <\/details>\n  <\/section>\n<\/article>\n","protected":false},"excerpt":{"rendered":"<p>Indywidualna samoobrona 1:1 Indywidualne zaj\u0119cia samoobrony w Poznaniu, Warszawie i Szczecinie Szukasz prywatnego szkolenia samoobrony, treningu personalnego 1:1 albo zamkni\u0119tych zaj\u0119\u0107 dla pary, rodziny lub ma\u0142ej grupy? Sprawd\u017a, jak wygl\u0105daj\u0105 indywidualne treningi samoobrony i wybierz miasto, kt\u00f3re najbardziej Ci odpowiada. Na czym polegaj\u0105 indywidualne zaj\u0119cia samoobrony? Indywidualne zaj\u0119cia samoobrony to trening dopasowany do konkretnej osoby, jej potrzeb, do\u015bwiadczenia i sytuacji \u017cyciowej. W przeciwie\u0144stwie do du\u017cych zaj\u0119\u0107 grupowych instruktor mo\u017ce po\u015bwi\u0119ci\u0107 ca\u0142\u0105 uwag\u0119 jednej osobie, parze albo niewielkiej grupie. Taki trening personalny samoobrony sprawdzi si\u0119 zar\u00f3wno dla os\u00f3b pocz\u0105tkuj\u0105cych, jak i dla tych, kt\u00f3re chc\u0105 przygotowa\u0107 si\u0119 do konkretnych zagro\u017ce\u0144: samotnych&#8230; <\/p>\n","protected":false},"author":1,"featured_media":0,"comment_status":"open","ping_status":"open","sticky":false,"template":"","format":"standard","meta":{"ngg_post_thumbnail":0,"footnotes":""},"categories":[32],"tags":[],"class_list":["post-2532","post","type-post","status-publish","format-standard","hentry","category-bez-kategorii-pl"],"yoast_head":"<!-- This site is optimized with the Yoast SEO Premium plugin v26.6 (Yoast SEO v28.3) - https:\/\/yoast.com\/product\/yoast-seo-premium-wordpress\/ -->\n<title>Indywidualne zaj\u0119cia samoobrony - Poznan, Warszawa, Szczecin<\/title>\n<meta name=\"description\" content=\"Indywidualne zaj\u0119cia samoobrony w Poznaniu, Warszawie i Szczecinie - indywidualny program dopasowany do Twoich potrzeb!\" \/>\n<meta name=\"robots\" content=\"index, follow, max-snippet:-1, max-image-preview:large, max-video-preview:-1\" \/>\n<link rel=\"canonical\" href=\"https:\/\/www.samoobronapoznan.pl\/?p=2532\" \/>\n<meta property=\"og:locale\" content=\"pl_PL\" \/>\n<meta property=\"og:type\" content=\"article\" \/>\n<meta property=\"og:title\" content=\"Indywidualne zaj\u0119cia samoobrony w Poznaniu, Warszawie i Szczecinie\" \/>\n<meta property=\"og:description\" content=\"Indywidualne zaj\u0119cia samoobrony w Poznaniu, Warszawie i Szczecinie - indywidualny program dopasowany do Twoich potrzeb!\" \/>\n<meta property=\"og:url\" content=\"https:\/\/www.samoobronapoznan.pl\/?p=2532\" \/>\n<meta property=\"og:site_name\" content=\"Samoobrona Pozna\u0144\" \/>\n<meta property=\"article:publisher\" content=\"https:\/\/facebook.com\/samoobronapoznan\" \/>\n<meta property=\"article:published_time\" content=\"2026-07-31T11:47:46+00:00\" \/>\n<meta property=\"article:modified_time\" content=\"2026-07-31T11:47:48+00:00\" \/>\n<meta property=\"og:image\" content=\"https:\/\/www.samoobronapoznan.pl\/wp-content\/uploads\/2025\/09\/IMG-20250824-WA0047.jpg\" \/>\n<meta name=\"author\" content=\"admin\" \/>\n<meta name=\"twitter:card\" content=\"summary_large_image\" \/>\n<meta name=\"twitter:label1\" content=\"Napisane przez\" \/>\n\t<meta name=\"twitter:data1\" content=\"admin\" \/>\n\t<meta name=\"twitter:label2\" content=\"Szacowany czas czytania\" \/>\n\t<meta name=\"twitter:data2\" content=\"5 minut\" \/>\n<script type=\"application\/ld+json\" class=\"yoast-schema-graph\">{\"@context\":\"https:\\\/\\\/schema.org\",\"@graph\":[{\"@type\":\"Article\",\"@id\":\"https:\\\/\\\/www.samoobronapoznan.pl\\\/?p=2532#article\",\"isPartOf\":{\"@id\":\"https:\\\/\\\/www.samoobronapoznan.pl\\\/?p=2532\"},\"author\":{\"name\":\"admin\",\"@id\":\"https:\\\/\\\/www.samoobronapoznan.pl\\\/#\\\/schema\\\/person\\\/4295d11d32ead72538b58864473ec48a\"},\"headline\":\"Indywidualne zaj\u0119cia samoobrony w Poznaniu, Warszawie i Szczecinie\",\"datePublished\":\"2026-07-31T11:47:46+00:00\",\"dateModified\":\"2026-07-31T11:47:48+00:00\",\"mainEntityOfPage\":{\"@id\":\"https:\\\/\\\/www.samoobronapoznan.pl\\\/?p=2532\"},\"wordCount\":770,\"commentCount\":0,\"publisher\":{\"@id\":\"https:\\\/\\\/www.samoobronapoznan.pl\\\/#organization\"},\"image\":{\"@id\":\"https:\\\/\\\/www.samoobronapoznan.pl\\\/?p=2532#primaryimage\"},\"thumbnailUrl\":\"https:\\\/\\\/www.samoobronapoznan.pl\\\/wp-content\\\/uploads\\\/2025\\\/09\\\/IMG-20250824-WA0047.jpg\",\"inLanguage\":\"pl-PL\",\"potentialAction\":[{\"@type\":\"CommentAction\",\"name\":\"Comment\",\"target\":[\"https:\\\/\\\/www.samoobronapoznan.pl\\\/?p=2532#respond\"]}]},{\"@type\":\"WebPage\",\"@id\":\"https:\\\/\\\/www.samoobronapoznan.pl\\\/?p=2532\",\"url\":\"https:\\\/\\\/www.samoobronapoznan.pl\\\/?p=2532\",\"name\":\"Indywidualne zaj\u0119cia samoobrony - Poznan, Warszawa, Szczecin\",\"isPartOf\":{\"@id\":\"https:\\\/\\\/www.samoobronapoznan.pl\\\/#website\"},\"primaryImageOfPage\":{\"@id\":\"https:\\\/\\\/www.samoobronapoznan.pl\\\/?p=2532#primaryimage\"},\"image\":{\"@id\":\"https:\\\/\\\/www.samoobronapoznan.pl\\\/?p=2532#primaryimage\"},\"thumbnailUrl\":\"https:\\\/\\\/www.samoobronapoznan.pl\\\/wp-content\\\/uploads\\\/2025\\\/09\\\/IMG-20250824-WA0047.jpg\",\"datePublished\":\"2026-07-31T11:47:46+00:00\",\"dateModified\":\"2026-07-31T11:47:48+00:00\",\"description\":\"Indywidualne zaj\u0119cia samoobrony w Poznaniu, Warszawie i Szczecinie - indywidualny program dopasowany do Twoich potrzeb!\",\"breadcrumb\":{\"@id\":\"https:\\\/\\\/www.samoobronapoznan.pl\\\/?p=2532#breadcrumb\"},\"inLanguage\":\"pl-PL\",\"potentialAction\":[{\"@type\":\"ReadAction\",\"target\":[\"https:\\\/\\\/www.samoobronapoznan.pl\\\/?p=2532\"]}]},{\"@type\":\"ImageObject\",\"inLanguage\":\"pl-PL\",\"@id\":\"https:\\\/\\\/www.samoobronapoznan.pl\\\/?p=2532#primaryimage\",\"url\":\"https:\\\/\\\/www.samoobronapoznan.pl\\\/wp-content\\\/uploads\\\/2025\\\/09\\\/IMG-20250824-WA0047.jpg\",\"contentUrl\":\"https:\\\/\\\/www.samoobronapoznan.pl\\\/wp-content\\\/uploads\\\/2025\\\/09\\\/IMG-20250824-WA0047.jpg\",\"width\":1200,\"height\":1600,\"caption\":\"kurs samoobrony dla kobiet poznan\"},{\"@type\":\"BreadcrumbList\",\"@id\":\"https:\\\/\\\/www.samoobronapoznan.pl\\\/?p=2532#breadcrumb\",\"itemListElement\":[{\"@type\":\"ListItem\",\"position\":1,\"name\":\"Strona g\u0142\u00f3wna\",\"item\":\"https:\\\/\\\/www.samoobronapoznan.pl\\\/\"},{\"@type\":\"ListItem\",\"position\":2,\"name\":\"Indywidualne zaj\u0119cia samoobrony w Poznaniu, Warszawie i Szczecinie\"}]},{\"@type\":\"WebSite\",\"@id\":\"https:\\\/\\\/www.samoobronapoznan.pl\\\/#website\",\"url\":\"https:\\\/\\\/www.samoobronapoznan.pl\\\/\",\"name\":\"Samoobrona Pozna\u0144\",\"description\":\"Wielkopolskie Centrum Samoobrony i Bezpiecze\u0144stwa\",\"publisher\":{\"@id\":\"https:\\\/\\\/www.samoobronapoznan.pl\\\/#organization\"},\"potentialAction\":[{\"@type\":\"SearchAction\",\"target\":{\"@type\":\"EntryPoint\",\"urlTemplate\":\"https:\\\/\\\/www.samoobronapoznan.pl\\\/?s={search_term_string}\"},\"query-input\":{\"@type\":\"PropertyValueSpecification\",\"valueRequired\":true,\"valueName\":\"search_term_string\"}}],\"inLanguage\":\"pl-PL\"},{\"@type\":\"Organization\",\"@id\":\"https:\\\/\\\/www.samoobronapoznan.pl\\\/#organization\",\"name\":\"Wielkopolskie Centrum Samoobrony i Bezpiecze\u0144stwa Pozna\u0144\",\"url\":\"https:\\\/\\\/www.samoobronapoznan.pl\\\/\",\"logo\":{\"@type\":\"ImageObject\",\"inLanguage\":\"pl-PL\",\"@id\":\"https:\\\/\\\/www.samoobronapoznan.pl\\\/#\\\/schema\\\/logo\\\/image\\\/\",\"url\":\"https:\\\/\\\/www.samoobronapoznan.pl\\\/wp-content\\\/uploads\\\/2022\\\/09\\\/WCSIB.jpg\",\"contentUrl\":\"https:\\\/\\\/www.samoobronapoznan.pl\\\/wp-content\\\/uploads\\\/2022\\\/09\\\/WCSIB.jpg\",\"width\":960,\"height\":956,\"caption\":\"Wielkopolskie Centrum Samoobrony i Bezpiecze\u0144stwa Pozna\u0144\"},\"image\":{\"@id\":\"https:\\\/\\\/www.samoobronapoznan.pl\\\/#\\\/schema\\\/logo\\\/image\\\/\"},\"sameAs\":[\"https:\\\/\\\/facebook.com\\\/samoobronapoznan\",\"https:\\\/\\\/www.instagram.com\\\/wcsib_poznan\"],\"email\":\"kontakt@samoobronapoznan.pl\",\"telephone\":\"+48 727 907 468\"},{\"@type\":\"Person\",\"@id\":\"https:\\\/\\\/www.samoobronapoznan.pl\\\/#\\\/schema\\\/person\\\/4295d11d32ead72538b58864473ec48a\",\"name\":\"admin\",\"image\":{\"@type\":\"ImageObject\",\"inLanguage\":\"pl-PL\",\"@id\":\"https:\\\/\\\/secure.gravatar.com\\\/avatar\\\/e40200dd69d1dc87a1ec24cf10423bb23d5e71333e5a5c3367457b193bf803f8?s=96&d=mm&r=g\",\"url\":\"https:\\\/\\\/secure.gravatar.com\\\/avatar\\\/e40200dd69d1dc87a1ec24cf10423bb23d5e71333e5a5c3367457b193bf803f8?s=96&d=mm&r=g\",\"contentUrl\":\"https:\\\/\\\/secure.gravatar.com\\\/avatar\\\/e40200dd69d1dc87a1ec24cf10423bb23d5e71333e5a5c3367457b193bf803f8?s=96&d=mm&r=g\",\"caption\":\"admin\"},\"sameAs\":[\"https:\\\/\\\/www.samoobronapoznan.pl\"],\"url\":\"https:\\\/\\\/www.samoobronapoznan.pl\\\/?author=1\"}]}<\/script>\n<!-- \/ Yoast SEO Premium plugin. -->","yoast_head_json":{"title":"Indywidualne zaj\u0119cia samoobrony - Poznan, Warszawa, Szczecin","description":"Indywidualne zaj\u0119cia samoobrony w Poznaniu, Warszawie i Szczecinie - indywidualny program dopasowany do Twoich potrzeb!","robots":{"index":"index","follow":"follow","max-snippet":"max-snippet:-1","max-image-preview":"max-image-preview:large","max-video-preview":"max-video-preview:-1"},"canonical":"https:\/\/www.samoobronapoznan.pl\/?p=2532","og_locale":"pl_PL","og_type":"article","og_title":"Indywidualne zaj\u0119cia samoobrony w Poznaniu, Warszawie i Szczecinie","og_description":"Indywidualne zaj\u0119cia samoobrony w Poznaniu, Warszawie i Szczecinie - indywidualny program dopasowany do Twoich potrzeb!","og_url":"https:\/\/www.samoobronapoznan.pl\/?p=2532","og_site_name":"Samoobrona Pozna\u0144","article_publisher":"https:\/\/facebook.com\/samoobronapoznan","article_published_time":"2026-07-31T11:47:46+00:00","article_modified_time":"2026-07-31T11:47:48+00:00","og_image":[{"url":"https:\/\/www.samoobronapoznan.pl\/wp-content\/uploads\/2025\/09\/IMG-20250824-WA0047.jpg","type":"","width":"","height":""}],"author":"admin","twitter_card":"summary_large_image","twitter_misc":{"Napisane przez":"admin","Szacowany czas czytania":"5 minut"},"schema":{"@context":"https:\/\/schema.org","@graph":[{"@type":"Article","@id":"https:\/\/www.samoobronapoznan.pl\/?p=2532#article","isPartOf":{"@id":"https:\/\/www.samoobronapoznan.pl\/?p=2532"},"author":{"name":"admin","@id":"https:\/\/www.samoobronapoznan.pl\/#\/schema\/person\/4295d11d32ead72538b58864473ec48a"},"headline":"Indywidualne zaj\u0119cia samoobrony w Poznaniu, Warszawie i Szczecinie","datePublished":"2026-07-31T11:47:46+00:00","dateModified":"2026-07-31T11:47:48+00:00","mainEntityOfPage":{"@id":"https:\/\/www.samoobronapoznan.pl\/?p=2532"},"wordCount":770,"commentCount":0,"publisher":{"@id":"https:\/\/www.samoobronapoznan.pl\/#organization"},"image":{"@id":"https:\/\/www.samoobronapoznan.pl\/?p=2532#primaryimage"},"thumbnailUrl":"https:\/\/www.samoobronapoznan.pl\/wp-content\/uploads\/2025\/09\/IMG-20250824-WA0047.jpg","inLanguage":"pl-PL","potentialAction":[{"@type":"CommentAction","name":"Comment","target":["https:\/\/www.samoobronapoznan.pl\/?p=2532#respond"]}]},{"@type":"WebPage","@id":"https:\/\/www.samoobronapoznan.pl\/?p=2532","url":"https:\/\/www.samoobronapoznan.pl\/?p=2532","name":"Indywidualne zaj\u0119cia samoobrony - Poznan, Warszawa, Szczecin","isPartOf":{"@id":"https:\/\/www.samoobronapoznan.pl\/#website"},"primaryImageOfPage":{"@id":"https:\/\/www.samoobronapoznan.pl\/?p=2532#primaryimage"},"image":{"@id":"https:\/\/www.samoobronapoznan.pl\/?p=2532#primaryimage"},"thumbnailUrl":"https:\/\/www.samoobronapoznan.pl\/wp-content\/uploads\/2025\/09\/IMG-20250824-WA0047.jpg","datePublished":"2026-07-31T11:47:46+00:00","dateModified":"2026-07-31T11:47:48+00:00","description":"Indywidualne zaj\u0119cia samoobrony w Poznaniu, Warszawie i Szczecinie - indywidualny program dopasowany do Twoich potrzeb!","breadcrumb":{"@id":"https:\/\/www.samoobronapoznan.pl\/?p=2532#breadcrumb"},"inLanguage":"pl-PL","potentialAction":[{"@type":"ReadAction","target":["https:\/\/www.samoobronapoznan.pl\/?p=2532"]}]},{"@type":"ImageObject","inLanguage":"pl-PL","@id":"https:\/\/www.samoobronapoznan.pl\/?p=2532#primaryimage","url":"https:\/\/www.samoobronapoznan.pl\/wp-content\/uploads\/2025\/09\/IMG-20250824-WA0047.jpg","contentUrl":"https:\/\/www.samoobronapoznan.pl\/wp-content\/uploads\/2025\/09\/IMG-20250824-WA0047.jpg","width":1200,"height":1600,"caption":"kurs samoobrony dla kobiet poznan"},{"@type":"BreadcrumbList","@id":"https:\/\/www.samoobronapoznan.pl\/?p=2532#breadcrumb","itemListElement":[{"@type":"ListItem","position":1,"name":"Strona g\u0142\u00f3wna","item":"https:\/\/www.samoobronapoznan.pl\/"},{"@type":"ListItem","position":2,"name":"Indywidualne zaj\u0119cia samoobrony w Poznaniu, Warszawie i Szczecinie"}]},{"@type":"WebSite","@id":"https:\/\/www.samoobronapoznan.pl\/#website","url":"https:\/\/www.samoobronapoznan.pl\/","name":"Samoobrona Pozna\u0144","description":"Wielkopolskie Centrum Samoobrony i Bezpiecze\u0144stwa","publisher":{"@id":"https:\/\/www.samoobronapoznan.pl\/#organization"},"potentialAction":[{"@type":"SearchAction","target":{"@type":"EntryPoint","urlTemplate":"https:\/\/www.samoobronapoznan.pl\/?s={search_term_string}"},"query-input":{"@type":"PropertyValueSpecification","valueRequired":true,"valueName":"search_term_string"}}],"inLanguage":"pl-PL"},{"@type":"Organization","@id":"https:\/\/www.samoobronapoznan.pl\/#organization","name":"Wielkopolskie Centrum Samoobrony i Bezpiecze\u0144stwa Pozna\u0144","url":"https:\/\/www.samoobronapoznan.pl\/","logo":{"@type":"ImageObject","inLanguage":"pl-PL","@id":"https:\/\/www.samoobronapoznan.pl\/#\/schema\/logo\/image\/","url":"https:\/\/www.samoobronapoznan.pl\/wp-content\/uploads\/2022\/09\/WCSIB.jpg","contentUrl":"https:\/\/www.samoobronapoznan.pl\/wp-content\/uploads\/2022\/09\/WCSIB.jpg","width":960,"height":956,"caption":"Wielkopolskie Centrum Samoobrony i Bezpiecze\u0144stwa Pozna\u0144"},"image":{"@id":"https:\/\/www.samoobronapoznan.pl\/#\/schema\/logo\/image\/"},"sameAs":["https:\/\/facebook.com\/samoobronapoznan","https:\/\/www.instagram.com\/wcsib_poznan"],"email":"kontakt@samoobronapoznan.pl","telephone":"+48 727 907 468"},{"@type":"Person","@id":"https:\/\/www.samoobronapoznan.pl\/#\/schema\/person\/4295d11d32ead72538b58864473ec48a","name":"admin","image":{"@type":"ImageObject","inLanguage":"pl-PL","@id":"https:\/\/secure.gravatar.com\/avatar\/e40200dd69d1dc87a1ec24cf10423bb23d5e71333e5a5c3367457b193bf803f8?s=96&d=mm&r=g","url":"https:\/\/secure.gravatar.com\/avatar\/e40200dd69d1dc87a1ec24cf10423bb23d5e71333e5a5c3367457b193bf803f8?s=96&d=mm&r=g","contentUrl":"https:\/\/secure.gravatar.com\/avatar\/e40200dd69d1dc87a1ec24cf10423bb23d5e71333e5a5c3367457b193bf803f8?s=96&d=mm&r=g","caption":"admin"},"sameAs":["https:\/\/www.samoobronapoznan.pl"],"url":"https:\/\/www.samoobronapoznan.pl\/?author=1"}]}},"_links":{"self":[{"href":"https:\/\/www.samoobronapoznan.pl\/index.php?rest_route=\/wp\/v2\/posts\/2532","targetHints":{"allow":["GET"]}}],"collection":[{"href":"https:\/\/www.samoobronapoznan.pl\/index.php?rest_route=\/wp\/v2\/posts"}],"about":[{"href":"https:\/\/www.samoobronapoznan.pl\/index.php?rest_route=\/wp\/v2\/types\/post"}],"author":[{"embeddable":true,"href":"https:\/\/www.samoobronapoznan.pl\/index.php?rest_route=\/wp\/v2\/users\/1"}],"replies":[{"embeddable":true,"href":"https:\/\/www.samoobronapoznan.pl\/index.php?rest_route=%2Fwp%2Fv2%2Fcomments&post=2532"}],"version-history":[{"count":1,"href":"https:\/\/www.samoobronapoznan.pl\/index.php?rest_route=\/wp\/v2\/posts\/2532\/revisions"}],"predecessor-version":[{"id":2533,"href":"https:\/\/www.samoobronapoznan.pl\/index.php?rest_route=\/wp\/v2\/posts\/2532\/revisions\/2533"}],"wp:attachment":[{"href":"https:\/\/www.samoobronapoznan.pl\/index.php?rest_route=%2Fwp%2Fv2%2Fmedia&parent=2532"}],"wp:term":[{"taxonomy":"category","embeddable":true,"href":"https:\/\/www.samoobronapoznan.pl\/index.php?rest_route=%2Fwp%2Fv2%2Fcategories&post=2532"},{"taxonomy":"post_tag","embeddable":true,"href":"https:\/\/www.samoobronapoznan.pl\/index.php?rest_route=%2Fwp%2Fv2%2Ftags&post=2532"}],"curies":[{"name":"wp","href":"https:\/\/api.w.org\/{rel}","templated":true}]}}