{"id":2559,"date":"2026-07-31T17:46:33","date_gmt":"2026-07-31T17:46:33","guid":{"rendered":"https:\/\/www.samoobronapoznan.pl\/?p=2559"},"modified":"2026-07-31T17:46:35","modified_gmt":"2026-07-31T17:46:35","slug":"trening-indywidualny-czy-grupowy-szczecin-samoobrona","status":"publish","type":"post","link":"https:\/\/www.samoobronapoznan.pl\/?p=2559","title":{"rendered":"Trening indywidualny czy kurs grupowy w Szczecinie \u2013 co wybra\u0107 na pocz\u0105tek?"},"content":{"rendered":"\n<!--\nTYTU\u0141 SEO: Trening indywidualny czy kurs grupowy w Szczecinie \u2013 co wybra\u0107 na pocz\u0105tek?\nSLUG: trening-indywidualny-czy-grupowy-szczecin-samoobrona\nMETA DESCRIPTION: Trening indywidualny czy kurs grupowy w Szczecinie? Por\u00f3wnaj tempo, program, koszty i wybierz najlepszy format nauki samoobrony.\nG\u0141\u00d3WNA FRAZA: Trening indywidualny czy kurs grupowy w Szczecinie\nUWAGA: proponowany URL landingu to https:\/\/www.samoobronapoznan.pl\/indywidualne-zajecia-samoobrony-szczecin\/. Po publikacji sprawd\u017a, czy adres jest identyczny.\n-->\n\n<style>\n.wcsib-seo-article{max-width:920px;margin:0 auto;font-family:Arial,Helvetica,sans-serif;color:#20242c;line-height:1.75}\n.wcsib-seo-article h1{font-size:clamp(32px,5vw,50px);line-height:1.12;margin:18px 0}\n.wcsib-seo-article h2{font-size:28px;line-height:1.25;margin:34px 0 12px}\n.wcsib-seo-article p{font-size:17px;margin:0 0 18px}\n.wcsib-seo-article .lead{font-size:20px;color:#434b5b}\n.wcsib-seo-article img{width:100%;height:auto;border-radius:16px;margin:18px 0 28px}\n.wcsib-seo-article .cta{padding:24px;margin:32px 0;background:#111827;color:#fff;border-radius:16px}\n.wcsib-seo-article .cta h2{color:#fff;margin-top:0}\n.wcsib-seo-article .cta a{display:inline-block;background:#d5b475;color:#111827;padding:12px 20px;border-radius:999px;font-weight:800;text-decoration:none}\n.wcsib-seo-article .links{padding:20px;background:#f4f5f7;border-radius:14px;margin-top:28px}\n.wcsib-seo-article a{color:#8a641c}\n<\/style>\n\n<article class=\"wcsib-seo-article\">\n  <h1>Trening indywidualny czy kurs grupowy w Szczecinie \u2013 co wybra\u0107 na pocz\u0105tek?<\/h1>\n  <p class=\"lead\">Oba formaty mog\u0105 by\u0107 skuteczne, ale odpowiadaj\u0105 na inne potrzeby. Kurs grupowy daje regularno\u015b\u0107 i r\u00f3\u017cnorodnych partner\u00f3w, a szkolenie prywatne pozwala skoncentrowa\u0107 si\u0119 na konkretnym celu.<\/p>\n  <img decoding=\"async\" src=\"https:\/\/www.samoobronapoznan.pl\/wp-content\/uploads\/2026\/07\/indywidualne_szkolenie_samoobrony_szczecin.jpg\" alt=\"Trening indywidualny czy kurs grupowy w Szczecinie \u2013 co wybra\u0107 na pocz\u0105tek?\">\n  <h2>Kiedy lepsza b\u0119dzie grupa?<\/h2><p>Regularne zaj\u0119cia grupowe s\u0105 dobrym wyborem dla os\u00f3b, kt\u00f3re chc\u0105 trenowa\u0107 przez d\u0142u\u017cszy czas, poprawia\u0107 kondycj\u0119 i \u0107wiczy\u0107 z r\u00f3\u017cnymi partnerami. Wymagaj\u0105 jednak dopasowania si\u0119 do harmonogramu i programu ca\u0142ej grupy.<\/p><h2>Zalety treningu prywatnego<\/h2><p>Podczas szkolenia indywidualnego instruktor mo\u017ce po\u015bwi\u0119ci\u0107 ca\u0142\u0105 uwag\u0119 jednej osobie lub ma\u0142ej grupie. \u0141atwiej prze\u0107wiczy\u0107 konkretn\u0105 sytuacj\u0119, wraca\u0107 do trudniejszego elementu i kontrolowa\u0107 intensywno\u015b\u0107.<\/p><h2>Czy prywatne zaj\u0119cia musz\u0105 by\u0107 1:1?<\/h2><p>Nie. Pakiety w Szczecinie obejmuj\u0105 od jednej do czterech os\u00f3b. Dla pary, rodziny lub grupy znajomych koszt mo\u017ce by\u0107 wi\u0119c bardziej atrakcyjny ni\u017c osobne treningi.<\/p><h2>Mo\u017cna po\u0142\u0105czy\u0107 oba rozwi\u0105zania<\/h2><p>Prywatny pakiet mo\u017ce by\u0107 przygotowaniem do pierwszego kursu grupowego albo uzupe\u0142nieniem regularnych zaj\u0119\u0107. Osoba pocz\u0105tkuj\u0105ca poznaje podstawy, a p\u00f3\u017aniej \u0142atwiej odnajduje si\u0119 w wi\u0119kszej grupie.<\/p>\n  <div class=\"cta\">\n    <h2>Indywidualne zaj\u0119cia samoobrony \u2013 Szczecin<\/h2>\n    <p>Zobacz pakiety 2-, 3- i 4-godzinne dla grup od 1 do 4 os\u00f3b. Miejsce zaj\u0119\u0107: PoleStar Academy, ul. Szczeci\u0144ska 24B lub ul. Ksi\u0119cia Bogus\u0142awa X 38.<\/p>\n    <a href=\"https:\/\/www.samoobronapoznan.pl\/?page_id=2530\">Sprawd\u017a ofert\u0119 w Szczecin<\/a>\n  <\/div>\n  <div class=\"links\">\n    <strong>Przeczytaj r\u00f3wnie\u017c:<\/strong>\n    <ul><li><a href=\"https:\/\/www.samoobronapoznan.pl\/?p=2502\">pe\u0142ne por\u00f3wnanie treningu indywidualnego i grupowego<\/a><\/li><li><a href=\"https:\/\/www.samoobronapoznan.pl\/?page_id=2027\">kurs samoobrony dla kobiet w Szczecinie<\/a><\/li><li><a href=\"https:\/\/www.samoobronapoznan.pl\/?p=2532\">przegl\u0105d prywatnych zaj\u0119\u0107 w r\u00f3\u017cnych miastach<\/a><\/li><\/ul>\n    <p>Szkolenia dost\u0119pne s\u0105 tak\u017ce w innych miastach. Zobacz\n      <a href=\"https:\/\/www.samoobrona-warszawa.pl\/index.php\/indywidualne-szkolenie-samoobrony-warszawa\/\" target=\"_blank\" rel=\"noopener noreferrer\">indywidualne szkolenie samoobrony w Warszawie<\/a>.\n    <\/p>\n  <\/div>\n<\/article>\n","protected":false},"excerpt":{"rendered":"<p>Trening indywidualny czy kurs grupowy w Szczecinie \u2013 co wybra\u0107 na pocz\u0105tek? Oba formaty mog\u0105 by\u0107 skuteczne, ale odpowiadaj\u0105 na inne potrzeby. Kurs grupowy daje regularno\u015b\u0107 i r\u00f3\u017cnorodnych partner\u00f3w, a szkolenie prywatne pozwala skoncentrowa\u0107 si\u0119 na konkretnym celu. Kiedy lepsza b\u0119dzie grupa? Regularne zaj\u0119cia grupowe s\u0105 dobrym wyborem dla os\u00f3b, kt\u00f3re chc\u0105 trenowa\u0107 przez d\u0142u\u017cszy czas, poprawia\u0107 kondycj\u0119 i \u0107wiczy\u0107 z r\u00f3\u017cnymi partnerami. Wymagaj\u0105 jednak dopasowania si\u0119 do harmonogramu i programu ca\u0142ej grupy. Zalety treningu prywatnego Podczas szkolenia indywidualnego instruktor mo\u017ce po\u015bwi\u0119ci\u0107 ca\u0142\u0105 uwag\u0119 jednej osobie lub ma\u0142ej grupie. \u0141atwiej prze\u0107wiczy\u0107 konkretn\u0105 sytuacj\u0119, wraca\u0107 do trudniejszego elementu i kontrolowa\u0107 intensywno\u015b\u0107&#8230;. <\/p>\n","protected":false},"author":1,"featured_media":0,"comment_status":"open","ping_status":"open","sticky":false,"template":"","format":"standard","meta":{"ngg_post_thumbnail":0,"footnotes":""},"categories":[32],"tags":[],"class_list":["post-2559","post","type-post","status-publish","format-standard","hentry","category-bez-kategorii-pl"],"yoast_head":"<!-- This site is optimized with the Yoast SEO Premium plugin v26.6 (Yoast SEO v28.3) - https:\/\/yoast.com\/product\/yoast-seo-premium-wordpress\/ -->\n<title>Trening indywidualny czy kurs grupowy w Szczecinie<\/title>\n<meta name=\"description\" content=\"Trening indywidualny czy kurs grupowy w Szczecinie? Por\u00f3wnaj tempo, program, koszty i wybierz najlepszy format nauki samoobrony.\" \/>\n<meta name=\"robots\" content=\"index, follow, max-snippet:-1, max-image-preview:large, max-video-preview:-1\" \/>\n<link rel=\"canonical\" href=\"https:\/\/www.samoobronapoznan.pl\/?p=2559\" \/>\n<meta property=\"og:locale\" content=\"pl_PL\" \/>\n<meta property=\"og:type\" content=\"article\" \/>\n<meta property=\"og:title\" content=\"Trening indywidualny czy kurs grupowy w Szczecinie \u2013 co wybra\u0107 na pocz\u0105tek?\" \/>\n<meta property=\"og:description\" content=\"Trening indywidualny czy kurs grupowy w Szczecinie? Por\u00f3wnaj tempo, program, koszty i wybierz najlepszy format nauki samoobrony.\" \/>\n<meta property=\"og:url\" content=\"https:\/\/www.samoobronapoznan.pl\/?p=2559\" \/>\n<meta property=\"og:site_name\" content=\"Samoobrona Pozna\u0144\" \/>\n<meta property=\"article:publisher\" content=\"https:\/\/facebook.com\/samoobronapoznan\" \/>\n<meta property=\"article:published_time\" content=\"2026-07-31T17:46:33+00:00\" \/>\n<meta property=\"article:modified_time\" content=\"2026-07-31T17:46:35+00:00\" \/>\n<meta property=\"og:image\" content=\"https:\/\/www.samoobronapoznan.pl\/wp-content\/uploads\/2026\/07\/indywidualne_szkolenie_samoobrony_szczecin.jpg\" \/>\n<meta name=\"author\" content=\"admin\" \/>\n<meta name=\"twitter:card\" content=\"summary_large_image\" \/>\n<meta name=\"twitter:label1\" content=\"Napisane przez\" \/>\n\t<meta name=\"twitter:data1\" content=\"admin\" \/>\n\t<meta name=\"twitter:label2\" content=\"Szacowany czas czytania\" \/>\n\t<meta name=\"twitter:data2\" content=\"2 minuty\" \/>\n<script type=\"application\/ld+json\" class=\"yoast-schema-graph\">{\"@context\":\"https:\\\/\\\/schema.org\",\"@graph\":[{\"@type\":\"Article\",\"@id\":\"https:\\\/\\\/www.samoobronapoznan.pl\\\/?p=2559#article\",\"isPartOf\":{\"@id\":\"https:\\\/\\\/www.samoobronapoznan.pl\\\/?p=2559\"},\"author\":{\"name\":\"admin\",\"@id\":\"https:\\\/\\\/www.samoobronapoznan.pl\\\/#\\\/schema\\\/person\\\/4295d11d32ead72538b58864473ec48a\"},\"headline\":\"Trening indywidualny czy kurs grupowy w Szczecinie \u2013 co wybra\u0107 na pocz\u0105tek?\",\"datePublished\":\"2026-07-31T17:46:33+00:00\",\"dateModified\":\"2026-07-31T17:46:35+00:00\",\"mainEntityOfPage\":{\"@id\":\"https:\\\/\\\/www.samoobronapoznan.pl\\\/?p=2559\"},\"wordCount\":275,\"commentCount\":0,\"publisher\":{\"@id\":\"https:\\\/\\\/www.samoobronapoznan.pl\\\/#organization\"},\"image\":{\"@id\":\"https:\\\/\\\/www.samoobronapoznan.pl\\\/?p=2559#primaryimage\"},\"thumbnailUrl\":\"https:\\\/\\\/www.samoobronapoznan.pl\\\/wp-content\\\/uploads\\\/2026\\\/07\\\/indywidualne_szkolenie_samoobrony_szczecin.jpg\",\"inLanguage\":\"pl-PL\",\"potentialAction\":[{\"@type\":\"CommentAction\",\"name\":\"Comment\",\"target\":[\"https:\\\/\\\/www.samoobronapoznan.pl\\\/?p=2559#respond\"]}]},{\"@type\":\"WebPage\",\"@id\":\"https:\\\/\\\/www.samoobronapoznan.pl\\\/?p=2559\",\"url\":\"https:\\\/\\\/www.samoobronapoznan.pl\\\/?p=2559\",\"name\":\"Trening indywidualny czy kurs grupowy w Szczecinie\",\"isPartOf\":{\"@id\":\"https:\\\/\\\/www.samoobronapoznan.pl\\\/#website\"},\"primaryImageOfPage\":{\"@id\":\"https:\\\/\\\/www.samoobronapoznan.pl\\\/?p=2559#primaryimage\"},\"image\":{\"@id\":\"https:\\\/\\\/www.samoobronapoznan.pl\\\/?p=2559#primaryimage\"},\"thumbnailUrl\":\"https:\\\/\\\/www.samoobronapoznan.pl\\\/wp-content\\\/uploads\\\/2026\\\/07\\\/indywidualne_szkolenie_samoobrony_szczecin.jpg\",\"datePublished\":\"2026-07-31T17:46:33+00:00\",\"dateModified\":\"2026-07-31T17:46:35+00:00\",\"description\":\"Trening indywidualny czy kurs grupowy w Szczecinie? Por\u00f3wnaj tempo, program, koszty i wybierz najlepszy format nauki samoobrony.\",\"breadcrumb\":{\"@id\":\"https:\\\/\\\/www.samoobronapoznan.pl\\\/?p=2559#breadcrumb\"},\"inLanguage\":\"pl-PL\",\"potentialAction\":[{\"@type\":\"ReadAction\",\"target\":[\"https:\\\/\\\/www.samoobronapoznan.pl\\\/?p=2559\"]}]},{\"@type\":\"ImageObject\",\"inLanguage\":\"pl-PL\",\"@id\":\"https:\\\/\\\/www.samoobronapoznan.pl\\\/?p=2559#primaryimage\",\"url\":\"https:\\\/\\\/www.samoobronapoznan.pl\\\/wp-content\\\/uploads\\\/2026\\\/07\\\/indywidualne_szkolenie_samoobrony_szczecin.jpg\",\"contentUrl\":\"https:\\\/\\\/www.samoobronapoznan.pl\\\/wp-content\\\/uploads\\\/2026\\\/07\\\/indywidualne_szkolenie_samoobrony_szczecin.jpg\",\"width\":1920,\"height\":1080,\"caption\":\"indywidualne treningi samoobrony szczecin\"},{\"@type\":\"BreadcrumbList\",\"@id\":\"https:\\\/\\\/www.samoobronapoznan.pl\\\/?p=2559#breadcrumb\",\"itemListElement\":[{\"@type\":\"ListItem\",\"position\":1,\"name\":\"Strona g\u0142\u00f3wna\",\"item\":\"https:\\\/\\\/www.samoobronapoznan.pl\\\/\"},{\"@type\":\"ListItem\",\"position\":2,\"name\":\"Trening indywidualny czy kurs grupowy w Szczecinie \u2013 co wybra\u0107 na pocz\u0105tek?\"}]},{\"@type\":\"WebSite\",\"@id\":\"https:\\\/\\\/www.samoobronapoznan.pl\\\/#website\",\"url\":\"https:\\\/\\\/www.samoobronapoznan.pl\\\/\",\"name\":\"Samoobrona Pozna\u0144\",\"description\":\"Wielkopolskie Centrum Samoobrony i Bezpiecze\u0144stwa\",\"publisher\":{\"@id\":\"https:\\\/\\\/www.samoobronapoznan.pl\\\/#organization\"},\"potentialAction\":[{\"@type\":\"SearchAction\",\"target\":{\"@type\":\"EntryPoint\",\"urlTemplate\":\"https:\\\/\\\/www.samoobronapoznan.pl\\\/?s={search_term_string}\"},\"query-input\":{\"@type\":\"PropertyValueSpecification\",\"valueRequired\":true,\"valueName\":\"search_term_string\"}}],\"inLanguage\":\"pl-PL\"},{\"@type\":\"Organization\",\"@id\":\"https:\\\/\\\/www.samoobronapoznan.pl\\\/#organization\",\"name\":\"Wielkopolskie Centrum Samoobrony i Bezpiecze\u0144stwa Pozna\u0144\",\"url\":\"https:\\\/\\\/www.samoobronapoznan.pl\\\/\",\"logo\":{\"@type\":\"ImageObject\",\"inLanguage\":\"pl-PL\",\"@id\":\"https:\\\/\\\/www.samoobronapoznan.pl\\\/#\\\/schema\\\/logo\\\/image\\\/\",\"url\":\"https:\\\/\\\/www.samoobronapoznan.pl\\\/wp-content\\\/uploads\\\/2022\\\/09\\\/WCSIB.jpg\",\"contentUrl\":\"https:\\\/\\\/www.samoobronapoznan.pl\\\/wp-content\\\/uploads\\\/2022\\\/09\\\/WCSIB.jpg\",\"width\":960,\"height\":956,\"caption\":\"Wielkopolskie Centrum Samoobrony i Bezpiecze\u0144stwa Pozna\u0144\"},\"image\":{\"@id\":\"https:\\\/\\\/www.samoobronapoznan.pl\\\/#\\\/schema\\\/logo\\\/image\\\/\"},\"sameAs\":[\"https:\\\/\\\/facebook.com\\\/samoobronapoznan\",\"https:\\\/\\\/www.instagram.com\\\/wcsib_poznan\"],\"email\":\"kontakt@samoobronapoznan.pl\",\"telephone\":\"+48 727 907 468\"},{\"@type\":\"Person\",\"@id\":\"https:\\\/\\\/www.samoobronapoznan.pl\\\/#\\\/schema\\\/person\\\/4295d11d32ead72538b58864473ec48a\",\"name\":\"admin\",\"image\":{\"@type\":\"ImageObject\",\"inLanguage\":\"pl-PL\",\"@id\":\"https:\\\/\\\/secure.gravatar.com\\\/avatar\\\/e40200dd69d1dc87a1ec24cf10423bb23d5e71333e5a5c3367457b193bf803f8?s=96&d=mm&r=g\",\"url\":\"https:\\\/\\\/secure.gravatar.com\\\/avatar\\\/e40200dd69d1dc87a1ec24cf10423bb23d5e71333e5a5c3367457b193bf803f8?s=96&d=mm&r=g\",\"contentUrl\":\"https:\\\/\\\/secure.gravatar.com\\\/avatar\\\/e40200dd69d1dc87a1ec24cf10423bb23d5e71333e5a5c3367457b193bf803f8?s=96&d=mm&r=g\",\"caption\":\"admin\"},\"sameAs\":[\"https:\\\/\\\/www.samoobronapoznan.pl\"],\"url\":\"https:\\\/\\\/www.samoobronapoznan.pl\\\/?author=1\"}]}<\/script>\n<!-- \/ Yoast SEO Premium plugin. -->","yoast_head_json":{"title":"Trening indywidualny czy kurs grupowy w Szczecinie","description":"Trening indywidualny czy kurs grupowy w Szczecinie? Por\u00f3wnaj tempo, program, koszty i wybierz najlepszy format nauki samoobrony.","robots":{"index":"index","follow":"follow","max-snippet":"max-snippet:-1","max-image-preview":"max-image-preview:large","max-video-preview":"max-video-preview:-1"},"canonical":"https:\/\/www.samoobronapoznan.pl\/?p=2559","og_locale":"pl_PL","og_type":"article","og_title":"Trening indywidualny czy kurs grupowy w Szczecinie \u2013 co wybra\u0107 na pocz\u0105tek?","og_description":"Trening indywidualny czy kurs grupowy w Szczecinie? Por\u00f3wnaj tempo, program, koszty i wybierz najlepszy format nauki samoobrony.","og_url":"https:\/\/www.samoobronapoznan.pl\/?p=2559","og_site_name":"Samoobrona Pozna\u0144","article_publisher":"https:\/\/facebook.com\/samoobronapoznan","article_published_time":"2026-07-31T17:46:33+00:00","article_modified_time":"2026-07-31T17:46:35+00:00","og_image":[{"url":"https:\/\/www.samoobronapoznan.pl\/wp-content\/uploads\/2026\/07\/indywidualne_szkolenie_samoobrony_szczecin.jpg","type":"","width":"","height":""}],"author":"admin","twitter_card":"summary_large_image","twitter_misc":{"Napisane przez":"admin","Szacowany czas czytania":"2 minuty"},"schema":{"@context":"https:\/\/schema.org","@graph":[{"@type":"Article","@id":"https:\/\/www.samoobronapoznan.pl\/?p=2559#article","isPartOf":{"@id":"https:\/\/www.samoobronapoznan.pl\/?p=2559"},"author":{"name":"admin","@id":"https:\/\/www.samoobronapoznan.pl\/#\/schema\/person\/4295d11d32ead72538b58864473ec48a"},"headline":"Trening indywidualny czy kurs grupowy w Szczecinie \u2013 co wybra\u0107 na pocz\u0105tek?","datePublished":"2026-07-31T17:46:33+00:00","dateModified":"2026-07-31T17:46:35+00:00","mainEntityOfPage":{"@id":"https:\/\/www.samoobronapoznan.pl\/?p=2559"},"wordCount":275,"commentCount":0,"publisher":{"@id":"https:\/\/www.samoobronapoznan.pl\/#organization"},"image":{"@id":"https:\/\/www.samoobronapoznan.pl\/?p=2559#primaryimage"},"thumbnailUrl":"https:\/\/www.samoobronapoznan.pl\/wp-content\/uploads\/2026\/07\/indywidualne_szkolenie_samoobrony_szczecin.jpg","inLanguage":"pl-PL","potentialAction":[{"@type":"CommentAction","name":"Comment","target":["https:\/\/www.samoobronapoznan.pl\/?p=2559#respond"]}]},{"@type":"WebPage","@id":"https:\/\/www.samoobronapoznan.pl\/?p=2559","url":"https:\/\/www.samoobronapoznan.pl\/?p=2559","name":"Trening indywidualny czy kurs grupowy w Szczecinie","isPartOf":{"@id":"https:\/\/www.samoobronapoznan.pl\/#website"},"primaryImageOfPage":{"@id":"https:\/\/www.samoobronapoznan.pl\/?p=2559#primaryimage"},"image":{"@id":"https:\/\/www.samoobronapoznan.pl\/?p=2559#primaryimage"},"thumbnailUrl":"https:\/\/www.samoobronapoznan.pl\/wp-content\/uploads\/2026\/07\/indywidualne_szkolenie_samoobrony_szczecin.jpg","datePublished":"2026-07-31T17:46:33+00:00","dateModified":"2026-07-31T17:46:35+00:00","description":"Trening indywidualny czy kurs grupowy w Szczecinie? Por\u00f3wnaj tempo, program, koszty i wybierz najlepszy format nauki samoobrony.","breadcrumb":{"@id":"https:\/\/www.samoobronapoznan.pl\/?p=2559#breadcrumb"},"inLanguage":"pl-PL","potentialAction":[{"@type":"ReadAction","target":["https:\/\/www.samoobronapoznan.pl\/?p=2559"]}]},{"@type":"ImageObject","inLanguage":"pl-PL","@id":"https:\/\/www.samoobronapoznan.pl\/?p=2559#primaryimage","url":"https:\/\/www.samoobronapoznan.pl\/wp-content\/uploads\/2026\/07\/indywidualne_szkolenie_samoobrony_szczecin.jpg","contentUrl":"https:\/\/www.samoobronapoznan.pl\/wp-content\/uploads\/2026\/07\/indywidualne_szkolenie_samoobrony_szczecin.jpg","width":1920,"height":1080,"caption":"indywidualne treningi samoobrony szczecin"},{"@type":"BreadcrumbList","@id":"https:\/\/www.samoobronapoznan.pl\/?p=2559#breadcrumb","itemListElement":[{"@type":"ListItem","position":1,"name":"Strona g\u0142\u00f3wna","item":"https:\/\/www.samoobronapoznan.pl\/"},{"@type":"ListItem","position":2,"name":"Trening indywidualny czy kurs grupowy w Szczecinie \u2013 co wybra\u0107 na pocz\u0105tek?"}]},{"@type":"WebSite","@id":"https:\/\/www.samoobronapoznan.pl\/#website","url":"https:\/\/www.samoobronapoznan.pl\/","name":"Samoobrona Pozna\u0144","description":"Wielkopolskie Centrum Samoobrony i Bezpiecze\u0144stwa","publisher":{"@id":"https:\/\/www.samoobronapoznan.pl\/#organization"},"potentialAction":[{"@type":"SearchAction","target":{"@type":"EntryPoint","urlTemplate":"https:\/\/www.samoobronapoznan.pl\/?s={search_term_string}"},"query-input":{"@type":"PropertyValueSpecification","valueRequired":true,"valueName":"search_term_string"}}],"inLanguage":"pl-PL"},{"@type":"Organization","@id":"https:\/\/www.samoobronapoznan.pl\/#organization","name":"Wielkopolskie Centrum Samoobrony i Bezpiecze\u0144stwa Pozna\u0144","url":"https:\/\/www.samoobronapoznan.pl\/","logo":{"@type":"ImageObject","inLanguage":"pl-PL","@id":"https:\/\/www.samoobronapoznan.pl\/#\/schema\/logo\/image\/","url":"https:\/\/www.samoobronapoznan.pl\/wp-content\/uploads\/2022\/09\/WCSIB.jpg","contentUrl":"https:\/\/www.samoobronapoznan.pl\/wp-content\/uploads\/2022\/09\/WCSIB.jpg","width":960,"height":956,"caption":"Wielkopolskie Centrum Samoobrony i Bezpiecze\u0144stwa Pozna\u0144"},"image":{"@id":"https:\/\/www.samoobronapoznan.pl\/#\/schema\/logo\/image\/"},"sameAs":["https:\/\/facebook.com\/samoobronapoznan","https:\/\/www.instagram.com\/wcsib_poznan"],"email":"kontakt@samoobronapoznan.pl","telephone":"+48 727 907 468"},{"@type":"Person","@id":"https:\/\/www.samoobronapoznan.pl\/#\/schema\/person\/4295d11d32ead72538b58864473ec48a","name":"admin","image":{"@type":"ImageObject","inLanguage":"pl-PL","@id":"https:\/\/secure.gravatar.com\/avatar\/e40200dd69d1dc87a1ec24cf10423bb23d5e71333e5a5c3367457b193bf803f8?s=96&d=mm&r=g","url":"https:\/\/secure.gravatar.com\/avatar\/e40200dd69d1dc87a1ec24cf10423bb23d5e71333e5a5c3367457b193bf803f8?s=96&d=mm&r=g","contentUrl":"https:\/\/secure.gravatar.com\/avatar\/e40200dd69d1dc87a1ec24cf10423bb23d5e71333e5a5c3367457b193bf803f8?s=96&d=mm&r=g","caption":"admin"},"sameAs":["https:\/\/www.samoobronapoznan.pl"],"url":"https:\/\/www.samoobronapoznan.pl\/?author=1"}]}},"_links":{"self":[{"href":"https:\/\/www.samoobronapoznan.pl\/index.php?rest_route=\/wp\/v2\/posts\/2559","targetHints":{"allow":["GET"]}}],"collection":[{"href":"https:\/\/www.samoobronapoznan.pl\/index.php?rest_route=\/wp\/v2\/posts"}],"about":[{"href":"https:\/\/www.samoobronapoznan.pl\/index.php?rest_route=\/wp\/v2\/types\/post"}],"author":[{"embeddable":true,"href":"https:\/\/www.samoobronapoznan.pl\/index.php?rest_route=\/wp\/v2\/users\/1"}],"replies":[{"embeddable":true,"href":"https:\/\/www.samoobronapoznan.pl\/index.php?rest_route=%2Fwp%2Fv2%2Fcomments&post=2559"}],"version-history":[{"count":1,"href":"https:\/\/www.samoobronapoznan.pl\/index.php?rest_route=\/wp\/v2\/posts\/2559\/revisions"}],"predecessor-version":[{"id":2560,"href":"https:\/\/www.samoobronapoznan.pl\/index.php?rest_route=\/wp\/v2\/posts\/2559\/revisions\/2560"}],"wp:attachment":[{"href":"https:\/\/www.samoobronapoznan.pl\/index.php?rest_route=%2Fwp%2Fv2%2Fmedia&parent=2559"}],"wp:term":[{"taxonomy":"category","embeddable":true,"href":"https:\/\/www.samoobronapoznan.pl\/index.php?rest_route=%2Fwp%2Fv2%2Fcategories&post=2559"},{"taxonomy":"post_tag","embeddable":true,"href":"https:\/\/www.samoobronapoznan.pl\/index.php?rest_route=%2Fwp%2Fv2%2Ftags&post=2559"}],"curies":[{"name":"wp","href":"https:\/\/api.w.org\/{rel}","templated":true}]}}