{"id":2590,"date":"2026-08-12T16:37:37","date_gmt":"2026-08-12T16:37:37","guid":{"rendered":"https:\/\/www.samoobronapoznan.pl\/?p=2590"},"modified":"2026-08-12T16:37:39","modified_gmt":"2026-08-12T16:37:39","slug":"pierwszy-indywidualny-trening-samoobrony-poznan","status":"publish","type":"post","link":"https:\/\/www.samoobronapoznan.pl\/?p=2590","title":{"rendered":"Pierwszy indywidualny trening samoobrony w Poznaniu"},"content":{"rendered":"\n<!--\nSEO TITLE: Pierwszy indywidualny trening samoobrony w Poznaniu\nSLUG: pierwszy-indywidualny-trening-samoobrony-poznan\nMETA DESCRIPTION: Jak wygl\u0105da pierwszy indywidualny trening samoobrony w Poznaniu? Sprawd\u017a, jak si\u0119 przygotowa\u0107, co zabra\u0107 i czego mo\u017cesz nauczy\u0107 si\u0119 na zaj\u0119ciach 1:1.\nFRAZA G\u0141\u00d3WNA: pierwszy trening samoobrony\nFRAZY WSPIERAJ\u0104CE: jak wygl\u0105da trening samoobrony 1:1; trening personalny samoobrony Pozna\u0144; jak przygotowa\u0107 si\u0119 do samoobrony; indywidualna nauka samoobrony\nINTENCJA: informacyjna \/ osoba rozwa\u017caj\u0105ca pierwsze zaj\u0119cia\n-->\n\n<article>\n  <h1>Pierwszy indywidualny trening samoobrony \u2013 jak wygl\u0105da i jak si\u0119 przygotowa\u0107?<\/h1>\n\n  <figure>\n    <a href=\"https:\/\/www.samoobronapoznan.pl\/?page_id=13\">\n      <img fetchpriority=\"high\" src=\"https:\/\/www.samoobronapoznan.pl\/wp-content\/uploads\/2022\/09\/szymek.jpg\"\n           alt=\"Pierwszy indywidualny trening samoobrony w Poznaniu\"\n           width=\"1200\" height=\"800\" loading=\"eager\" decoding=\"async\">\n    <\/a>\n    <figcaption>Indywidualny trening samoobrony pozwala dopasowa\u0107 tempo i program do konkretnej osoby.<\/figcaption>\n  <\/figure>\n\n  <p>Pierwsze zaj\u0119cia samoobrony mog\u0105 wywo\u0142ywa\u0107 mieszank\u0119 ciekawo\u015bci i niepewno\u015bci. Osoba, kt\u00f3ra nigdy wcze\u015bniej nie trenowa\u0142a sport\u00f3w walki, cz\u0119sto zastanawia si\u0119, czy poradzi sobie z \u0107wiczeniami, czy potrzebuje dobrej kondycji i czy instruktor b\u0119dzie oczekiwa\u0142 od niej agresywnego zachowania. W formule indywidualnej wi\u0119kszo\u015b\u0107 tych obaw mo\u017cna szybko uporz\u0105dkowa\u0107, poniewa\u017c trening jest dopasowywany do uczestnika, a nie do tempa ca\u0142ej grupy.<\/p>\n\n  <p><strong>Pierwszy indywidualny trening samoobrony<\/strong> nie jest egzaminem sprawno\u015bci ani testem odwagi. To spotkanie, podczas kt\u00f3rego instruktor poznaje potrzeby uczestnika, sprawdza jego naturalne reakcje i proponuje program odpowiadaj\u0105cy realnym sytuacjom. Jedna osoba chce nauczy\u0107 si\u0119 reagowania na agresywne zaczepki, inna przygotowuje si\u0119 do samotnych powrot\u00f3w wieczorem, a jeszcze inna chce przepracowa\u0107 l\u0119k przed kontaktem fizycznym.<\/p>\n\n  <h2>Od rozmowy o potrzebach do praktycznych \u0107wicze\u0144<\/h2>\n\n  <p>Zaj\u0119cia zazwyczaj rozpoczynaj\u0105 si\u0119 od kr\u00f3tkiej rozmowy. Warto powiedzie\u0107 instruktorowi, dlaczego interesuje Ci\u0119 samoobrona, czy masz wcze\u015bniejsze do\u015bwiadczenie oraz czy istniej\u0105 konkretne sytuacje, kt\u00f3rych si\u0119 obawiasz. Nie trzeba opowiada\u0107 o prywatnych wydarzeniach, je\u015bli nie czujesz si\u0119 z tym komfortowo. Wystarczy okre\u015bli\u0107 obszar: komunikacja miejska, wieczorne powroty, praca z trudnymi osobami, podr\u00f3\u017c albo zwi\u0119kszenie og\u00f3lnej pewno\u015bci dzia\u0142ania.<\/p>\n\n  <p>Instruktor mo\u017ce zapyta\u0107 r\u00f3wnie\u017c o stan zdrowia, urazy i ograniczenia ruchowe. Taka informacja nie s\u0142u\u017cy ocenie uczestnika, lecz bezpiecznemu dopasowaniu \u0107wicze\u0144. Problemy z kolanem, kr\u0119gos\u0142upem czy barkiem nie musz\u0105 wyklucza\u0107 udzia\u0142u. Cz\u0119\u015b\u0107 zada\u0144 mo\u017cna zmodyfikowa\u0107, zmniejszy\u0107 intensywno\u015b\u0107 albo zast\u0105pi\u0107 innym rozwi\u0105zaniem.<\/p>\n\n  <h2>Czego mo\u017cna spodziewa\u0107 si\u0119 na pocz\u0105tku treningu 1:1?<\/h2>\n\n  <p>Pierwsze praktyczne elementy dotycz\u0105 zwykle podstaw, kt\u00f3re maj\u0105 zastosowanie w wielu scenariuszach. Zanim pojawi si\u0119 obrona przed konkretnym chwytem, trzeba zrozumie\u0107, jak ustawi\u0107 cia\u0142o, zachowa\u0107 r\u00f3wnowag\u0119 i utrzyma\u0107 odleg\u0142o\u015b\u0107 od drugiej osoby. Dobra samoobrona zaczyna si\u0119 wcze\u015bniej ni\u017c fizyczny atak.<\/p>\n\n  <p>Program pierwszych zaj\u0119\u0107 mo\u017ce obejmowa\u0107:<\/p>\n\n  <ul>\n    <li>rozpoznawanie niepokoj\u0105cego zachowania i momentu, w kt\u00f3rym warto odej\u015b\u0107,<\/li>\n    <li>ustawienie cia\u0142a pozwalaj\u0105ce chroni\u0107 g\u0142ow\u0119 bez prowokowania konfliktu,<\/li>\n    <li>utrzymywanie bezpiecznego dystansu,<\/li>\n    <li>stanowcze komunikaty i u\u017cywanie g\u0142osu,<\/li>\n    <li>podstawowe sposoby ochrony przed uderzeniami,<\/li>\n    <li>reakcj\u0119 na wybrane chwyty lub pr\u00f3b\u0119 przytrzymania,<\/li>\n    <li>stworzenie mo\u017cliwo\u015bci odej\u015bcia i wezwania pomocy.<\/li>\n  <\/ul>\n\n  <p>Zakres nie jest sztywny. Je\u015bli uczestnik przychodzi z konkretnym celem, instruktor mo\u017ce po\u015bwi\u0119ci\u0107 wi\u0119cej czasu jednemu zagadnieniu. Najwi\u0119ksz\u0105 zalet\u0105 treningu personalnego jest mo\u017cliwo\u015b\u0107 wielokrotnego powt\u00f3rzenia ruchu, zatrzymania \u0107wiczenia i natychmiastowego skorygowania b\u0142\u0119du.<\/p>\n\n  <h2>Czy trzeba mie\u0107 kondycj\u0119 albo do\u015bwiadczenie?<\/h2>\n\n  <p>Nie. Indywidualne zaj\u0119cia mog\u0105 rozpocz\u0105\u0107 si\u0119 od zupe\u0142nych podstaw. Uczestnik nie musi zna\u0107 Krav Maga, KAPAP, boksu ani innych system\u00f3w walki. Nie musi r\u00f3wnie\u017c wykonywa\u0107 pompek, biega\u0107 na d\u0142ugich dystansach czy posiada\u0107 du\u017cej elastyczno\u015bci.<\/p>\n\n  <p>Sprawno\u015b\u0107 pomaga, ale techniki i decyzje musz\u0105 by\u0107 dopasowane do rzeczywistych mo\u017cliwo\u015bci cz\u0142owieka. Osoba drobna, starsza albo maj\u0105ca mniejsz\u0105 si\u0142\u0119 nie powinna budowa\u0107 strategii na si\u0142owaniu si\u0119 z napastnikiem. Wi\u0119ksze znaczenie ma wcze\u015bniejsza reakcja, dystans, ochrona, wykorzystanie momentu zaskoczenia i skierowanie si\u0119 do bezpiecznego miejsca.<\/p>\n\n  <h2>Jak ubra\u0107 si\u0119 na pierwszy trening samoobrony?<\/h2>\n\n  <p>Najlepszy b\u0119dzie wygodny str\u00f3j, kt\u00f3ry nie ogranicza ruch\u00f3w: spodnie sportowe, legginsy lub dres oraz koszulka. Potrzebne jest czyste obuwie sportowe na zmian\u0119 i woda. Nie trzeba kupowa\u0107 r\u0119kawic, ochraniaczy ani specjalistycznego stroju przed pierwsz\u0105 wizyt\u0105.<\/p>\n\n  <p>Warto jednak pami\u0119ta\u0107, \u017ce realne zagro\u017cenia nie zdarzaj\u0105 si\u0119 wy\u0142\u0105cznie w stroju treningowym. Na kolejnych zaj\u0119ciach mo\u017cna czasami prze\u0107wiczy\u0107 wybrane dzia\u0142ania w codziennym ubraniu, kurtce albo z torb\u0105. Takie zadania pokazuj\u0105, jak odzie\u017c, ograniczona przestrze\u0144 i przedmioty trzymane w d\u0142oniach wp\u0142ywaj\u0105 na reakcj\u0119.<\/p>\n\n  <h2>Czy na zaj\u0119ciach kto\u015b b\u0119dzie uderza\u0142 naprawd\u0119?<\/h2>\n\n  <p>Intensywno\u015b\u0107 powinna by\u0107 wprowadzana stopniowo. Na pocz\u0105tku uczestnik poznaje ruch w spokojnym tempie, bez zaskoczenia. Dopiero kiedy rozumie zadanie i potrafi bezpiecznie je wykona\u0107, mo\u017cna zwi\u0119kszy\u0107 dynamik\u0119. Instruktor kontroluje si\u0142\u0119 oraz spos\u00f3b ataku, a uczestnik ma prawo przerwa\u0107 \u0107wiczenie.<\/p>\n\n  <p>Celem nie jest przyzwyczajanie do b\u00f3lu ani udowodnienie, \u017ce trening jest \u201erealny\u201d przez niepotrzebne urazy. Realizm wynika z podejmowania decyzji, pracy na dystansie, stopniowego stresu i \u0142\u0105czenia poznanych element\u00f3w. Dobrze prowadzone zaj\u0119cia pozwalaj\u0105 \u0107wiczy\u0107 pod presj\u0105 bez utraty kontroli nad bezpiecze\u0144stwem.<\/p>\n\n  <h2>Co daje indywidualna forma nauki?<\/h2>\n\n  <p>Podczas treningu grupowego instruktor dzieli uwag\u0119 mi\u0119dzy wiele os\u00f3b. W formule 1:1 ka\u017cda pr\u00f3ba mo\u017ce zosta\u0107 skorygowana od razu. Mo\u017cna zatrzyma\u0107 ruch, zapyta\u0107 o szczeg\u00f3\u0142 i powt\u00f3rzy\u0107 go tyle razy, ile potrzeba. Tempo nie zale\u017cy od pozosta\u0142ych uczestnik\u00f3w.<\/p>\n\n  <p>To szczeg\u00f3lnie dobre rozwi\u0105zanie dla os\u00f3b, kt\u00f3re:<\/p>\n\n  <ul>\n    <li>nie czuj\u0105 si\u0119 komfortowo podczas \u0107wicze\u0144 w du\u017cej grupie,<\/li>\n    <li>maj\u0105 nieregularny grafik i potrzebuj\u0105 elastycznego terminu,<\/li>\n    <li>chc\u0105 przygotowa\u0107 si\u0119 do konkretnego zagro\u017cenia,<\/li>\n    <li>wracaj\u0105 do aktywno\u015bci po d\u0142u\u017cszej przerwie,<\/li>\n    <li>potrzebuj\u0105 spokojnego tempa albo modyfikacji \u0107wicze\u0144,<\/li>\n    <li>zale\u017cy im na szybkim wychwyceniu b\u0142\u0119d\u00f3w technicznych.<\/li>\n  <\/ul>\n\n  <h2>Gdzie odbywaj\u0105 si\u0119 indywidualne zaj\u0119cia w Poznaniu?<\/h2>\n\n  <p>Trening mo\u017ce odbywa\u0107 si\u0119 w klubie HALKOWNIA przy ul. 28 Czerwca 1956 r. 222 w Poznaniu. W zale\u017cno\u015bci od ustale\u0144 mo\u017cliwe s\u0105 r\u00f3wnie\u017c zaj\u0119cia w domu uczestnika albo w przestrzeni biurowej, z dojazdem na terenie Poznania i okolic. Termin jest ustalany indywidualnie.<\/p>\n\n  <p>Wyb\u00f3r miejsca mo\u017ce zale\u017ce\u0107 od celu szkolenia. Sala daje komfortow\u0105 przestrze\u0144 do poznawania podstaw. Trening w znanym otoczeniu mo\u017ce natomiast pom\u00f3c przeanalizowa\u0107 konkretne ograniczenia przestrzeni, codzienn\u0105 tras\u0119 albo spos\u00f3b przechowywania wyposa\u017cenia bezpiecze\u0144stwa.<\/p>\n\n  <h2>Kto prowadzi zaj\u0119cia?<\/h2>\n\n  <p>Indywidualne treningi prowadzi zesp\u00f3\u0142 Wielkopolskiego Centrum Samoobrony i Bezpiecze\u0144stwa. Za\u0142o\u017cycielem i g\u0142\u00f3wnym instruktorem jest Jakub Rausch, posiadaj\u0105cy ponad 20 lat do\u015bwiadczenia oraz kwalifikacje instruktora samoobrony, taktyk i technik interwencji oraz KAPAP. Program mo\u017ce \u0142\u0105czy\u0107 elementy Krav Maga i KAPAP z praktycznymi scenariuszami bezpiecze\u0144stwa osobistego.<\/p>\n\n  <p>Najwa\u017cniejsze jest jednak dopasowanie \u0107wicze\u0144 do osoby. Technika, kt\u00f3ra dobrze wygl\u0105da podczas pokazu, nie zawsze b\u0119dzie najlepszym rozwi\u0105zaniem dla uczestnika o innych warunkach fizycznych, do\u015bwiadczeniu lub celu. Trening indywidualny pozwala wybra\u0107 reakcje, kt\u00f3re uczestnik rzeczywi\u015bcie jest w stanie zastosowa\u0107.<\/p>\n\n  <h2>Jak przygotowa\u0107 cel przed pierwszym spotkaniem?<\/h2>\n\n  <p>Nie musisz tworzy\u0107 rozbudowanego planu. Wystarczy odpowiedzie\u0107 sobie na trzy pytania:<\/p>\n\n  <ol>\n    <li>W jakich sytuacjach chc\u0119 czu\u0107 si\u0119 pewniej?<\/li>\n    <li>Czy zale\u017cy mi g\u0142\u00f3wnie na profilaktyce, technikach fizycznych czy po\u0142\u0105czeniu obu obszar\u00f3w?<\/li>\n    <li>Czy chc\u0119 odby\u0107 pojedyncze szkolenie, czy pracowa\u0107 regularnie?<\/li>\n  <\/ol>\n\n  <p>Odpowiedzi u\u0142atwi\u0105 dobranie pierwszych \u0107wicze\u0144, ale plan mo\u017ce si\u0119 zmieni\u0107 po rozpocz\u0119ciu treningu. Czasami uczestnik odkrywa, \u017ce jego najwi\u0119kszym problemem nie jest brak techniki, lecz zbyt p\u00f3\u017ane reagowanie, trudno\u015b\u0107 z u\u017cyciem g\u0142osu albo utrata r\u00f3wnowagi pod presj\u0105.<\/p>\n\n  <h2>Co dzieje si\u0119 po pierwszym treningu?<\/h2>\n\n  <p>Po zako\u0144czeniu zaj\u0119\u0107 instruktor mo\u017ce wskaza\u0107 elementy, kt\u00f3re uczestnik opanowa\u0142 szybko, oraz obszary wymagaj\u0105ce dalszych powt\u00f3rek. Nie nale\u017cy oczekiwa\u0107, \u017ce po jednym spotkaniu wszystkie reakcje stan\u0105 si\u0119 automatyczne. Pierwszy trening s\u0142u\u017cy przede wszystkim zbudowaniu podstaw, poznaniu sposobu pracy i sprawdzeniu, jakie rozwi\u0105zania s\u0105 dla danej osoby najbardziej naturalne.<\/p>\n\n  <p>Warto zapisa\u0107 dwie lub trzy najwa\u017cniejsze zasady zamiast pr\u00f3bowa\u0107 zapami\u0119ta\u0107 ka\u017cdy szczeg\u00f3\u0142 techniczny. Mo\u017ce to by\u0107 wcze\u015bniejsze ustawienie d\u0142oni, odej\u015bcie po skosie, g\u0142o\u015bny komunikat albo natychmiastowe skierowanie si\u0119 do wyj\u015bcia po uwolnieniu. Proste wskaz\u00f3wki \u0142atwiej p\u00f3\u017aniej odtworzy\u0107 i wykorzysta\u0107 jako punkt wyj\u015bcia do kolejnego spotkania.<\/p>\n\n  <p>Je\u017celi uczestnik chce kontynuowa\u0107, nast\u0119pne zaj\u0119cia mog\u0105 rozpocz\u0105\u0107 si\u0119 od kr\u00f3tkiego powt\u00f3rzenia. P\u00f3\u017aniej mo\u017cna zwi\u0119kszy\u0107 tempo, doda\u0107 inne ustawienie, ograniczon\u0105 przestrze\u0144 lub bardziej z\u0142o\u017cony scenariusz. Regularno\u015b\u0107 pomaga skr\u00f3ci\u0107 czas reakcji, ale cz\u0119stotliwo\u015b\u0107 trening\u00f3w powinna odpowiada\u0107 mo\u017cliwo\u015bciom i celowi uczestnika.<\/p>\n\n  <h2>Najcz\u0119stsze obawy przed zaj\u0119ciami indywidualnymi<\/h2>\n\n  <p>Niekt\u00f3re osoby obawiaj\u0105 si\u0119, \u017ce podczas treningu 1:1 ca\u0142a uwaga instruktora b\u0119dzie dla nich kr\u0119puj\u0105ca. W praktyce indywidualna forma daje wi\u0119cej kontroli: mo\u017cna zadawa\u0107 pytania, poprosi\u0107 o wolniejsze tempo i nie por\u00f3wnywa\u0107 si\u0119 z grup\u0105. Instruktor widzi b\u0142\u0119dy, ale jego zadaniem jest je wyja\u015bni\u0107 i pom\u00f3c znale\u017a\u0107 lepsze rozwi\u0105zanie, a nie ocenia\u0107 uczestnika.<\/p>\n\n  <p>Inn\u0105 obaw\u0105 jest brak agresji. Skuteczna samoobrona nie wymaga agresywnej osobowo\u015bci. Potrzebna jest decyzja, aby chroni\u0107 siebie, u\u017cy\u0107 g\u0142osu, postawi\u0107 granic\u0119 i odej\u015b\u0107. Te zachowania mo\u017cna rozwija\u0107 stopniowo tak\u017ce u spokojnej, nie\u015bmia\u0142ej osoby.<\/p>\n\n  <h2>Um\u00f3w pierwszy indywidualny trening samoobrony w Poznaniu<\/h2>\n\n  <p>Je\u017celi chcesz uczy\u0107 si\u0119 we w\u0142asnym tempie, skupi\u0107 na konkretnych potrzebach i otrzymywa\u0107 poprawki po ka\u017cdej pr\u00f3bie, zaj\u0119cia indywidualne b\u0119d\u0105 dobrym punktem startowym. Mo\u017cesz trenowa\u0107 samodzielnie, w parze albo w ma\u0142ej grupie do czterech os\u00f3b.<\/p>\n\n  <p><a href=\"https:\/\/www.samoobronapoznan.pl\/?page_id=13\"><strong>Sprawd\u017a indywidualne zaj\u0119cia samoobrony w Poznaniu i skontaktuj si\u0119 w sprawie terminu<\/strong><\/a>.<\/p>\n\n  <h2>Najcz\u0119\u015bciej zadawane pytania<\/h2>\n\n  <h3>Czy mog\u0119 przyj\u015b\u0107 bez wcze\u015bniejszego do\u015bwiadczenia?<\/h3>\n  <p>Tak. Program mo\u017ce rozpocz\u0105\u0107 si\u0119 od zupe\u0142nych podstaw i zosta\u0107 dopasowany do Twojej kondycji oraz mo\u017cliwo\u015bci.<\/p>\n\n  <h3>Czy mog\u0119 trenowa\u0107 z partnerem lub blisk\u0105 osob\u0105?<\/h3>\n  <p>Tak. Zaj\u0119cia mog\u0105 odbywa\u0107 si\u0119 dla jednej osoby, pary albo ma\u0142ej grupy licz\u0105cej do czterech uczestnik\u00f3w.<\/p>\n\n  <h3>Czy termin jest narzucony z g\u00f3ry?<\/h3>\n  <p>Nie. Terminy trening\u00f3w indywidualnych s\u0105 ustalane bezpo\u015brednio z uczestnikiem.<\/p>\n\n  <h3>Czy mo\u017cna um\u00f3wi\u0107 trening z dojazdem?<\/h3>\n  <p>Tak. Zaj\u0119cia mog\u0105 by\u0107 realizowane z dojazdem do klienta na terenie Poznania i okolic, po wcze\u015bniejszym ustaleniu szczeg\u00f3\u0142\u00f3w.<\/p>\n<\/article>\n","protected":false},"excerpt":{"rendered":"<p>Pierwszy indywidualny trening samoobrony \u2013 jak wygl\u0105da i jak si\u0119 przygotowa\u0107? Indywidualny trening samoobrony pozwala dopasowa\u0107 tempo i program do konkretnej osoby. Pierwsze zaj\u0119cia samoobrony mog\u0105 wywo\u0142ywa\u0107 mieszank\u0119 ciekawo\u015bci i niepewno\u015bci. Osoba, kt\u00f3ra nigdy wcze\u015bniej nie trenowa\u0142a sport\u00f3w walki, cz\u0119sto zastanawia si\u0119, czy poradzi sobie z \u0107wiczeniami, czy potrzebuje dobrej kondycji i czy instruktor b\u0119dzie oczekiwa\u0142 od niej agresywnego zachowania. W formule indywidualnej wi\u0119kszo\u015b\u0107 tych obaw mo\u017cna szybko uporz\u0105dkowa\u0107, poniewa\u017c trening jest dopasowywany do uczestnika, a nie do tempa ca\u0142ej grupy. Pierwszy indywidualny trening samoobrony nie jest egzaminem sprawno\u015bci ani testem odwagi. To spotkanie, podczas kt\u00f3rego instruktor poznaje potrzeby uczestnika,&#8230; <\/p>\n","protected":false},"author":1,"featured_media":0,"comment_status":"open","ping_status":"open","sticky":false,"template":"","format":"standard","meta":{"ngg_post_thumbnail":0,"footnotes":""},"categories":[32],"tags":[],"class_list":["post-2590","post","type-post","status-publish","format-standard","hentry","category-bez-kategorii-pl"],"yoast_head":"<!-- This site is optimized with the Yoast SEO Premium plugin v26.6 (Yoast SEO v28.3) - https:\/\/yoast.com\/product\/yoast-seo-premium-wordpress\/ -->\n<title>Pierwszy indywidualny trening samoobrony w Poznaniu - Samoobrona Pozna\u0144<\/title>\n<meta name=\"description\" content=\"Jak wygl\u0105da pierwszy indywidualny trening samoobrony w Poznaniu? Sprawd\u017a, jak si\u0119 przygotowa\u0107 do pierwszego treningu 1:1!\" \/>\n<meta name=\"robots\" content=\"index, follow, max-snippet:-1, max-image-preview:large, max-video-preview:-1\" \/>\n<link rel=\"canonical\" href=\"https:\/\/www.samoobronapoznan.pl\/?p=2590\" \/>\n<meta property=\"og:locale\" content=\"pl_PL\" \/>\n<meta property=\"og:type\" content=\"article\" \/>\n<meta property=\"og:title\" content=\"Pierwszy indywidualny trening samoobrony w Poznaniu\" \/>\n<meta property=\"og:description\" content=\"Jak wygl\u0105da pierwszy indywidualny trening samoobrony w Poznaniu? Sprawd\u017a, jak si\u0119 przygotowa\u0107 do pierwszego treningu 1:1!\" \/>\n<meta property=\"og:url\" content=\"https:\/\/www.samoobronapoznan.pl\/?p=2590\" \/>\n<meta property=\"og:site_name\" content=\"Samoobrona Pozna\u0144\" \/>\n<meta property=\"article:publisher\" content=\"https:\/\/facebook.com\/samoobronapoznan\" \/>\n<meta property=\"article:published_time\" content=\"2026-08-12T16:37:37+00:00\" \/>\n<meta property=\"article:modified_time\" content=\"2026-08-12T16:37:39+00:00\" \/>\n<meta property=\"og:image\" content=\"https:\/\/www.samoobronapoznan.pl\/wp-content\/uploads\/2022\/09\/szymek.jpg\" \/>\n<meta name=\"author\" content=\"admin\" \/>\n<meta name=\"twitter:card\" content=\"summary_large_image\" \/>\n<meta name=\"twitter:label1\" content=\"Napisane przez\" \/>\n\t<meta name=\"twitter:data1\" content=\"admin\" \/>\n\t<meta name=\"twitter:label2\" content=\"Szacowany czas czytania\" \/>\n\t<meta name=\"twitter:data2\" content=\"9 minut\" \/>\n<script type=\"application\/ld+json\" class=\"yoast-schema-graph\">{\"@context\":\"https:\\\/\\\/schema.org\",\"@graph\":[{\"@type\":\"Article\",\"@id\":\"https:\\\/\\\/www.samoobronapoznan.pl\\\/?p=2590#article\",\"isPartOf\":{\"@id\":\"https:\\\/\\\/www.samoobronapoznan.pl\\\/?p=2590\"},\"author\":{\"name\":\"admin\",\"@id\":\"https:\\\/\\\/www.samoobronapoznan.pl\\\/#\\\/schema\\\/person\\\/4295d11d32ead72538b58864473ec48a\"},\"headline\":\"Pierwszy indywidualny trening samoobrony w Poznaniu\",\"datePublished\":\"2026-08-12T16:37:37+00:00\",\"dateModified\":\"2026-08-12T16:37:39+00:00\",\"mainEntityOfPage\":{\"@id\":\"https:\\\/\\\/www.samoobronapoznan.pl\\\/?p=2590\"},\"wordCount\":1595,\"commentCount\":0,\"publisher\":{\"@id\":\"https:\\\/\\\/www.samoobronapoznan.pl\\\/#organization\"},\"image\":{\"@id\":\"https:\\\/\\\/www.samoobronapoznan.pl\\\/?p=2590#primaryimage\"},\"thumbnailUrl\":\"https:\\\/\\\/www.samoobronapoznan.pl\\\/wp-content\\\/uploads\\\/2022\\\/09\\\/szymek.jpg\",\"inLanguage\":\"pl-PL\",\"potentialAction\":[{\"@type\":\"CommentAction\",\"name\":\"Comment\",\"target\":[\"https:\\\/\\\/www.samoobronapoznan.pl\\\/?p=2590#respond\"]}]},{\"@type\":\"WebPage\",\"@id\":\"https:\\\/\\\/www.samoobronapoznan.pl\\\/?p=2590\",\"url\":\"https:\\\/\\\/www.samoobronapoznan.pl\\\/?p=2590\",\"name\":\"Pierwszy indywidualny trening samoobrony w Poznaniu - Samoobrona Pozna\u0144\",\"isPartOf\":{\"@id\":\"https:\\\/\\\/www.samoobronapoznan.pl\\\/#website\"},\"primaryImageOfPage\":{\"@id\":\"https:\\\/\\\/www.samoobronapoznan.pl\\\/?p=2590#primaryimage\"},\"image\":{\"@id\":\"https:\\\/\\\/www.samoobronapoznan.pl\\\/?p=2590#primaryimage\"},\"thumbnailUrl\":\"https:\\\/\\\/www.samoobronapoznan.pl\\\/wp-content\\\/uploads\\\/2022\\\/09\\\/szymek.jpg\",\"datePublished\":\"2026-08-12T16:37:37+00:00\",\"dateModified\":\"2026-08-12T16:37:39+00:00\",\"description\":\"Jak wygl\u0105da pierwszy indywidualny trening samoobrony w Poznaniu? Sprawd\u017a, jak si\u0119 przygotowa\u0107 do pierwszego treningu 1:1!\",\"breadcrumb\":{\"@id\":\"https:\\\/\\\/www.samoobronapoznan.pl\\\/?p=2590#breadcrumb\"},\"inLanguage\":\"pl-PL\",\"potentialAction\":[{\"@type\":\"ReadAction\",\"target\":[\"https:\\\/\\\/www.samoobronapoznan.pl\\\/?p=2590\"]}]},{\"@type\":\"ImageObject\",\"inLanguage\":\"pl-PL\",\"@id\":\"https:\\\/\\\/www.samoobronapoznan.pl\\\/?p=2590#primaryimage\",\"url\":\"https:\\\/\\\/www.samoobronapoznan.pl\\\/wp-content\\\/uploads\\\/2022\\\/09\\\/szymek.jpg\",\"contentUrl\":\"https:\\\/\\\/www.samoobronapoznan.pl\\\/wp-content\\\/uploads\\\/2022\\\/09\\\/szymek.jpg\",\"width\":640,\"height\":480,\"caption\":\"treningi indywidualne poznan\"},{\"@type\":\"BreadcrumbList\",\"@id\":\"https:\\\/\\\/www.samoobronapoznan.pl\\\/?p=2590#breadcrumb\",\"itemListElement\":[{\"@type\":\"ListItem\",\"position\":1,\"name\":\"Strona g\u0142\u00f3wna\",\"item\":\"https:\\\/\\\/www.samoobronapoznan.pl\\\/\"},{\"@type\":\"ListItem\",\"position\":2,\"name\":\"Pierwszy indywidualny trening samoobrony w Poznaniu\"}]},{\"@type\":\"WebSite\",\"@id\":\"https:\\\/\\\/www.samoobronapoznan.pl\\\/#website\",\"url\":\"https:\\\/\\\/www.samoobronapoznan.pl\\\/\",\"name\":\"Samoobrona Pozna\u0144\",\"description\":\"Wielkopolskie Centrum Samoobrony i Bezpiecze\u0144stwa\",\"publisher\":{\"@id\":\"https:\\\/\\\/www.samoobronapoznan.pl\\\/#organization\"},\"potentialAction\":[{\"@type\":\"SearchAction\",\"target\":{\"@type\":\"EntryPoint\",\"urlTemplate\":\"https:\\\/\\\/www.samoobronapoznan.pl\\\/?s={search_term_string}\"},\"query-input\":{\"@type\":\"PropertyValueSpecification\",\"valueRequired\":true,\"valueName\":\"search_term_string\"}}],\"inLanguage\":\"pl-PL\"},{\"@type\":\"Organization\",\"@id\":\"https:\\\/\\\/www.samoobronapoznan.pl\\\/#organization\",\"name\":\"Wielkopolskie Centrum Samoobrony i Bezpiecze\u0144stwa Pozna\u0144\",\"url\":\"https:\\\/\\\/www.samoobronapoznan.pl\\\/\",\"logo\":{\"@type\":\"ImageObject\",\"inLanguage\":\"pl-PL\",\"@id\":\"https:\\\/\\\/www.samoobronapoznan.pl\\\/#\\\/schema\\\/logo\\\/image\\\/\",\"url\":\"https:\\\/\\\/www.samoobronapoznan.pl\\\/wp-content\\\/uploads\\\/2022\\\/09\\\/WCSIB.jpg\",\"contentUrl\":\"https:\\\/\\\/www.samoobronapoznan.pl\\\/wp-content\\\/uploads\\\/2022\\\/09\\\/WCSIB.jpg\",\"width\":960,\"height\":956,\"caption\":\"Wielkopolskie Centrum Samoobrony i Bezpiecze\u0144stwa Pozna\u0144\"},\"image\":{\"@id\":\"https:\\\/\\\/www.samoobronapoznan.pl\\\/#\\\/schema\\\/logo\\\/image\\\/\"},\"sameAs\":[\"https:\\\/\\\/facebook.com\\\/samoobronapoznan\",\"https:\\\/\\\/www.instagram.com\\\/wcsib_poznan\"],\"email\":\"kontakt@samoobronapoznan.pl\",\"telephone\":\"+48 727 907 468\"},{\"@type\":\"Person\",\"@id\":\"https:\\\/\\\/www.samoobronapoznan.pl\\\/#\\\/schema\\\/person\\\/4295d11d32ead72538b58864473ec48a\",\"name\":\"admin\",\"image\":{\"@type\":\"ImageObject\",\"inLanguage\":\"pl-PL\",\"@id\":\"https:\\\/\\\/secure.gravatar.com\\\/avatar\\\/e40200dd69d1dc87a1ec24cf10423bb23d5e71333e5a5c3367457b193bf803f8?s=96&d=mm&r=g\",\"url\":\"https:\\\/\\\/secure.gravatar.com\\\/avatar\\\/e40200dd69d1dc87a1ec24cf10423bb23d5e71333e5a5c3367457b193bf803f8?s=96&d=mm&r=g\",\"contentUrl\":\"https:\\\/\\\/secure.gravatar.com\\\/avatar\\\/e40200dd69d1dc87a1ec24cf10423bb23d5e71333e5a5c3367457b193bf803f8?s=96&d=mm&r=g\",\"caption\":\"admin\"},\"sameAs\":[\"https:\\\/\\\/www.samoobronapoznan.pl\"],\"url\":\"https:\\\/\\\/www.samoobronapoznan.pl\\\/?author=1\"}]}<\/script>\n<!-- \/ Yoast SEO Premium plugin. -->","yoast_head_json":{"title":"Pierwszy indywidualny trening samoobrony w Poznaniu - Samoobrona Pozna\u0144","description":"Jak wygl\u0105da pierwszy indywidualny trening samoobrony w Poznaniu? Sprawd\u017a, jak si\u0119 przygotowa\u0107 do pierwszego treningu 1:1!","robots":{"index":"index","follow":"follow","max-snippet":"max-snippet:-1","max-image-preview":"max-image-preview:large","max-video-preview":"max-video-preview:-1"},"canonical":"https:\/\/www.samoobronapoznan.pl\/?p=2590","og_locale":"pl_PL","og_type":"article","og_title":"Pierwszy indywidualny trening samoobrony w Poznaniu","og_description":"Jak wygl\u0105da pierwszy indywidualny trening samoobrony w Poznaniu? Sprawd\u017a, jak si\u0119 przygotowa\u0107 do pierwszego treningu 1:1!","og_url":"https:\/\/www.samoobronapoznan.pl\/?p=2590","og_site_name":"Samoobrona Pozna\u0144","article_publisher":"https:\/\/facebook.com\/samoobronapoznan","article_published_time":"2026-08-12T16:37:37+00:00","article_modified_time":"2026-08-12T16:37:39+00:00","og_image":[{"url":"https:\/\/www.samoobronapoznan.pl\/wp-content\/uploads\/2022\/09\/szymek.jpg","type":"","width":"","height":""}],"author":"admin","twitter_card":"summary_large_image","twitter_misc":{"Napisane przez":"admin","Szacowany czas czytania":"9 minut"},"schema":{"@context":"https:\/\/schema.org","@graph":[{"@type":"Article","@id":"https:\/\/www.samoobronapoznan.pl\/?p=2590#article","isPartOf":{"@id":"https:\/\/www.samoobronapoznan.pl\/?p=2590"},"author":{"name":"admin","@id":"https:\/\/www.samoobronapoznan.pl\/#\/schema\/person\/4295d11d32ead72538b58864473ec48a"},"headline":"Pierwszy indywidualny trening samoobrony w Poznaniu","datePublished":"2026-08-12T16:37:37+00:00","dateModified":"2026-08-12T16:37:39+00:00","mainEntityOfPage":{"@id":"https:\/\/www.samoobronapoznan.pl\/?p=2590"},"wordCount":1595,"commentCount":0,"publisher":{"@id":"https:\/\/www.samoobronapoznan.pl\/#organization"},"image":{"@id":"https:\/\/www.samoobronapoznan.pl\/?p=2590#primaryimage"},"thumbnailUrl":"https:\/\/www.samoobronapoznan.pl\/wp-content\/uploads\/2022\/09\/szymek.jpg","inLanguage":"pl-PL","potentialAction":[{"@type":"CommentAction","name":"Comment","target":["https:\/\/www.samoobronapoznan.pl\/?p=2590#respond"]}]},{"@type":"WebPage","@id":"https:\/\/www.samoobronapoznan.pl\/?p=2590","url":"https:\/\/www.samoobronapoznan.pl\/?p=2590","name":"Pierwszy indywidualny trening samoobrony w Poznaniu - Samoobrona Pozna\u0144","isPartOf":{"@id":"https:\/\/www.samoobronapoznan.pl\/#website"},"primaryImageOfPage":{"@id":"https:\/\/www.samoobronapoznan.pl\/?p=2590#primaryimage"},"image":{"@id":"https:\/\/www.samoobronapoznan.pl\/?p=2590#primaryimage"},"thumbnailUrl":"https:\/\/www.samoobronapoznan.pl\/wp-content\/uploads\/2022\/09\/szymek.jpg","datePublished":"2026-08-12T16:37:37+00:00","dateModified":"2026-08-12T16:37:39+00:00","description":"Jak wygl\u0105da pierwszy indywidualny trening samoobrony w Poznaniu? Sprawd\u017a, jak si\u0119 przygotowa\u0107 do pierwszego treningu 1:1!","breadcrumb":{"@id":"https:\/\/www.samoobronapoznan.pl\/?p=2590#breadcrumb"},"inLanguage":"pl-PL","potentialAction":[{"@type":"ReadAction","target":["https:\/\/www.samoobronapoznan.pl\/?p=2590"]}]},{"@type":"ImageObject","inLanguage":"pl-PL","@id":"https:\/\/www.samoobronapoznan.pl\/?p=2590#primaryimage","url":"https:\/\/www.samoobronapoznan.pl\/wp-content\/uploads\/2022\/09\/szymek.jpg","contentUrl":"https:\/\/www.samoobronapoznan.pl\/wp-content\/uploads\/2022\/09\/szymek.jpg","width":640,"height":480,"caption":"treningi indywidualne poznan"},{"@type":"BreadcrumbList","@id":"https:\/\/www.samoobronapoznan.pl\/?p=2590#breadcrumb","itemListElement":[{"@type":"ListItem","position":1,"name":"Strona g\u0142\u00f3wna","item":"https:\/\/www.samoobronapoznan.pl\/"},{"@type":"ListItem","position":2,"name":"Pierwszy indywidualny trening samoobrony w Poznaniu"}]},{"@type":"WebSite","@id":"https:\/\/www.samoobronapoznan.pl\/#website","url":"https:\/\/www.samoobronapoznan.pl\/","name":"Samoobrona Pozna\u0144","description":"Wielkopolskie Centrum Samoobrony i Bezpiecze\u0144stwa","publisher":{"@id":"https:\/\/www.samoobronapoznan.pl\/#organization"},"potentialAction":[{"@type":"SearchAction","target":{"@type":"EntryPoint","urlTemplate":"https:\/\/www.samoobronapoznan.pl\/?s={search_term_string}"},"query-input":{"@type":"PropertyValueSpecification","valueRequired":true,"valueName":"search_term_string"}}],"inLanguage":"pl-PL"},{"@type":"Organization","@id":"https:\/\/www.samoobronapoznan.pl\/#organization","name":"Wielkopolskie Centrum Samoobrony i Bezpiecze\u0144stwa Pozna\u0144","url":"https:\/\/www.samoobronapoznan.pl\/","logo":{"@type":"ImageObject","inLanguage":"pl-PL","@id":"https:\/\/www.samoobronapoznan.pl\/#\/schema\/logo\/image\/","url":"https:\/\/www.samoobronapoznan.pl\/wp-content\/uploads\/2022\/09\/WCSIB.jpg","contentUrl":"https:\/\/www.samoobronapoznan.pl\/wp-content\/uploads\/2022\/09\/WCSIB.jpg","width":960,"height":956,"caption":"Wielkopolskie Centrum Samoobrony i Bezpiecze\u0144stwa Pozna\u0144"},"image":{"@id":"https:\/\/www.samoobronapoznan.pl\/#\/schema\/logo\/image\/"},"sameAs":["https:\/\/facebook.com\/samoobronapoznan","https:\/\/www.instagram.com\/wcsib_poznan"],"email":"kontakt@samoobronapoznan.pl","telephone":"+48 727 907 468"},{"@type":"Person","@id":"https:\/\/www.samoobronapoznan.pl\/#\/schema\/person\/4295d11d32ead72538b58864473ec48a","name":"admin","image":{"@type":"ImageObject","inLanguage":"pl-PL","@id":"https:\/\/secure.gravatar.com\/avatar\/e40200dd69d1dc87a1ec24cf10423bb23d5e71333e5a5c3367457b193bf803f8?s=96&d=mm&r=g","url":"https:\/\/secure.gravatar.com\/avatar\/e40200dd69d1dc87a1ec24cf10423bb23d5e71333e5a5c3367457b193bf803f8?s=96&d=mm&r=g","contentUrl":"https:\/\/secure.gravatar.com\/avatar\/e40200dd69d1dc87a1ec24cf10423bb23d5e71333e5a5c3367457b193bf803f8?s=96&d=mm&r=g","caption":"admin"},"sameAs":["https:\/\/www.samoobronapoznan.pl"],"url":"https:\/\/www.samoobronapoznan.pl\/?author=1"}]}},"_links":{"self":[{"href":"https:\/\/www.samoobronapoznan.pl\/index.php?rest_route=\/wp\/v2\/posts\/2590","targetHints":{"allow":["GET"]}}],"collection":[{"href":"https:\/\/www.samoobronapoznan.pl\/index.php?rest_route=\/wp\/v2\/posts"}],"about":[{"href":"https:\/\/www.samoobronapoznan.pl\/index.php?rest_route=\/wp\/v2\/types\/post"}],"author":[{"embeddable":true,"href":"https:\/\/www.samoobronapoznan.pl\/index.php?rest_route=\/wp\/v2\/users\/1"}],"replies":[{"embeddable":true,"href":"https:\/\/www.samoobronapoznan.pl\/index.php?rest_route=%2Fwp%2Fv2%2Fcomments&post=2590"}],"version-history":[{"count":1,"href":"https:\/\/www.samoobronapoznan.pl\/index.php?rest_route=\/wp\/v2\/posts\/2590\/revisions"}],"predecessor-version":[{"id":2591,"href":"https:\/\/www.samoobronapoznan.pl\/index.php?rest_route=\/wp\/v2\/posts\/2590\/revisions\/2591"}],"wp:attachment":[{"href":"https:\/\/www.samoobronapoznan.pl\/index.php?rest_route=%2Fwp%2Fv2%2Fmedia&parent=2590"}],"wp:term":[{"taxonomy":"category","embeddable":true,"href":"https:\/\/www.samoobronapoznan.pl\/index.php?rest_route=%2Fwp%2Fv2%2Fcategories&post=2590"},{"taxonomy":"post_tag","embeddable":true,"href":"https:\/\/www.samoobronapoznan.pl\/index.php?rest_route=%2Fwp%2Fv2%2Ftags&post=2590"}],"curies":[{"name":"wp","href":"https:\/\/api.w.org\/{rel}","templated":true}]}}